{"id":2485,"date":"2025-01-14T21:46:25","date_gmt":"2025-01-14T20:46:25","guid":{"rendered":"https:\/\/sfpe-at.com\/?p=2485"},"modified":"2025-03-19T14:35:14","modified_gmt":"2025-03-19T13:35:14","slug":"la-psychiatrie-et-son-theatre","status":"publish","type":"post","link":"https:\/\/bibliotheque-sfpe-at.com\/index.php\/2025\/01\/14\/la-psychiatrie-et-son-theatre\/","title":{"rendered":"La psychiatrie et son th\u00e9\u00e2tre"},"content":{"rendered":"\n<p><\/p>\n\n\n\n<div class=\"wp-block-columns is-layout-flex wp-container-core-columns-is-layout-28f84493 wp-block-columns-is-layout-flex\">\n<div class=\"wp-block-column is-layout-flow wp-block-column-is-layout-flow\" style=\"flex-basis:66.66%\">\n<p>Le secteur de Levallois-Perret anime depuis 1981 un atelier-th\u00e9\u00e2tre promu par le Docteur Jean-Jacques Gausse! qui fonda le Festival d&rsquo;Ile-de-France d&rsquo;art, th\u00e9\u00e2tre et psychiatrie en 1986. Durant toutes les ann\u00e9es o\u00f9 j&rsquo;ai assur\u00e9 la responsabilit\u00e9 de ce secteur, j&rsquo;ai p\u00e9rennis\u00e9 cette activit\u00e9, devenue une sorte d&rsquo;image de marque du secteur.<br>Je n&rsquo;ai, toutefois, aucune qualit\u00e9 pour th\u00e9oriser le th\u00e9\u00e2tre comme art-th\u00e9rapie. Je le consid\u00e8re, en revanche, comme \u00e9tant plus int\u00e9ressant, mais aussi plus d\u00e9licat \u00e0 manier que d&rsquo;autres tech-niques, raison pour laquelle les soignants qui animent cet atelier sont particuli\u00e8rement attentifs aux effets imaginaires produits par leur propre implication dans le jeu, d&rsquo;autant que chaque spectacle est \u00e9labor\u00e9 avec les patients, qui en d\u00e9finissent le synopsis et en \u00e9crivent tout ou partie. Mon int\u00e9r\u00eat est centr\u00e9 sur la notion de re-pr\u00e9sentation th\u00e9\u00e2trale.<br>Cet int\u00e9r\u00eat remonte au tout d\u00e9but de mon parcours en psychiatrie. Et d&rsquo;abord, au Marat-Sade de Peter Weiss, que j&rsquo;avais vu repr\u00e9sent\u00e9 au th\u00e9\u00e2tre Sarah Bernhardt en 1966. J&rsquo;avais d\u00e9j\u00e0 choisi de devenir psychiatre, mais je n&rsquo;avais encore jamais mis les pieds dans ce qu&rsquo;on appelait alors: un HP. Ce spectacle m&rsquo;\u00e9tait apparu comme illustrant bien mieux la naissance de la psychiatrie que le c\u00e9l\u00e8bre tableau de Muller repr\u00e9sentant Pinel d\u00e9tachant les malades de Bic\u00eatre. C&rsquo;\u00e9tait en effet \u00e0 Charenton qu&rsquo;Esquirol allait mettre en place le traitement moral de la folie pr\u00e9conis\u00e9 par Pinel, pour en finir avec le laxisme instaur\u00e9 par le directeur, Fran\u00e7ois Simonet de Coulmier, complice des extravagances du Marquis de Sade.<br>En effet, comment aurait-il \u00e9t\u00e9 possible, sans cette complicit\u00e9, de laisser s&rsquo;installer, dans un \u00e9tablissement, qui allait bient\u00f4t servir de mod\u00e8le \u00e0 tous les asiles de France, une activit\u00e9 dont le succ\u00e8s en ferait, \u00e0 certains \u00e9gards, l&rsquo;\u00e9quivalent de ce que suscitera, presque deux si\u00e8cles plus tard, l&rsquo;aventure d&rsquo;Ariane Mnouchkine, au fin fond du Bois de Vincennes. N&rsquo;est-ce pas, du reste, au ch\u00e2teau de Vincennes que Sade connut sa premi\u00e8re longue d\u00e9tention et n&rsquo;est-ce pas avec 1789 qu&rsquo;Ariane Mnouchkine inaugura, en plein hiver de l&rsquo;an 1970, l&rsquo;installation du Th\u00e9\u00e2tre du Soleil dans sa cartouche-rie, ranimant cette R\u00e9volution dont Sade avait \u00e9t\u00e9 un des acteurs, ayant occup\u00e9 en 1793 les fonctions de secr\u00e9taire, puis de pr\u00e9sident de la Section des Piques, au nom de laquelle il r\u00e9digea et pronon\u00e7a un Discours aux m\u00e2nes de Marat, apr\u00e8s l&rsquo;assassinat de celui-ci.<\/p>\n\n\n\n<p><br><\/p>\n\n\n\n<p class=\"has-text-color has-link-color wp-elements-0c5dd61414d2cb4c88e3596780dedeb0\" style=\"color:#2753a5\"><strong><em>Pour lire le texte complet <a href=\"\/index.php\/options-dinscription\/\"><mark style=\"background-color:rgba(0, 0, 0, 0)\" class=\"has-inline-color has-vivid-cyan-blue-color\">s&rsquo;inscrire<\/mark><\/a> ou <a href=\"\/index.php\/my-account\/edit-account\/\"><mark style=\"background-color:rgba(0, 0, 0, 0)\" class=\"has-inline-color has-vivid-cyan-blue-color\">se connecter<\/mark><\/a><\/em><\/strong><\/p>\n\n\n\n\n\n<div style=\"height:100px\" aria-hidden=\"true\" class=\"wp-block-spacer\"><\/div>\n\n\n\n<div class=\"wp-block-buttons is-content-justification-center is-layout-flex wp-container-core-buttons-is-layout-a89b3969 wp-block-buttons-is-layout-flex\">\n<div class=\"wp-block-button has-custom-font-size has-small-font-size\"><a class=\"wp-block-button__link has-vivid-red-background-color has-background wp-element-button\" href=\"\/index.php\/2025\/01\/14\/art-sante-mentale-citoyennete\/\">&lt;&#8211; retour<\/a><\/div>\n<\/div>\n<\/div>\n\n\n\n<div class=\"wp-block-column is-layout-flow wp-block-column-is-layout-flow\" style=\"flex-basis:33.33%\">\n<figure class=\"wp-block-table\"><table class=\"has-background\" style=\"background-color:#f8f2f2\"><thead><tr><th><mark class=\"has-inline-color has-vivid-red-color\" style=\"background-color: rgba(0, 0, 0, 0);\"><strong>Auteur<\/strong><\/mark><\/th><\/tr><\/thead><tbody><tr><td><strong>Claude L\u00e9ger<\/strong><\/td><\/tr><\/tbody><\/table><\/figure>\n\n\n\n<figure class=\"wp-block-table\"><table><thead><tr><th><mark class=\"has-inline-color has-vivid-red-color\" style=\"background-color: rgba(0, 0, 0, 0);\"><strong>R\u00e9f\u00e9rence<\/strong><\/mark><\/th><\/tr><\/thead><tbody><tr><td><strong>RA005-10<\/strong><br><strong>Art, Sant\u00e9 mentale et Citoyennet\u00e9<\/strong><br>Journ\u00e9es de Printemps 2014<\/td><\/tr><\/tbody><\/table><\/figure>\n\n\n\n<figure class=\"wp-block-table\"><table><thead><tr><th><mark class=\"has-inline-color has-vivid-red-color\" style=\"background-color: rgba(0, 0, 0, 0);\"><strong>Cat\u00e9gories<\/strong><\/mark><\/th><\/tr><\/thead><tbody><tr><td>Psychiatrie<br>Histoire<br>Th\u00e9\u00e2tre<br>Mus\u00e9es, expositions, spectacles<\/td><\/tr><\/tbody><\/table><\/figure>\n<\/div>\n<\/div>\n","protected":false},"excerpt":{"rendered":"<p>Le secteur de Levallois-Perret anime depuis 1981 un atelier-th\u00e9\u00e2tre promu par le Docteur Jean-Jacques Gausse! qui fonda le Festival d&rsquo;Ile-de-France d&rsquo;art, th\u00e9\u00e2tre et psychiatrie en 1986. Durant toutes les ann\u00e9es o\u00f9 j&rsquo;ai assur\u00e9 la responsabilit\u00e9 de ce secteur, j&rsquo;ai p\u00e9rennis\u00e9 cette activit\u00e9, devenue une sorte d&rsquo;image de marque du secteur.Je&hellip;<\/p>\n","protected":false},"author":2,"featured_media":0,"comment_status":"closed","ping_status":"open","sticky":false,"template":"","format":"standard","meta":{"pmpro_default_level":"","ngg_post_thumbnail":0,"footnotes":""},"categories":[572],"tags":[576,575,571,574,573,504],"class_list":["post-2485","post","type-post","status-publish","format-standard","hentry","category-leger-claude","tag-art-sante-mentale-citoyennete","tag-histoire","tag-musees-expositions-spectacles","tag-psychiatrie","tag-ra005-10","tag-theatre","pmpro-has-access"],"_links":{"self":[{"href":"https:\/\/bibliotheque-sfpe-at.com\/index.php\/wp-json\/wp\/v2\/posts\/2485","targetHints":{"allow":["GET"]}}],"collection":[{"href":"https:\/\/bibliotheque-sfpe-at.com\/index.php\/wp-json\/wp\/v2\/posts"}],"about":[{"href":"https:\/\/bibliotheque-sfpe-at.com\/index.php\/wp-json\/wp\/v2\/types\/post"}],"author":[{"embeddable":true,"href":"https:\/\/bibliotheque-sfpe-at.com\/index.php\/wp-json\/wp\/v2\/users\/2"}],"replies":[{"embeddable":true,"href":"https:\/\/bibliotheque-sfpe-at.com\/index.php\/wp-json\/wp\/v2\/comments?post=2485"}],"version-history":[{"count":4,"href":"https:\/\/bibliotheque-sfpe-at.com\/index.php\/wp-json\/wp\/v2\/posts\/2485\/revisions"}],"predecessor-version":[{"id":4415,"href":"https:\/\/bibliotheque-sfpe-at.com\/index.php\/wp-json\/wp\/v2\/posts\/2485\/revisions\/4415"}],"wp:attachment":[{"href":"https:\/\/bibliotheque-sfpe-at.com\/index.php\/wp-json\/wp\/v2\/media?parent=2485"}],"wp:term":[{"taxonomy":"category","embeddable":true,"href":"https:\/\/bibliotheque-sfpe-at.com\/index.php\/wp-json\/wp\/v2\/categories?post=2485"},{"taxonomy":"post_tag","embeddable":true,"href":"https:\/\/bibliotheque-sfpe-at.com\/index.php\/wp-json\/wp\/v2\/tags?post=2485"}],"curies":[{"name":"wp","href":"https:\/\/api.w.org\/{rel}","templated":true}]}}