{"id":2490,"date":"2025-01-15T14:01:57","date_gmt":"2025-01-15T13:01:57","guid":{"rendered":"https:\/\/sfpe-at.com\/?p=2490"},"modified":"2025-03-19T14:35:41","modified_gmt":"2025-03-19T13:35:41","slug":"temoignages-citoyens-de-participants-aux-ateliers-darts-et-therapie-de-clermont","status":"publish","type":"post","link":"https:\/\/bibliotheque-sfpe-at.com\/index.php\/2025\/01\/15\/temoignages-citoyens-de-participants-aux-ateliers-darts-et-therapie-de-clermont\/","title":{"rendered":"T\u00e9moignages citoyens de participants aux ateliers d&rsquo;arts et th\u00e9rapie de Clermont"},"content":{"rendered":"\n<p><\/p>\n\n\n\n<div class=\"wp-block-columns is-layout-flex wp-container-core-columns-is-layout-28f84493 wp-block-columns-is-layout-flex\">\n<div class=\"wp-block-column is-layout-flow wp-block-column-is-layout-flow\" style=\"flex-basis:66.66%\">\n<p>Je fr\u00e9quente les ateliers d&rsquo;art et th\u00e9rapie depuis six ans. Je souffre de d\u00e9pressions r\u00e9currentes depuis longtemps. J&rsquo;ai \u00e9t\u00e9 hospitalis\u00e9e pour la premi\u00e8re fois \u00e0 la fin de mon adolescence. J&rsquo;ai \u00e9t\u00e9 enseignante en coll\u00e8ge pendant 30 ans et j&rsquo;ai pu difficilement aller au bout de ma carri\u00e8re, entrecoup\u00e9e d&rsquo;hospitalisations et de cong\u00e9s.<br>Je suis \u00e0 la retraite depuis sept ans. J&rsquo;habitais un petit village o\u00f9 il n&rsquo;y avait rien. Au cours des deux premi\u00e8res ann\u00e9es, je me suis peu \u00e0 peu isol\u00e9e. Mon psychiatre m&rsquo;a alors conseill\u00e9 ces ateliers.<br>Ce que j&rsquo;y ai trouv\u00e9 d\u00e8s le premier abord, c&rsquo;est un r\u00e9el accueil. J&rsquo;en profite pour remercier l&rsquo;\u00e9quipe d&rsquo;Arts et Th\u00e9rapie au complet pour l&rsquo;humanit\u00e9 dont ils font preuve.<br>J&rsquo;ai commenc\u00e9 d&#8217;embl\u00e9e avec trois ateliers : en musique, en structures souples et en \u00e9criture. L&rsquo;ann\u00e9e suivante, j&rsquo;ai remplac\u00e9 la musique par la sculpture. Ces ateliers sont dirig\u00e9s par des artistes professionnels. Ils nous procurent des conseils judicieux, nous respectent, manifestent de l&#8217;empathie et nous permettent de progresser. On a l&rsquo;impression \u00e0 leur contact d&rsquo;\u00eatre un peu des artistes nous-m\u00eames.<br>Que ce soit avec les artistes, le personnel, les camarades qui participent aux ateliers, on est dans un climat de respect et de confiance. On ne craint pas les jugements qu&rsquo;on peut percevoir ailleurs. Je fais un atelier th\u00e9\u00e2tre hors cadre th\u00e9rapeutique depuis plus de dix ans. J&rsquo;aime beaucoup cette activit\u00e9, mais quand je ne vais pas bien, j&rsquo;y suis mal \u00e0 l&rsquo;aise. Je me sens nulle \u00e0 c\u00f4t\u00e9 des autres, inconsistante et pour finir, je n&rsquo;y vais pas. \u00c7a ne m&rsquo;arrive jamais quand je suis en art-th\u00e9rapie; ici, j&rsquo;ai toujours l&rsquo;impression d&rsquo;\u00eatre quelqu&rsquo;un. Il y a deux ans et demi, mes filles m&rsquo;ont convaincue de d\u00e9m\u00e9nager car le logement que j&rsquo;occupais devenait insalubre. Je suis partie dans le sud de l&rsquo;Aisne me rapprochant de mon atelier th\u00e9\u00e2tre. J&rsquo;ai demand\u00e9 au Dr Catonn\u00e9 de continuer l&rsquo;art-th\u00e9rapie \u00e0 Clermont une semaine sur deux, ce qu&rsquo;il a accept\u00e9. Je fais deux heures de route pour venir faire l&rsquo;atelier de sculpture, de m\u00eame pour le retour, mais je ne suis jamais absente et j&rsquo;attends toujours ce moment avec joie. Je suis plus pr\u00e8s de l&rsquo;endroit o\u00f9 je fais du th\u00e9\u00e2tre et il m&rsquo;arrive encore de m&rsquo;absenter, si je ne vais pas bien et si ma pr\u00e9sence n&rsquo;est pas indispensable.<\/p>\n\n\n\n<p><br><\/p>\n\n\n\n<p class=\"has-text-color has-link-color wp-elements-0c5dd61414d2cb4c88e3596780dedeb0\" style=\"color:#2753a5\"><strong><em>Pour lire le texte complet <a href=\"\/index.php\/options-dinscription\/\"><mark style=\"background-color:rgba(0, 0, 0, 0)\" class=\"has-inline-color has-vivid-cyan-blue-color\">s&rsquo;inscrire<\/mark><\/a> ou <a href=\"\/index.php\/my-account\/edit-account\/\"><mark style=\"background-color:rgba(0, 0, 0, 0)\" class=\"has-inline-color has-vivid-cyan-blue-color\">se connecter<\/mark><\/a><\/em><\/strong><\/p>\n\n\n\n\n\n<div style=\"height:100px\" aria-hidden=\"true\" class=\"wp-block-spacer\"><\/div>\n\n\n\n<div class=\"wp-block-buttons is-content-justification-center is-layout-flex wp-container-core-buttons-is-layout-a89b3969 wp-block-buttons-is-layout-flex\">\n<div class=\"wp-block-button has-custom-font-size has-small-font-size\"><a class=\"wp-block-button__link has-vivid-red-background-color has-background wp-element-button\" href=\"\/index.php\/2025\/01\/14\/art-sante-mentale-citoyennete\/\">&lt;&#8211; retour<\/a><\/div>\n<\/div>\n<\/div>\n\n\n\n<div class=\"wp-block-column is-layout-flow wp-block-column-is-layout-flow\" style=\"flex-basis:33.33%\">\n<figure class=\"wp-block-table\"><table class=\"has-background\" style=\"background-color:#f8f2f2\"><thead><tr><th><mark class=\"has-inline-color has-vivid-red-color\" style=\"background-color: rgba(0, 0, 0, 0);\"><strong>Auteur<\/strong><\/mark><\/th><\/tr><\/thead><tbody><tr><td><strong>Jacqueline Auclair<\/strong><br><strong>Roselyne Braure <br>Richard-Alexandre Wittelson<\/strong><\/td><\/tr><\/tbody><\/table><\/figure>\n\n\n\n<figure class=\"wp-block-table\"><table><thead><tr><th><mark class=\"has-inline-color has-vivid-red-color\" style=\"background-color: rgba(0, 0, 0, 0);\"><strong>R\u00e9f\u00e9rence<\/strong><\/mark><\/th><\/tr><\/thead><tbody><tr><td><strong>RA005-11<\/strong><br><strong>Art, Sant\u00e9 mentale et Citoyennet\u00e9<\/strong><br>Journ\u00e9es de Printemps 2014<\/td><\/tr><\/tbody><\/table><\/figure>\n\n\n\n<figure class=\"wp-block-table\"><table><thead><tr><th><mark class=\"has-inline-color has-vivid-red-color\" style=\"background-color: rgba(0, 0, 0, 0);\"><strong>Cat\u00e9gories<\/strong><\/mark><\/th><\/tr><\/thead><tbody><tr><td>Art-th\u00e9rapie<br>Arts pluriels<br>\u00c9valuation<\/td><\/tr><\/tbody><\/table><\/figure>\n<\/div>\n<\/div>\n","protected":false},"excerpt":{"rendered":"<p>Je fr\u00e9quente les ateliers d&rsquo;art et th\u00e9rapie depuis six ans. Je souffre de d\u00e9pressions r\u00e9currentes depuis longtemps. J&rsquo;ai \u00e9t\u00e9 hospitalis\u00e9e pour la premi\u00e8re fois \u00e0 la fin de mon adolescence. J&rsquo;ai \u00e9t\u00e9 enseignante en coll\u00e8ge pendant 30 ans et j&rsquo;ai pu difficilement aller au bout de ma carri\u00e8re, entrecoup\u00e9e d&rsquo;hospitalisations&hellip;<\/p>\n","protected":false},"author":2,"featured_media":0,"comment_status":"closed","ping_status":"open","sticky":false,"template":"","format":"standard","meta":{"pmpro_default_level":"","ngg_post_thumbnail":0,"footnotes":""},"categories":[1],"tags":[576,492,569,561,577],"class_list":["post-2490","post","type-post","status-publish","format-standard","hentry","category-non-classe","tag-art-sante-mentale-citoyennete","tag-art-therapie","tag-arts-pluriels","tag-evaluation","tag-ra005-11","pmpro-has-access"],"_links":{"self":[{"href":"https:\/\/bibliotheque-sfpe-at.com\/index.php\/wp-json\/wp\/v2\/posts\/2490","targetHints":{"allow":["GET"]}}],"collection":[{"href":"https:\/\/bibliotheque-sfpe-at.com\/index.php\/wp-json\/wp\/v2\/posts"}],"about":[{"href":"https:\/\/bibliotheque-sfpe-at.com\/index.php\/wp-json\/wp\/v2\/types\/post"}],"author":[{"embeddable":true,"href":"https:\/\/bibliotheque-sfpe-at.com\/index.php\/wp-json\/wp\/v2\/users\/2"}],"replies":[{"embeddable":true,"href":"https:\/\/bibliotheque-sfpe-at.com\/index.php\/wp-json\/wp\/v2\/comments?post=2490"}],"version-history":[{"count":2,"href":"https:\/\/bibliotheque-sfpe-at.com\/index.php\/wp-json\/wp\/v2\/posts\/2490\/revisions"}],"predecessor-version":[{"id":4416,"href":"https:\/\/bibliotheque-sfpe-at.com\/index.php\/wp-json\/wp\/v2\/posts\/2490\/revisions\/4416"}],"wp:attachment":[{"href":"https:\/\/bibliotheque-sfpe-at.com\/index.php\/wp-json\/wp\/v2\/media?parent=2490"}],"wp:term":[{"taxonomy":"category","embeddable":true,"href":"https:\/\/bibliotheque-sfpe-at.com\/index.php\/wp-json\/wp\/v2\/categories?post=2490"},{"taxonomy":"post_tag","embeddable":true,"href":"https:\/\/bibliotheque-sfpe-at.com\/index.php\/wp-json\/wp\/v2\/tags?post=2490"}],"curies":[{"name":"wp","href":"https:\/\/api.w.org\/{rel}","templated":true}]}}