{"id":2497,"date":"2025-01-15T15:17:35","date_gmt":"2025-01-15T14:17:35","guid":{"rendered":"https:\/\/sfpe-at.com\/?p=2497"},"modified":"2025-03-19T14:36:52","modified_gmt":"2025-03-19T13:36:52","slug":"les-favorables-ou-funestes-auspices-de-hospitalite-en-psychiatrie","status":"publish","type":"post","link":"https:\/\/bibliotheque-sfpe-at.com\/index.php\/2025\/01\/15\/les-favorables-ou-funestes-auspices-de-hospitalite-en-psychiatrie\/","title":{"rendered":"Les favorables ou funestes auspices de hospitalit\u00e9 en psychiatrie"},"content":{"rendered":"\n<p><em>\u00ab L&rsquo;homme est de plus en plus absent de la psychiatrie, mais peu s&rsquo;en aper\u00e7oivent parce que l&rsquo;homme est de plus en plus absent de l&rsquo;homme \u00bb<br>Henry Maldiney.<\/em><\/p>\n\n\n\n<div class=\"wp-block-columns is-layout-flex wp-container-core-columns-is-layout-28f84493 wp-block-columns-is-layout-flex\">\n<div class=\"wp-block-column is-layout-flow wp-block-column-is-layout-flow\" style=\"flex-basis:66.66%\">\n<p>L&rsquo;id\u00e9e du titre de cette communication m&rsquo;est venue au moment o\u00f9 Jean-Philippe Catonn\u00e9 m&rsquo;a sollicit\u00e9. Les Trois \u00ab domaines \u00bb du titre, art, sant\u00e9 mentale et citoyennet\u00e9 correspondent bien \u00e0 mes pr\u00e9occupations habituelles. Je trouve amusant de jouer sur le terme d&rsquo;auspice, d&rsquo;envisager qu&rsquo;il y a en l&rsquo;occurrence du bon et du mauvais dans la mise en \u00ab \u0153uvre des pratiques artistiques et culturelles dans un h\u00f4pital psychiatrique. Et auspice, hospice, hospitalit\u00e9 me semblent des mots int\u00e9ressants \u00e0 \u00ab frotter \u00bb. Et puis les auspices am\u00e8nent \u00e0 prendre un peu de recul, pour voir plus loin alors que nous sommes sur place , avec une actualit\u00e9 dans laquelle nous sommes. Nous introduisons ainsi l&rsquo;id\u00e9e d&rsquo;un cheminement \u00e0 venir, d&rsquo;un avenir possible mais ouvert. Cela (re)met de la chronologie, de l&rsquo;historicit\u00e9 \u00e0 l&rsquo;instar de la \u00ab d\u00e9marche \u00bb \u00e9pist\u00e9mologique (auspicet\u00e9mologique !) pour les \u00ab sciences \u00bb\u2026 <br>Premi\u00e8re remarque : le passage \u00e0 l&rsquo;acte, plus pr\u00e9cis\u00e9ment le passage aux mots, \u00e0 la formulation du titre, quoique peut-\u00eatre peu convenable, est tout de m\u00eame le lot habituel, en tous les cas dans ma pratique : l\u2019intuition et m\u00eame, l&rsquo;intervention, viennent souvent avant d&rsquo;en avoir compl\u00e8tement \u00abraisonn\u00e9\u00bb le contenu. Le titre n&rsquo;est pas formul\u00e9, une fois le texte achev\u00e9, (ce ne serait d&rsquo;ailleurs probablement plus tout \u00e0 fait le m\u00eame, nous verrons) mais il pr\u00e9-c\u00e8de, il anticipe ce qui va s&rsquo;\u00e9crire. Il ne s&rsquo;agit pas d&rsquo;inconscience (au sens freudien, peut-\u00eatre au sens commun) mais d&rsquo;un risque pris \u00e0 se laisser surprendre dans le cheminement d&rsquo;une r\u00e9flexion&rsquo; \u00e0 l&rsquo;\u0153uvre\u2026<\/p>\n\n\n\n<p><br><\/p>\n\n\n\n<p class=\"has-text-color has-link-color wp-elements-0c5dd61414d2cb4c88e3596780dedeb0\" style=\"color:#2753a5\"><strong><em>Pour lire le texte complet <a href=\"\/index.php\/options-dinscription\/\"><mark style=\"background-color:rgba(0, 0, 0, 0)\" class=\"has-inline-color has-vivid-cyan-blue-color\">s&rsquo;inscrire<\/mark><\/a> ou <a href=\"\/index.php\/my-account\/edit-account\/\"><mark style=\"background-color:rgba(0, 0, 0, 0)\" class=\"has-inline-color has-vivid-cyan-blue-color\">se connecter<\/mark><\/a><\/em><\/strong><\/p>\n\n\n\n\n\n<div style=\"height:100px\" aria-hidden=\"true\" class=\"wp-block-spacer\"><\/div>\n\n\n\n<div class=\"wp-block-buttons is-content-justification-center is-layout-flex wp-container-core-buttons-is-layout-a89b3969 wp-block-buttons-is-layout-flex\">\n<div class=\"wp-block-button has-custom-font-size has-small-font-size\"><a class=\"wp-block-button__link has-vivid-red-background-color has-background wp-element-button\" href=\"\/index.php\/2025\/01\/14\/art-sante-mentale-citoyennete\/\">&lt;&#8211; retour<\/a><\/div>\n<\/div>\n<\/div>\n\n\n\n<div class=\"wp-block-column is-layout-flow wp-block-column-is-layout-flow\" style=\"flex-basis:33.33%\">\n<figure class=\"wp-block-table\"><table class=\"has-background\" style=\"background-color:#f8f2f2\"><thead><tr><th><mark class=\"has-inline-color has-vivid-red-color\" style=\"background-color: rgba(0, 0, 0, 0);\"><strong>Auteur<\/strong><\/mark><\/th><\/tr><\/thead><tbody><tr><td><strong>Dominique Launat<\/strong><\/td><\/tr><\/tbody><\/table><\/figure>\n\n\n\n<figure class=\"wp-block-table\"><table><thead><tr><th><mark class=\"has-inline-color has-vivid-red-color\" style=\"background-color: rgba(0, 0, 0, 0);\"><strong>R\u00e9f\u00e9rence<\/strong><\/mark><\/th><\/tr><\/thead><tbody><tr><td><strong>RA005-13<\/strong><br><strong>Art, Sant\u00e9 mentale et Citoyennet\u00e9<\/strong><br>Journ\u00e9es de Printemps 2014<\/td><\/tr><\/tbody><\/table><\/figure>\n\n\n\n<figure class=\"wp-block-table\"><table><thead><tr><th><mark class=\"has-inline-color has-vivid-red-color\" style=\"background-color: rgba(0, 0, 0, 0);\"><strong>Cat\u00e9gories<\/strong><\/mark><\/th><\/tr><\/thead><tbody><tr><td>Psychiatrie<br>\u00c9thique<br>Mus\u00e9e, exposition, spectacle<\/td><\/tr><\/tbody><\/table><\/figure>\n<\/div>\n<\/div>\n","protected":false},"excerpt":{"rendered":"<p>\u00ab L&rsquo;homme est de plus en plus absent de la psychiatrie, mais peu s&rsquo;en aper\u00e7oivent parce que l&rsquo;homme est de plus en plus absent de l&rsquo;homme \u00bbHenry Maldiney. L&rsquo;id\u00e9e du titre de cette communication m&rsquo;est venue au moment o\u00f9 Jean-Philippe Catonn\u00e9 m&rsquo;a sollicit\u00e9. Les Trois \u00ab domaines \u00bb du titre,&hellip;<\/p>\n","protected":false},"author":2,"featured_media":0,"comment_status":"closed","ping_status":"open","sticky":false,"template":"","format":"standard","meta":{"pmpro_default_level":"","ngg_post_thumbnail":0,"footnotes":""},"categories":[580],"tags":[576,502,571,574,581],"class_list":["post-2497","post","type-post","status-publish","format-standard","hentry","category-launat-dominique","tag-art-sante-mentale-citoyennete","tag-ethique","tag-musees-expositions-spectacles","tag-psychiatrie","tag-ra005-13","pmpro-has-access"],"_links":{"self":[{"href":"https:\/\/bibliotheque-sfpe-at.com\/index.php\/wp-json\/wp\/v2\/posts\/2497","targetHints":{"allow":["GET"]}}],"collection":[{"href":"https:\/\/bibliotheque-sfpe-at.com\/index.php\/wp-json\/wp\/v2\/posts"}],"about":[{"href":"https:\/\/bibliotheque-sfpe-at.com\/index.php\/wp-json\/wp\/v2\/types\/post"}],"author":[{"embeddable":true,"href":"https:\/\/bibliotheque-sfpe-at.com\/index.php\/wp-json\/wp\/v2\/users\/2"}],"replies":[{"embeddable":true,"href":"https:\/\/bibliotheque-sfpe-at.com\/index.php\/wp-json\/wp\/v2\/comments?post=2497"}],"version-history":[{"count":2,"href":"https:\/\/bibliotheque-sfpe-at.com\/index.php\/wp-json\/wp\/v2\/posts\/2497\/revisions"}],"predecessor-version":[{"id":4418,"href":"https:\/\/bibliotheque-sfpe-at.com\/index.php\/wp-json\/wp\/v2\/posts\/2497\/revisions\/4418"}],"wp:attachment":[{"href":"https:\/\/bibliotheque-sfpe-at.com\/index.php\/wp-json\/wp\/v2\/media?parent=2497"}],"wp:term":[{"taxonomy":"category","embeddable":true,"href":"https:\/\/bibliotheque-sfpe-at.com\/index.php\/wp-json\/wp\/v2\/categories?post=2497"},{"taxonomy":"post_tag","embeddable":true,"href":"https:\/\/bibliotheque-sfpe-at.com\/index.php\/wp-json\/wp\/v2\/tags?post=2497"}],"curies":[{"name":"wp","href":"https:\/\/api.w.org\/{rel}","templated":true}]}}