{"id":2499,"date":"2025-01-15T15:38:09","date_gmt":"2025-01-15T14:38:09","guid":{"rendered":"https:\/\/sfpe-at.com\/?p=2499"},"modified":"2025-03-19T14:37:43","modified_gmt":"2025-03-19T13:37:43","slug":"reflexions-sur-le-travail-et-lart-au-sein-dun-etablissement-et-service-daide-par-le-travail-esat","status":"publish","type":"post","link":"https:\/\/bibliotheque-sfpe-at.com\/index.php\/2025\/01\/15\/reflexions-sur-le-travail-et-lart-au-sein-dun-etablissement-et-service-daide-par-le-travail-esat\/","title":{"rendered":"R\u00e9flexions sur le travail et l\u2019art au sein d\u2019un \u00e9tablissement et service d\u2019aide par le travail (ESAT)"},"content":{"rendered":"\n<div class=\"wp-block-columns is-layout-flex wp-container-core-columns-is-layout-28f84493 wp-block-columns-is-layout-flex\">\n<div class=\"wp-block-column is-layout-flow wp-block-column-is-layout-flow\" style=\"flex-basis:66.66%\">\n<p>Aristote convenait qu&rsquo;un enfant devait \u00eatre \u00e9duqu\u00e9, non pas sur le plan personnel, mais pour garantir \u00e0 la cit\u00e9 un r\u00e9servoir de forces vives dans un avenir prochain. L&rsquo;enfant, selon le philosophe grec, \u00e9tait avant tout amen\u00e9 \u00e0 devenir citoyen.<br>Dans la Gr\u00e8ce antique, plus particuli\u00e8rement \u00e0 Ath\u00e8nes, un citoyen ne pouvait l&rsquo;\u00eatre que par le sang.<br>Alors que de nos jours, un citoyen, est une personne faisant partie de ceux qui, dans un \u00c9tat organis\u00e9, jouissent des m\u00eames droits et ob\u00e9issent aux m\u00eames lois.<br>L&rsquo;un des premiers droits que donne la citoyennet\u00e9 est celui au travail.<br>Mais quel est de nos jours la relation entre la citoyennet\u00e9 et le travail?<br>Dans les soci\u00e9t\u00e9s modernes, le travail est un des vecteurs essentiels de l&rsquo;int\u00e9gration sociale. Par ailleurs, la citoyennet\u00e9 ne s&rsquo;arr\u00eate pas aux portes de la vie au travail.<br>Quelles que soient les contraintes de l&rsquo;organisation de la production, celui qui travaille est un citoyen : \u00e0 ce titre, il dispose d&rsquo;une s\u00e9rie de droits civils, politiques, sociaux\u2026 mais aussi, d&rsquo;un statut, d&rsquo;une place au sein de la cit\u00e9.<br>\u00ab Tu veux faire quoi quand tu seras grand ? \u00bb<br>Oui, de nous, n&rsquo;a pas \u00e9t\u00e9 confront\u00e9, enfant, \u00e0 r\u00e9pondre \u00e0 cette question?<br>De ma\u00eetresse \u00e0 pompier, de chanteuse \u00e0 policier, de coiffeuse \u00e0 v\u00e9t\u00e9rinaire \u2026 de ce que fait papa, de ce que fait maman \u2026 Toutes ces projections permettent \u00e0 l&rsquo;enfant, petit \u00e0 petit, de se projeter dans l&rsquo;avenir, de construire sa propre identit\u00e9, de s&rsquo;imaginer grand, adulte, responsable, de se penser au travers d&rsquo;un m\u00e9tier, d&rsquo;une profession, d&rsquo;un travail, de se pr\u00e9parer \u00e0 devenir citoyen. Alors, l&rsquo;enfant peut se d\u00e9velopper, dans des aires de jeu et de cr\u00e9ativit\u00e9 (D.C. Winnicott) qui lui permettent de lui offrir la possibilit\u00e9 de faire des exp\u00e9riences fondamentales pour sa maturation psychique (prenons comme exemple le fait de jouer \u00e0 la marchande, au cuisinier \u2026 ) Ainsi, Winnicott \u00e9crit que l&rsquo;ensemble de ces processus \u00e0 l&rsquo;\u0153uvre est fondateur dans le d\u00e9veloppement de l&rsquo;enfant et l&rsquo;am\u00e8ne progressivement vers l&rsquo;\u00e9tat d&rsquo;une personne ind\u00e9pendante ayant le sentiment d&rsquo;\u00eatre r\u00e9elle et \u00ab que la vie vaut la peine d&rsquo;\u00eatre v\u00e9cue \u00bb.<\/p>\n\n\n\n<p><br><\/p>\n\n\n\n<p class=\"has-text-color has-link-color wp-elements-0c5dd61414d2cb4c88e3596780dedeb0\" style=\"color:#2753a5\"><strong><em>Pour lire le texte complet <a href=\"\/index.php\/options-dinscription\/\"><mark style=\"background-color:rgba(0, 0, 0, 0)\" class=\"has-inline-color has-vivid-cyan-blue-color\">s&rsquo;inscrire<\/mark><\/a> ou <a href=\"\/index.php\/my-account\/edit-account\/\"><mark style=\"background-color:rgba(0, 0, 0, 0)\" class=\"has-inline-color has-vivid-cyan-blue-color\">se connecter<\/mark><\/a><\/em><\/strong><\/p>\n\n\n\n\n\n<div style=\"height:100px\" aria-hidden=\"true\" class=\"wp-block-spacer\"><\/div>\n\n\n\n<div class=\"wp-block-buttons is-content-justification-center is-layout-flex wp-container-core-buttons-is-layout-a89b3969 wp-block-buttons-is-layout-flex\">\n<div class=\"wp-block-button has-custom-font-size has-small-font-size\"><a class=\"wp-block-button__link has-vivid-red-background-color has-background wp-element-button\" href=\"\/index.php\/2025\/01\/14\/art-sante-mentale-citoyennete\/\">&lt;&#8211; retour<\/a><\/div>\n<\/div>\n<\/div>\n\n\n\n<div class=\"wp-block-column is-layout-flow wp-block-column-is-layout-flow\" style=\"flex-basis:33.33%\">\n<figure class=\"wp-block-table\"><table class=\"has-background\" style=\"background-color:#f8f2f2\"><thead><tr><th><mark class=\"has-inline-color has-vivid-red-color\" style=\"background-color: rgba(0, 0, 0, 0);\"><strong>Auteur<\/strong><\/mark><\/th><\/tr><\/thead><tbody><tr><td><strong>Sophie Fardet<\/strong><\/td><\/tr><\/tbody><\/table><\/figure>\n\n\n\n<figure class=\"wp-block-table\"><table><thead><tr><th><mark class=\"has-inline-color has-vivid-red-color\" style=\"background-color: rgba(0, 0, 0, 0);\"><strong>R\u00e9f\u00e9rence<\/strong><\/mark><\/th><\/tr><\/thead><tbody><tr><td><strong>RA005-14<\/strong><br><strong>Art, Sant\u00e9 mentale et Citoyennet\u00e9<\/strong><br>Journ\u00e9es de Printemps 2014<\/td><\/tr><\/tbody><\/table><\/figure>\n\n\n\n<figure class=\"wp-block-table\"><table><thead><tr><th><mark class=\"has-inline-color has-vivid-red-color\" style=\"background-color: rgba(0, 0, 0, 0);\"><strong>Cat\u00e9gories<\/strong><\/mark><\/th><\/tr><\/thead><tbody><tr><td>\u00c9thique<br>Arts pluriels<br>Dispositif de m\u00e9diation<\/td><\/tr><\/tbody><\/table><\/figure>\n<\/div>\n<\/div>\n","protected":false},"excerpt":{"rendered":"<p>Aristote convenait qu&rsquo;un enfant devait \u00eatre \u00e9duqu\u00e9, non pas sur le plan personnel, mais pour garantir \u00e0 la cit\u00e9 un r\u00e9servoir de forces vives dans un avenir prochain. L&rsquo;enfant, selon le philosophe grec, \u00e9tait avant tout amen\u00e9 \u00e0 devenir citoyen.Dans la Gr\u00e8ce antique, plus particuli\u00e8rement \u00e0 Ath\u00e8nes, un citoyen ne&hellip;<\/p>\n","protected":false},"author":2,"featured_media":0,"comment_status":"closed","ping_status":"open","sticky":false,"template":"","format":"standard","meta":{"pmpro_default_level":"","ngg_post_thumbnail":0,"footnotes":""},"categories":[582],"tags":[576,569,505,502,583],"class_list":["post-2499","post","type-post","status-publish","format-standard","hentry","category-fardet-sophie","tag-art-sante-mentale-citoyennete","tag-arts-pluriels","tag-dispositif-de-mediation","tag-ethique","tag-ra005-14","pmpro-has-access"],"_links":{"self":[{"href":"https:\/\/bibliotheque-sfpe-at.com\/index.php\/wp-json\/wp\/v2\/posts\/2499","targetHints":{"allow":["GET"]}}],"collection":[{"href":"https:\/\/bibliotheque-sfpe-at.com\/index.php\/wp-json\/wp\/v2\/posts"}],"about":[{"href":"https:\/\/bibliotheque-sfpe-at.com\/index.php\/wp-json\/wp\/v2\/types\/post"}],"author":[{"embeddable":true,"href":"https:\/\/bibliotheque-sfpe-at.com\/index.php\/wp-json\/wp\/v2\/users\/2"}],"replies":[{"embeddable":true,"href":"https:\/\/bibliotheque-sfpe-at.com\/index.php\/wp-json\/wp\/v2\/comments?post=2499"}],"version-history":[{"count":2,"href":"https:\/\/bibliotheque-sfpe-at.com\/index.php\/wp-json\/wp\/v2\/posts\/2499\/revisions"}],"predecessor-version":[{"id":4419,"href":"https:\/\/bibliotheque-sfpe-at.com\/index.php\/wp-json\/wp\/v2\/posts\/2499\/revisions\/4419"}],"wp:attachment":[{"href":"https:\/\/bibliotheque-sfpe-at.com\/index.php\/wp-json\/wp\/v2\/media?parent=2499"}],"wp:term":[{"taxonomy":"category","embeddable":true,"href":"https:\/\/bibliotheque-sfpe-at.com\/index.php\/wp-json\/wp\/v2\/categories?post=2499"},{"taxonomy":"post_tag","embeddable":true,"href":"https:\/\/bibliotheque-sfpe-at.com\/index.php\/wp-json\/wp\/v2\/tags?post=2499"}],"curies":[{"name":"wp","href":"https:\/\/api.w.org\/{rel}","templated":true}]}}