{"id":2501,"date":"2025-01-15T15:51:35","date_gmt":"2025-01-15T14:51:35","guid":{"rendered":"https:\/\/sfpe-at.com\/?p=2501"},"modified":"2025-03-19T14:38:28","modified_gmt":"2025-03-19T13:38:28","slug":"poetique-et-politique-de-lhumain-tant-bien-que-mal-des-ego-alter-et-des-alter-egaux","status":"publish","type":"post","link":"https:\/\/bibliotheque-sfpe-at.com\/index.php\/2025\/01\/15\/poetique-et-politique-de-lhumain-tant-bien-que-mal-des-ego-alter-et-des-alter-egaux\/","title":{"rendered":"Po\u00e9tique et politique de l\u2019humain, tant bien que mal. Des Ego alter et des Alter \u00e9gaux"},"content":{"rendered":"\n<p><em>\u00ab Sans la reconnaissance de la valeur humaine de la folie, c&rsquo;est I&rsquo;homme m\u00eame qui dispara\u00eet \u00bb<br>Fran\u00e7ois Tosquelles, (\u00c9pitaphe inscrite \u00e0 l&rsquo;entr\u00e9e de I&rsquo;h\u00f4pital de Saint-Alban).<\/em><\/p>\n\n\n\n<p><\/p>\n\n\n\n<div class=\"wp-block-columns is-layout-flex wp-container-core-columns-is-layout-28f84493 wp-block-columns-is-layout-flex\">\n<div class=\"wp-block-column is-layout-flow wp-block-column-is-layout-flow\" style=\"flex-basis:66.66%\">\n<p><strong>D\u00e9senchantement po\u00e9tique et politique dans la modernit\u00e9<\/strong><\/p>\n\n\n\n<p>La modernit\u00e9 progressiste et \u00e9mancipatrice, en Occident au cours du XXe si\u00e8cle, a r\u00e9alis\u00e9 les promesses de l&rsquo;illuminisme du XVIIIe et du scientisme du XIXe, mais elle a aussi montr\u00e9 ses limites et ses effets pervers sanctionn\u00e9s par une succession de s\u00e9ismes culturels et de traumatismes de l&rsquo;Humain. La caducitt\u00e9 de la trilogie (Jupiter, Mars, Quirinus) gardienne ancestrale de la c\u00b7 \u00e9 dans son rapport au sacr\u00e9, \u00e0 la violence et \u00e0 la nature (M. Serres, 2001), la remise en cause successive des utopies de l&rsquo;\u00e9ternit\u00e9, de la libert\u00e9 et de l\u2019\u00e9galit\u00e9 (J. Attali,1999) ont sonn\u00e9 l&rsquo;heure de la rel\u00e8ve prom\u00e9th\u00e9enne et d\u00e9mocratique d&rsquo;apr\u00e8s-guerre. Mais c&rsquo;\u00e9tait sans compter avec la saturation de l&rsquo;establishment politique e culturel, fut-il issu de la m\u00e9ritocratie, de la camaraderie de lutte des classes, de la confraternit\u00e9 des castes. \u00c9pargn\u00e9e par le totalitarisme stalinien qui s&rsquo;imposait dans une moiti\u00e9 de l&rsquo;Europe, \u00e0 la fin des ann\u00e9es 60, une jeunesse plus \u00e9prise de saveurs et d&rsquo;\u00e9mancipation que de sagesse et d&rsquo;h\u00e9ritage, propagea dans nos d\u00e9mocraties, un esprit de r\u00e9volte h\u00e9doniste, libertaire et dionysiaque qui mit en branle les appareils du pouvoir et du savoir et contribua \u00e0 les r\u00e9former, en instituant et \u00e9largissant (hors les murs des asiles et en diverses ob\u00e9diences s&rsquo;interpellant) par les voies universitaires, le peuple psy ( psychiatres d\u00e9marqu\u00e9s de la neurologie, psychosomaticiens, psychanalystes, psychologues \u2026 ).<br>Les guerres et d&rsquo;autres g\u00e9nocides \u00e9tant export\u00e9es, la terreur et la piti\u00e9 pouvaient redevenir affaire de spectacle, la population des Trente Glorieuses ne manquait ni de pain ni de jeu , mais trois autres formations de pouvoir doux (s\u00e9ducteur et rassurant) acquis \u00e0 la puissance Technique (le <em>Gestell<\/em> pour Heidegger) et \u00e0 l&#8217;empire du march\u00e9 (soci\u00e9t\u00e9 de consommation, capitalisme, mondialisation) allaient opposer \u00e0 la rime po\u00e9tique de la langue qui chante ou qui conte et au rythme artistique du corps qui se meut (Muthos) : la rationalit\u00e9 des algorithmes, l&rsquo;objectivit\u00e9 des \u00e9valuations, des quantifications , des d\u00e9monstrations (Logos) , la performativit\u00e9 du discours d&rsquo;autorit\u00e9 et l&rsquo;efficacit\u00e9 du pragmatisme, de la strat\u00e9gie, de la tactique, de la d\u00e9brouillardise (M\u00e9tis). \u00ab Les trois pouvoirs de ce jour, sans contre-pouvoirs, ont pris au langage ses composantes. Les sciences ont saisi son rapport vrai \u00e0 la r\u00e9alit\u00e9; les m\u00e9dias s&#8217;emparent de sa relation s\u00e9duisante \u00e0 autrui; l&rsquo;administration prend sa puissance performative : ce qu&rsquo;elle dit ou \u00e9crit existe et s&rsquo;impose parce qu&rsquo;elle l&rsquo;\u00e9crit ou le dit\u00bb.<\/p>\n\n\n\n<p><br><\/p>\n\n\n\n<p class=\"has-text-color has-link-color wp-elements-0c5dd61414d2cb4c88e3596780dedeb0\" style=\"color:#2753a5\"><strong><em>Pour lire le texte complet <a href=\"\/index.php\/options-dinscription\/\"><mark style=\"background-color:rgba(0, 0, 0, 0)\" class=\"has-inline-color has-vivid-cyan-blue-color\">s&rsquo;inscrire<\/mark><\/a> ou <a href=\"\/index.php\/my-account\/edit-account\/\"><mark style=\"background-color:rgba(0, 0, 0, 0)\" class=\"has-inline-color has-vivid-cyan-blue-color\">se connecter<\/mark><\/a><\/em><\/strong><\/p>\n\n\n\n\n\n<div style=\"height:100px\" aria-hidden=\"true\" class=\"wp-block-spacer\"><\/div>\n\n\n\n<div class=\"wp-block-buttons is-content-justification-center is-layout-flex wp-container-core-buttons-is-layout-a89b3969 wp-block-buttons-is-layout-flex\">\n<div class=\"wp-block-button has-custom-font-size has-small-font-size\"><a class=\"wp-block-button__link has-vivid-red-background-color has-background wp-element-button\" href=\"\/index.php\/2025\/01\/14\/art-sante-mentale-citoyennete\/\">&lt;&#8211; retour<\/a><\/div>\n<\/div>\n<\/div>\n\n\n\n<div class=\"wp-block-column is-layout-flow wp-block-column-is-layout-flow\" style=\"flex-basis:33.33%\">\n<figure class=\"wp-block-table\"><table class=\"has-background\" style=\"background-color:#f8f2f2\"><thead><tr><th><mark class=\"has-inline-color has-vivid-red-color\" style=\"background-color: rgba(0, 0, 0, 0);\"><strong>Auteur<\/strong><\/mark><\/th><\/tr><\/thead><tbody><tr><td><strong>Jean-Pierre<\/strong> <strong>Martineau <\/strong><\/td><\/tr><\/tbody><\/table><\/figure>\n\n\n\n<figure class=\"wp-block-table\"><table><thead><tr><th><mark class=\"has-inline-color has-vivid-red-color\" style=\"background-color: rgba(0, 0, 0, 0);\"><strong>R\u00e9f\u00e9rence<\/strong><\/mark><\/th><\/tr><\/thead><tbody><tr><td><strong>RA005-15<\/strong><br><strong>Art, Sant\u00e9 mentale et Citoyennet\u00e9<\/strong><br>Journ\u00e9es de Printemps 2014<\/td><\/tr><\/tbody><\/table><\/figure>\n\n\n\n<figure class=\"wp-block-table\"><table><thead><tr><th><mark class=\"has-inline-color has-vivid-red-color\" style=\"background-color: rgba(0, 0, 0, 0);\"><strong>Cat\u00e9gories<\/strong><\/mark><\/th><\/tr><\/thead><tbody><tr><td>Philosophie<br>\u00c9thique<br>Histoire<br>Arts pluriels<\/td><\/tr><\/tbody><\/table><\/figure>\n<\/div>\n<\/div>\n","protected":false},"excerpt":{"rendered":"<p>\u00ab Sans la reconnaissance de la valeur humaine de la folie, c&rsquo;est I&rsquo;homme m\u00eame qui dispara\u00eet \u00bbFran\u00e7ois Tosquelles, (\u00c9pitaphe inscrite \u00e0 l&rsquo;entr\u00e9e de I&rsquo;h\u00f4pital de Saint-Alban). D\u00e9senchantement po\u00e9tique et politique dans la modernit\u00e9 La modernit\u00e9 progressiste et \u00e9mancipatrice, en Occident au cours du XXe si\u00e8cle, a r\u00e9alis\u00e9 les promesses de&hellip;<\/p>\n","protected":false},"author":2,"featured_media":0,"comment_status":"closed","ping_status":"open","sticky":false,"template":"","format":"standard","meta":{"pmpro_default_level":"","ngg_post_thumbnail":0,"footnotes":""},"categories":[41],"tags":[576,569,502,575,487,584],"class_list":["post-2501","post","type-post","status-publish","format-standard","hentry","category-martineau-jean-pierre","tag-art-sante-mentale-citoyennete","tag-arts-pluriels","tag-ethique","tag-histoire","tag-philosophie","tag-ra005-15","pmpro-has-access"],"_links":{"self":[{"href":"https:\/\/bibliotheque-sfpe-at.com\/index.php\/wp-json\/wp\/v2\/posts\/2501","targetHints":{"allow":["GET"]}}],"collection":[{"href":"https:\/\/bibliotheque-sfpe-at.com\/index.php\/wp-json\/wp\/v2\/posts"}],"about":[{"href":"https:\/\/bibliotheque-sfpe-at.com\/index.php\/wp-json\/wp\/v2\/types\/post"}],"author":[{"embeddable":true,"href":"https:\/\/bibliotheque-sfpe-at.com\/index.php\/wp-json\/wp\/v2\/users\/2"}],"replies":[{"embeddable":true,"href":"https:\/\/bibliotheque-sfpe-at.com\/index.php\/wp-json\/wp\/v2\/comments?post=2501"}],"version-history":[{"count":2,"href":"https:\/\/bibliotheque-sfpe-at.com\/index.php\/wp-json\/wp\/v2\/posts\/2501\/revisions"}],"predecessor-version":[{"id":4420,"href":"https:\/\/bibliotheque-sfpe-at.com\/index.php\/wp-json\/wp\/v2\/posts\/2501\/revisions\/4420"}],"wp:attachment":[{"href":"https:\/\/bibliotheque-sfpe-at.com\/index.php\/wp-json\/wp\/v2\/media?parent=2501"}],"wp:term":[{"taxonomy":"category","embeddable":true,"href":"https:\/\/bibliotheque-sfpe-at.com\/index.php\/wp-json\/wp\/v2\/categories?post=2501"},{"taxonomy":"post_tag","embeddable":true,"href":"https:\/\/bibliotheque-sfpe-at.com\/index.php\/wp-json\/wp\/v2\/tags?post=2501"}],"curies":[{"name":"wp","href":"https:\/\/api.w.org\/{rel}","templated":true}]}}