{"id":2505,"date":"2025-01-15T16:14:35","date_gmt":"2025-01-15T15:14:35","guid":{"rendered":"https:\/\/sfpe-at.com\/?p=2505"},"modified":"2025-03-19T14:39:33","modified_gmt":"2025-03-19T13:39:33","slug":"art-sante-mentale-et-citoyennete-pertinence-historique-et-muses-en-perspective-selon-lapport-de-la-pensee-de-cornelius-castoriadis","status":"publish","type":"post","link":"https:\/\/bibliotheque-sfpe-at.com\/index.php\/2025\/01\/15\/art-sante-mentale-et-citoyennete-pertinence-historique-et-muses-en-perspective-selon-lapport-de-la-pensee-de-cornelius-castoriadis\/","title":{"rendered":"Art, sant\u00e9 mentale et citoyennet\u00e9, pertinence historique et muses en perspective selon l\u2019apport de la pens\u00e9e de Corn\u00e9lius Castoriadis"},"content":{"rendered":"\n<p><\/p>\n\n\n\n<div class=\"wp-block-columns is-layout-flex wp-container-core-columns-is-layout-28f84493 wp-block-columns-is-layout-flex\">\n<div class=\"wp-block-column is-layout-flow wp-block-column-is-layout-flow\" style=\"flex-basis:66.66%\">\n<p>Examiner la circularit\u00e9 triadique des notions induites par l&rsquo;\u00e9nonc\u00e9 du th\u00e8me du colloque, \u00e9quivaut \u00e0 interroger l\u2019historicit\u00e9 de la pertinence du lien entre ces trois notions et leur intrication dans l&rsquo;exercice de l&rsquo;art-th\u00e9rapie. Dans la premi\u00e8re partie de cet expos\u00e9, nous pr\u00e9sentons \u00e0 titre indicatif des points d\u2019interf\u00e9rence entre le soin et l&rsquo;art dans sa th\u00e9orie et sa pratique, suivie par une deuxi\u00e8me partie o\u00f9 nous tenterons de prendre conseil aupr\u00e8s du concept d&rsquo;imagination radicale du philosophe Corn\u00e9lius Castoriadis, pour discuter la question d&rsquo;exposition d&rsquo;\u0153uvres de patients psychiatriques.<br>Si les relations entre l&rsquo;art en tant que processus cr\u00e9atif porte par un projet esth\u00e9tique et le soin sont document\u00e9es depuis l&rsquo;antiquit\u00e9 grecque, il en va de m\u00eame quant \u00e0 leur orientation socialisante au sein de la polis, fondement politique de la communaut\u00e9, creuset d&rsquo;un imaginaire en perp\u00e9tuelle cr\u00e9ation Mais quels sont les effets des affects que la plasticit\u00e9 de cette triple d\u00e9clinaison met en \u0153uvre, comment peut-on envisager la rencontre avec les \u0153uvres artistiques des personnes ayant des troubles psychiques en tenant compte de tous les param\u00e8tres de la monstration et de leurs enjeux, c&rsquo;est-\u00e0-dire les questionnements culturels, \u00e9thiques, voire anthropologiques auxquels ils nous engagent en tant que regardeurs ? Convoquer la pens\u00e9e de Corn\u00e9lius Castoriadis pour qui la notion de cr\u00e9ation exc\u00e8de le champ de l\u2019art et investit le domaine du politique en nourrissant l&rsquo;\u00e9tablissement du <em>nomos<\/em>, l&rsquo;ensemble des lois et institutions, garants de la vie harmonieuse des citoyens, nous permet de situer notre exp\u00e9rience esth\u00e9tique dans le respect de l&rsquo;alterit\u00e9, de la libert\u00e9 et de l&rsquo;autonomie, de l\u2019appr\u00e9hender et de la vivre comme acte de citoyennet\u00e9. Les enjeux de la r\u00e9ception de ces \u0153uvres touchent \u00e0 notre propre exp\u00e9rience de l&rsquo;alt\u00e9rite, notre capacit\u00e9 d&rsquo;ouverture \u00e0 un monde \u00ab signe et changement \u00bb (Rilke, Premier sonnet \u00e0 Orph\u00e9e) dont la puissance d&rsquo;\u00eatre-l\u00e0 est synonyme de chaos, non pas en tant que catastrophe, mais en tant potentialit\u00e9 de donner forme, de faire surgir un cosmos, un neuf ordonnancement, par lequel la beaut\u00e9 peut surgir et proposer une autre trame du sensible \u00e0 partager.<\/p>\n\n\n\n<p><\/p>\n\n\n\n<p><br><\/p>\n\n\n\n<p class=\"has-text-color has-link-color wp-elements-0c5dd61414d2cb4c88e3596780dedeb0\" style=\"color:#2753a5\"><strong><em>Pour lire le texte complet <a href=\"\/index.php\/options-dinscription\/\"><mark style=\"background-color:rgba(0, 0, 0, 0)\" class=\"has-inline-color has-vivid-cyan-blue-color\">s&rsquo;inscrire<\/mark><\/a> ou <a href=\"\/index.php\/my-account\/edit-account\/\"><mark style=\"background-color:rgba(0, 0, 0, 0)\" class=\"has-inline-color has-vivid-cyan-blue-color\">se connecter<\/mark><\/a><\/em><\/strong><\/p>\n\n\n\n\n\n<div style=\"height:100px\" aria-hidden=\"true\" class=\"wp-block-spacer\"><\/div>\n\n\n\n<div class=\"wp-block-buttons is-content-justification-center is-layout-flex wp-container-core-buttons-is-layout-a89b3969 wp-block-buttons-is-layout-flex\">\n<div class=\"wp-block-button has-custom-font-size has-small-font-size\"><a class=\"wp-block-button__link has-vivid-red-background-color has-background wp-element-button\" href=\"\/index.php\/2025\/01\/14\/art-sante-mentale-citoyennete\/\">&lt;&#8211; retour<\/a><\/div>\n<\/div>\n<\/div>\n\n\n\n<div class=\"wp-block-column is-layout-flow wp-block-column-is-layout-flow\" style=\"flex-basis:33.33%\">\n<figure class=\"wp-block-table\"><table class=\"has-background\" style=\"background-color:#f8f2f2\"><thead><tr><th><mark class=\"has-inline-color has-vivid-red-color\" style=\"background-color: rgba(0, 0, 0, 0);\"><strong>Auteur<\/strong><\/mark><\/th><\/tr><\/thead><tbody><tr><td><strong>Malvina Bompart<\/strong><\/td><\/tr><\/tbody><\/table><\/figure>\n\n\n\n<figure class=\"wp-block-table\"><table><thead><tr><th><mark class=\"has-inline-color has-vivid-red-color\" style=\"background-color: rgba(0, 0, 0, 0);\"><strong>R\u00e9f\u00e9rence<\/strong><\/mark><\/th><\/tr><\/thead><tbody><tr><td><strong>RA005-17<\/strong><br><strong>Art, Sant\u00e9 mentale et Citoyennet\u00e9<\/strong><br>Journ\u00e9es de Printemps 2014<\/td><\/tr><\/tbody><\/table><\/figure>\n\n\n\n<figure class=\"wp-block-table\"><table><thead><tr><th><mark class=\"has-inline-color has-vivid-red-color\" style=\"background-color: rgba(0, 0, 0, 0);\"><strong>Cat\u00e9gories<\/strong><\/mark><\/th><\/tr><\/thead><tbody><tr><td>Art<br>Philosophie<br>Histoire<br>Art-th\u00e9rapie<br>Mus\u00e9e, exposition, spectacle<\/td><\/tr><\/tbody><\/table><\/figure>\n<\/div>\n<\/div>\n","protected":false},"excerpt":{"rendered":"<p>Examiner la circularit\u00e9 triadique des notions induites par l&rsquo;\u00e9nonc\u00e9 du th\u00e8me du colloque, \u00e9quivaut \u00e0 interroger l\u2019historicit\u00e9 de la pertinence du lien entre ces trois notions et leur intrication dans l&rsquo;exercice de l&rsquo;art-th\u00e9rapie. Dans la premi\u00e8re partie de cet expos\u00e9, nous pr\u00e9sentons \u00e0 titre indicatif des points d\u2019interf\u00e9rence entre le&hellip;<\/p>\n","protected":false},"author":2,"featured_media":0,"comment_status":"closed","ping_status":"open","sticky":false,"template":"","format":"standard","meta":{"pmpro_default_level":"","ngg_post_thumbnail":0,"footnotes":""},"categories":[295],"tags":[483,576,492,575,571,487,586],"class_list":["post-2505","post","type-post","status-publish","format-standard","hentry","category-bompart-malvina","tag-art","tag-art-sante-mentale-citoyennete","tag-art-therapie","tag-histoire","tag-musees-expositions-spectacles","tag-philosophie","tag-ra005-17","pmpro-has-access"],"_links":{"self":[{"href":"https:\/\/bibliotheque-sfpe-at.com\/index.php\/wp-json\/wp\/v2\/posts\/2505","targetHints":{"allow":["GET"]}}],"collection":[{"href":"https:\/\/bibliotheque-sfpe-at.com\/index.php\/wp-json\/wp\/v2\/posts"}],"about":[{"href":"https:\/\/bibliotheque-sfpe-at.com\/index.php\/wp-json\/wp\/v2\/types\/post"}],"author":[{"embeddable":true,"href":"https:\/\/bibliotheque-sfpe-at.com\/index.php\/wp-json\/wp\/v2\/users\/2"}],"replies":[{"embeddable":true,"href":"https:\/\/bibliotheque-sfpe-at.com\/index.php\/wp-json\/wp\/v2\/comments?post=2505"}],"version-history":[{"count":3,"href":"https:\/\/bibliotheque-sfpe-at.com\/index.php\/wp-json\/wp\/v2\/posts\/2505\/revisions"}],"predecessor-version":[{"id":4422,"href":"https:\/\/bibliotheque-sfpe-at.com\/index.php\/wp-json\/wp\/v2\/posts\/2505\/revisions\/4422"}],"wp:attachment":[{"href":"https:\/\/bibliotheque-sfpe-at.com\/index.php\/wp-json\/wp\/v2\/media?parent=2505"}],"wp:term":[{"taxonomy":"category","embeddable":true,"href":"https:\/\/bibliotheque-sfpe-at.com\/index.php\/wp-json\/wp\/v2\/categories?post=2505"},{"taxonomy":"post_tag","embeddable":true,"href":"https:\/\/bibliotheque-sfpe-at.com\/index.php\/wp-json\/wp\/v2\/tags?post=2505"}],"curies":[{"name":"wp","href":"https:\/\/api.w.org\/{rel}","templated":true}]}}