{"id":2510,"date":"2025-01-15T16:26:22","date_gmt":"2025-01-15T15:26:22","guid":{"rendered":"https:\/\/sfpe-at.com\/?p=2510"},"modified":"2025-03-19T14:40:47","modified_gmt":"2025-03-19T13:40:47","slug":"un-long-combat-pour-la-citoyennete","status":"publish","type":"post","link":"https:\/\/bibliotheque-sfpe-at.com\/index.php\/2025\/01\/15\/un-long-combat-pour-la-citoyennete\/","title":{"rendered":"Un long combat pour la citoyennet\u00e9"},"content":{"rendered":"\n<p><\/p>\n\n\n\n<div class=\"wp-block-columns is-layout-flex wp-container-core-columns-is-layout-28f84493 wp-block-columns-is-layout-flex\">\n<div class=\"wp-block-column is-layout-flow wp-block-column-is-layout-flow\" style=\"flex-basis:66.66%\">\n<p>Il a fallu attendre la loi du 11 f\u00e9vrier 2005 pour que la question de \u00ab l&rsquo;\u00e9galit\u00e9 des droits et des chances, la participation et la citoyennet\u00e9 des personnes handicap\u00e9es \u00bb soit inscrite dans la loi fran\u00e7aise. Cette loi a revu la d\u00e9finition du handicap : il ne s&rsquo;agit plus d&rsquo;un \u00e9tat li\u00e9 \u00e0 la pr\u00e9sence d&rsquo;une d\u00e9ficience qu&rsquo;elle soit physique, sensorielle, mentale, cognitive ou psychique, mais d&rsquo;une situation en rapport avec les limitations rencontr\u00e9es sur le plan de l&rsquo;activit\u00e9 ou de la participation \u00e0 la vie en soci\u00e9t\u00e9 du fait de l&rsquo;environnement. Cette loi est ainsi cens\u00e9e garantir aux personnes confront\u00e9es \u00e0 une situation de handicap du fait de troubles psychiques l&rsquo;acc\u00e8s aux droits fondamentaux reconnus \u00e0 tous les citoyens ainsi que le plein exercice de leur citoyennet\u00e9.<br><br><strong>Br\u00e8ve histoire de la citoyennet\u00e9<\/strong><br>C&rsquo;est aussi un aveu qu&rsquo;il n&rsquo;en n&rsquo;a pas toujours \u00e9t\u00e9 ainsi et il n&rsquo;est gu\u00e8re n\u00e9cessaire de rappeler ici les r\u00e9actions d&rsquo;\u00e9vitement, d&rsquo;exclusion, de stigmatisation envers les personnes que l&rsquo;on a d\u00e9sign\u00e9es successivement comme fous, ali\u00e9n\u00e9s, malades mentaux, personnes en souffrance psychique ou en situation de handicap psychique. C&rsquo;est une constante de l&rsquo;histoire de la folie et nous savons tous que la stigmatisation des personnes soign\u00e9es en psychiatrie persiste avec une culture ancestrale de mise \u00e0 l&rsquo;\u00e9cart.<br>La notion de citoyennet\u00e9 ne date pourtant pas d&rsquo;aujourd&rsquo;hui, m\u00eame si elle a pris des aspects tr\u00e8s vari\u00e9s selon les \u00e9poques. Si le mot est d&rsquo;origine latine (civis), le concept remonte \u00e0 la Gr\u00e8ce antique : le citoyen est celui qui a le droit de participer \u00e0 la gestion des affaires de la Cit\u00e9. Un principe essentiel pose que tous les citoyens sont des hommes libres, \u00e9gaux devant la loi, mais \u00e0 Ath\u00e8nes 10% seulement des habitants poss\u00e8dent cette qualit\u00e9, dont sont d\u00e9nu\u00e9s les femmes, les esclaves et les \u00ab m\u00e9t\u00e8ques \u00bb.<\/p>\n\n\n\n<p><\/p>\n\n\n\n<p><br><\/p>\n\n\n\n<p class=\"has-text-color has-link-color wp-elements-0c5dd61414d2cb4c88e3596780dedeb0\" style=\"color:#2753a5\"><strong><em>Pour lire le texte complet <a href=\"\/index.php\/options-dinscription\/\"><mark style=\"background-color:rgba(0, 0, 0, 0)\" class=\"has-inline-color has-vivid-cyan-blue-color\">s&rsquo;inscrire<\/mark><\/a> ou <a href=\"\/index.php\/my-account\/edit-account\/\"><mark style=\"background-color:rgba(0, 0, 0, 0)\" class=\"has-inline-color has-vivid-cyan-blue-color\">se connecter<\/mark><\/a><\/em><\/strong><\/p>\n\n\n\n\n\n<div style=\"height:100px\" aria-hidden=\"true\" class=\"wp-block-spacer\"><\/div>\n\n\n\n<div class=\"wp-block-buttons is-content-justification-center is-layout-flex wp-container-core-buttons-is-layout-a89b3969 wp-block-buttons-is-layout-flex\">\n<div class=\"wp-block-button has-custom-font-size has-small-font-size\"><a class=\"wp-block-button__link has-vivid-red-background-color has-background wp-element-button\" href=\"\/index.php\/2025\/01\/14\/art-sante-mentale-citoyennete\/\">&lt;&#8211; retour<\/a><\/div>\n<\/div>\n<\/div>\n\n\n\n<div class=\"wp-block-column is-layout-flow wp-block-column-is-layout-flow\" style=\"flex-basis:33.33%\">\n<figure class=\"wp-block-table\"><table class=\"has-background\" style=\"background-color:#f8f2f2\"><thead><tr><th><mark class=\"has-inline-color has-vivid-red-color\" style=\"background-color: rgba(0, 0, 0, 0);\"><strong>Auteur<\/strong><\/mark><\/th><\/tr><\/thead><tbody><tr><td><strong>Bernard Durand<\/strong><\/td><\/tr><\/tbody><\/table><\/figure>\n\n\n\n<figure class=\"wp-block-table\"><table><thead><tr><th><mark class=\"has-inline-color has-vivid-red-color\" style=\"background-color: rgba(0, 0, 0, 0);\"><strong>R\u00e9f\u00e9rence<\/strong><\/mark><\/th><\/tr><\/thead><tbody><tr><td><strong>RA005-19<\/strong><br><strong>Art, Sant\u00e9 mentale et Citoyennet\u00e9<\/strong><br>Journ\u00e9es de Printemps 2014<\/td><\/tr><\/tbody><\/table><\/figure>\n\n\n\n<figure class=\"wp-block-table\"><table><thead><tr><th><mark class=\"has-inline-color has-vivid-red-color\" style=\"background-color: rgba(0, 0, 0, 0);\"><strong>Cat\u00e9gories<\/strong><\/mark><\/th><\/tr><\/thead><tbody><tr><td>Histoire<br>Psychiatrie<br>Droit<br>\u00c9thique<br><\/td><\/tr><\/tbody><\/table><\/figure>\n<\/div>\n<\/div>\n","protected":false},"excerpt":{"rendered":"<p>Il a fallu attendre la loi du 11 f\u00e9vrier 2005 pour que la question de \u00ab l&rsquo;\u00e9galit\u00e9 des droits et des chances, la participation et la citoyennet\u00e9 des personnes handicap\u00e9es \u00bb soit inscrite dans la loi fran\u00e7aise. Cette loi a revu la d\u00e9finition du handicap : il ne s&rsquo;agit plus&hellip;<\/p>\n","protected":false},"author":2,"featured_media":0,"comment_status":"closed","ping_status":"open","sticky":false,"template":"","format":"standard","meta":{"pmpro_default_level":"","ngg_post_thumbnail":0,"footnotes":""},"categories":[589],"tags":[576,591,502,575,574,590],"class_list":["post-2510","post","type-post","status-publish","format-standard","hentry","category-durand-bernard","tag-art-sante-mentale-citoyennete","tag-droit","tag-ethique","tag-histoire","tag-psychiatrie","tag-ra005-19","pmpro-has-access"],"_links":{"self":[{"href":"https:\/\/bibliotheque-sfpe-at.com\/index.php\/wp-json\/wp\/v2\/posts\/2510","targetHints":{"allow":["GET"]}}],"collection":[{"href":"https:\/\/bibliotheque-sfpe-at.com\/index.php\/wp-json\/wp\/v2\/posts"}],"about":[{"href":"https:\/\/bibliotheque-sfpe-at.com\/index.php\/wp-json\/wp\/v2\/types\/post"}],"author":[{"embeddable":true,"href":"https:\/\/bibliotheque-sfpe-at.com\/index.php\/wp-json\/wp\/v2\/users\/2"}],"replies":[{"embeddable":true,"href":"https:\/\/bibliotheque-sfpe-at.com\/index.php\/wp-json\/wp\/v2\/comments?post=2510"}],"version-history":[{"count":2,"href":"https:\/\/bibliotheque-sfpe-at.com\/index.php\/wp-json\/wp\/v2\/posts\/2510\/revisions"}],"predecessor-version":[{"id":4424,"href":"https:\/\/bibliotheque-sfpe-at.com\/index.php\/wp-json\/wp\/v2\/posts\/2510\/revisions\/4424"}],"wp:attachment":[{"href":"https:\/\/bibliotheque-sfpe-at.com\/index.php\/wp-json\/wp\/v2\/media?parent=2510"}],"wp:term":[{"taxonomy":"category","embeddable":true,"href":"https:\/\/bibliotheque-sfpe-at.com\/index.php\/wp-json\/wp\/v2\/categories?post=2510"},{"taxonomy":"post_tag","embeddable":true,"href":"https:\/\/bibliotheque-sfpe-at.com\/index.php\/wp-json\/wp\/v2\/tags?post=2510"}],"curies":[{"name":"wp","href":"https:\/\/api.w.org\/{rel}","templated":true}]}}