{"id":2610,"date":"2024-05-17T12:32:19","date_gmt":"2024-05-17T10:32:19","guid":{"rendered":"https:\/\/sfpe-at.com\/?p=2610"},"modified":"2025-03-21T17:29:41","modified_gmt":"2025-03-21T16:29:41","slug":"que-la-lumiere-soit-pour-ces-adultes-autistes-graves-en-chute-dans-leurs-ombres-ombres-betonnees-derriere-les-murs-institutionnels","status":"publish","type":"post","link":"https:\/\/bibliotheque-sfpe-at.com\/index.php\/2024\/05\/17\/que-la-lumiere-soit-pour-ces-adultes-autistes-graves-en-chute-dans-leurs-ombres-ombres-betonnees-derriere-les-murs-institutionnels\/","title":{"rendered":"\u00ab Que la lumi\u00e8re soit \u00bb pour ces adultes autistes graves, en chute dans leurs ombres, ombres b\u00e9tonn\u00e9es derri\u00e8re les murs institutionnels"},"content":{"rendered":"\n<div class=\"wp-block-columns is-layout-flex wp-container-core-columns-is-layout-28f84493 wp-block-columns-is-layout-flex\">\n<div class=\"wp-block-column is-layout-flow wp-block-column-is-layout-flow\" style=\"flex-basis:66.66%\">\n<p>Artiste th\u00e9rapeute aupr\u00e8s de patients autistes grave adultes, je viens<br>pr\u00e9senter un travail de \u00ab mise en lumi\u00e8re \u00bb, par le biais de la<br>cr\u00e9ation artistique, de ces personnes bien trop cach\u00e9es, enfouies, rejet\u00e9es, oubli\u00e9es, et projet\u00e9es dans l\u2019ombre des institutions.<br>L\u2019introduction du concept du \u00ab trou noir \u00bb par Tustin, montre que le sujet autiste peut ressentir comme une chute permanente dans un<br>trou noir. La communication est donc quasi impossible laissant ces personnes errer dans les ombres de leurs souffrances souvent non per\u00e7ues et non comprises.<br>J\u2019ai mis\u00e9 sur l\u2019hypoth\u00e8se que les sympt\u00f4mes, qui envahissent la vie de<br>ces personnes et les isolent du monde ext\u00e9rieur, peuvent faire \u00e9merger une relation par le biais de la cr\u00e9ation artistique. Ce qui implique l\u2019artiste th\u00e9rapeute et le patient avec leur exp\u00e9rience et leur histoire propre. Ainsi une mise en lumi\u00e8re est possible. J\u2019ai d\u00fb regarder ce qui me touchait, me troublait, m\u2019effrayait, pour ne pas me bloquer dans des repr\u00e9sentations et a priori n\u00e9gatifs et laisser place \u00e0 des questionnements, croyances, remises en cause, surprises et bonheurs.<br>Le dispositif et le sens de l\u2019atelier sont pos\u00e9s clairement pour assurer<br>la s\u00e9curit\u00e9 des personnes. La d\u00e9marche est soutenue par l\u2019Institution et en coordination avec l\u2019\u00e9quipe soignante. Le cadre s\u2019ajuste en souplesse et rend possible une rencontre \u00e9tonnante qui, suscitant des questionnements inattendus, bouleversera ma pratique d\u2019artiste th\u00e9rapeute et mon regard sur la personne autiste. Ainsi je t\u00e9moignerai, par des \u00e9tudes de cas, comment, au travers de la cr\u00e9ation artistique, certains ont pu mettre en lumi\u00e8re des capacit\u00e9s insoup\u00e7onn\u00e9es, surprenantes presque irr\u00e9elles, mais lumineuses et color\u00e9es.<\/p>\n\n\n\n<p class=\"has-text-color has-link-color wp-elements-0c5dd61414d2cb4c88e3596780dedeb0\" style=\"color:#2753a5\"><strong><em>Pour lire le texte complet <a href=\"\/index.php\/options-dinscription\/\"><mark style=\"background-color:rgba(0, 0, 0, 0)\" class=\"has-inline-color has-vivid-cyan-blue-color\">s&rsquo;inscrire<\/mark><\/a> ou <a href=\"\/index.php\/my-account\/edit-account\/\"><mark style=\"background-color:rgba(0, 0, 0, 0)\" class=\"has-inline-color has-vivid-cyan-blue-color\">se connecter<\/mark><\/a><\/em><\/strong><\/p>\n\n\n\n\n\n<div style=\"height:100px\" aria-hidden=\"true\" class=\"wp-block-spacer\"><\/div>\n\n\n\n<div class=\"wp-block-buttons is-content-justification-center is-layout-flex wp-container-core-buttons-is-layout-a89b3969 wp-block-buttons-is-layout-flex\">\n<div class=\"wp-block-button has-custom-font-size has-small-font-size\"><a class=\"wp-block-button__link has-vivid-red-background-color has-background wp-element-button\" href=\"\/index.php\/2024\/05\/15\/ombre-et-lumiere\/\">&lt;&#8211; retour<\/a><\/div>\n<\/div>\n<\/div>\n\n\n\n<div class=\"wp-block-column is-layout-flow wp-block-column-is-layout-flow\" style=\"flex-basis:33.33%\">\n<figure class=\"wp-block-table\"><table class=\"has-background\" style=\"background-color:#f8f2f2\"><thead><tr><th><mark class=\"has-inline-color has-vivid-red-color\" style=\"background-color: rgba(0, 0, 0, 0);\"><strong>Auteur<\/strong><\/mark><\/th><\/tr><\/thead><tbody><tr><td><strong>Sophie Fardet<\/strong><\/td><\/tr><\/tbody><\/table><\/figure>\n\n\n\n<figure class=\"wp-block-table\"><table><thead><tr><th><mark class=\"has-inline-color has-vivid-red-color\" style=\"background-color: rgba(0, 0, 0, 0);\"><strong>R\u00e9f\u00e9rence<\/strong><\/mark><\/th><\/tr><\/thead><tbody><tr><td><strong>RA006-15<\/strong><br><strong>Ombre et Lumi\u00e8re<\/strong><br>Journ\u00e9es d\u2019Automne 2014<\/td><\/tr><\/tbody><\/table><\/figure>\n\n\n\n<figure class=\"wp-block-table\"><table><thead><tr><th><mark class=\"has-inline-color has-vivid-red-color\" style=\"background-color: rgba(0, 0, 0, 0);\"><strong>Cat\u00e9gories<\/strong><\/mark><\/th><\/tr><\/thead><tbody><tr><td>Art<br>Autisme<br>\u00c9tude de cas<br>Modelage<br>Psychiatrie<\/td><\/tr><\/tbody><\/table><\/figure>\n<\/div>\n<\/div>\n","protected":false},"excerpt":{"rendered":"<p>Artiste th\u00e9rapeute aupr\u00e8s de patients autistes grave adultes, je vienspr\u00e9senter un travail de \u00ab mise en lumi\u00e8re \u00bb, par le biais de lacr\u00e9ation artistique, de ces personnes bien trop cach\u00e9es, enfouies, rejet\u00e9es, oubli\u00e9es, et projet\u00e9es dans l\u2019ombre des institutions.L\u2019introduction du concept du \u00ab trou noir \u00bb par Tustin, montre que&hellip;<\/p>\n","protected":false},"author":2,"featured_media":0,"comment_status":"closed","ping_status":"open","sticky":false,"template":"","format":"standard","meta":{"pmpro_default_level":"","ngg_post_thumbnail":0,"footnotes":""},"categories":[582],"tags":[483,598,493,506,53,574,597],"class_list":["post-2610","post","type-post","status-publish","format-standard","hentry","category-fardet-sophie","tag-art","tag-autisme","tag-cas-clinique","tag-modelage","tag-ombre-et-lumiere","tag-psychiatrie","tag-ra006-15","pmpro-has-access"],"_links":{"self":[{"href":"https:\/\/bibliotheque-sfpe-at.com\/index.php\/wp-json\/wp\/v2\/posts\/2610","targetHints":{"allow":["GET"]}}],"collection":[{"href":"https:\/\/bibliotheque-sfpe-at.com\/index.php\/wp-json\/wp\/v2\/posts"}],"about":[{"href":"https:\/\/bibliotheque-sfpe-at.com\/index.php\/wp-json\/wp\/v2\/types\/post"}],"author":[{"embeddable":true,"href":"https:\/\/bibliotheque-sfpe-at.com\/index.php\/wp-json\/wp\/v2\/users\/2"}],"replies":[{"embeddable":true,"href":"https:\/\/bibliotheque-sfpe-at.com\/index.php\/wp-json\/wp\/v2\/comments?post=2610"}],"version-history":[{"count":3,"href":"https:\/\/bibliotheque-sfpe-at.com\/index.php\/wp-json\/wp\/v2\/posts\/2610\/revisions"}],"predecessor-version":[{"id":4451,"href":"https:\/\/bibliotheque-sfpe-at.com\/index.php\/wp-json\/wp\/v2\/posts\/2610\/revisions\/4451"}],"wp:attachment":[{"href":"https:\/\/bibliotheque-sfpe-at.com\/index.php\/wp-json\/wp\/v2\/media?parent=2610"}],"wp:term":[{"taxonomy":"category","embeddable":true,"href":"https:\/\/bibliotheque-sfpe-at.com\/index.php\/wp-json\/wp\/v2\/categories?post=2610"},{"taxonomy":"post_tag","embeddable":true,"href":"https:\/\/bibliotheque-sfpe-at.com\/index.php\/wp-json\/wp\/v2\/tags?post=2610"}],"curies":[{"name":"wp","href":"https:\/\/api.w.org\/{rel}","templated":true}]}}