{"id":2927,"date":"2025-01-18T20:07:44","date_gmt":"2025-01-18T19:07:44","guid":{"rendered":"https:\/\/sfpe-at.com\/?p=2927"},"modified":"2025-03-22T12:27:50","modified_gmt":"2025-03-22T11:27:50","slug":"amour-transfert-et-emotion-esthetique-de-lobjet-de-relation-a-la-relation-dobjet-en-art-therapie","status":"publish","type":"post","link":"https:\/\/bibliotheque-sfpe-at.com\/index.php\/2025\/01\/18\/amour-transfert-et-emotion-esthetique-de-lobjet-de-relation-a-la-relation-dobjet-en-art-therapie\/","title":{"rendered":"Amour, transfert et \u00e9motion esth\u00e9tique\u00a0: de l\u2019objet de relation \u00e0 la relation d\u2019objet en Art-th\u00e9rapie"},"content":{"rendered":"\n<p><\/p>\n\n\n\n<div class=\"wp-block-columns is-layout-flex wp-container-core-columns-is-layout-28f84493 wp-block-columns-is-layout-flex\">\n<div class=\"wp-block-column is-layout-flow wp-block-column-is-layout-flow\" style=\"flex-basis:66.66%\">\n<p><em>\u00ab Le d\u00e9sir d\u2019\u00eatre reconnu peut-il totalement<br>se s\u00e9parer du d\u00e9sir d\u2019\u00eatre aim\u00e9 ? \u00bb<\/em><br>Andr\u00e9 Green (1993).<\/p>\n\n\n\n<p>\u00ab L\u2019amour court les rues \u00bb, tel Norbert Hanold poursuivant la Gradiva de son r\u00eave, apr\u00e8s avoir \u00e9prouv\u00e9 le saisissement de l\u2019\u00e9motion esth\u00e9tique devant le pied gracieux d\u2019un bas-relief antique. Cette rencontre arch\u00e9ologique \u00e9veille en Hanold, \u00ab le souvenir oubli\u00e9 de celle qu\u2019il avait aim\u00e9 avec sa tendresse d\u2019enfant \u00bb, \u00e9crit Freud en 1907 \u00e0 propos du h\u00e9ros de Jensen. A la recherche de Gradiva, Norbert retrouve son amie d\u2019enfance Zo\u00e9, qu\u2019il prend d\u2019abord pour une apparition de sa \u00ab figure de r\u00eave \u00bb antique, depuis l\u2019au-del\u00e0. En d\u00e9roulant le fil de son d\u00e9lire, Zo\u00e9-Gradiva le ram\u00e8ne peu \u00e0 peu au r\u00e9el. Alors qu\u2019ils se re-connaissent, ils reconnaissent et se d\u00e9voilent leur amour r\u00e9ciproque.<\/p>\n\n\n\n<p>Freud r\u00e9affirme \u00e0 propos de cet ouvrage sa fascination pour les cr\u00e9ateurs, et pour ce romancier, qui \u00ab a uni intimement la r\u00e9solution du d\u00e9lire \u00e0 l\u2019\u00e9closion des aspirations amoureuses \u00bb lorsque Norbert Hanold se voit m\u00e9tamorphos\u00e9 au r\u00e9veil de ses sentiments. \u00ab Il ne faut pas sous-estimer la puissance curative de l\u2019amour dans le d\u00e9lire \u00bb : Freud introduit avec cette phrase \u00ab le ressort le plus puissant du travail \u00bb analytique (1917), c\u2019est-\u00e0-dire le transfert de sentiments sur la personne du th\u00e9rapeute.<\/p>\n\n\n\n<p class=\"has-text-color has-link-color wp-elements-0c5dd61414d2cb4c88e3596780dedeb0\" style=\"color:#2753a5\"><strong><em>Pour lire le texte complet <a href=\"\/index.php\/options-dinscription\/\"><mark style=\"background-color:rgba(0, 0, 0, 0)\" class=\"has-inline-color has-vivid-cyan-blue-color\">s&rsquo;inscrire<\/mark><\/a> ou <a href=\"\/index.php\/my-account\/edit-account\/\"><mark style=\"background-color:rgba(0, 0, 0, 0)\" class=\"has-inline-color has-vivid-cyan-blue-color\">se connecter<\/mark><\/a><\/em><\/strong><\/p>\n\n\n\n\n\n<div style=\"height:100px\" aria-hidden=\"true\" class=\"wp-block-spacer\"><\/div>\n\n\n\n<div class=\"wp-block-buttons is-content-justification-center is-layout-flex wp-container-core-buttons-is-layout-a89b3969 wp-block-buttons-is-layout-flex\">\n<div class=\"wp-block-button has-custom-font-size has-small-font-size\"><a class=\"wp-block-button__link has-vivid-red-background-color has-background wp-element-button\" href=\"\/index.php\/2025\/01\/18\/desir-et-amour\/\">&lt;&#8211; retour<\/a><\/div>\n<\/div>\n<\/div>\n\n\n\n<div class=\"wp-block-column is-layout-flow wp-block-column-is-layout-flow\" style=\"flex-basis:33.33%\">\n<figure class=\"wp-block-table\"><table class=\"has-background\" style=\"background-color:#f8f2f2\"><thead><tr><th><mark class=\"has-inline-color has-vivid-red-color\" style=\"background-color: rgba(0, 0, 0, 0);\"><strong>Auteur<\/strong><\/mark><\/th><\/tr><\/thead><tbody><tr><td><strong>G\u00e9raldine Canet<\/strong><\/td><\/tr><\/tbody><\/table><\/figure>\n\n\n\n<figure class=\"wp-block-table\"><table><thead><tr><th><mark class=\"has-inline-color has-vivid-red-color\" style=\"background-color: rgba(0, 0, 0, 0);\"><strong>R\u00e9f\u00e9rence<\/strong><\/mark><\/th><\/tr><\/thead><tbody><tr><td><strong>RA008-07<\/strong><br><strong>D\u00e9sir et Amour<\/strong><br>Journ\u00e9es de Printemps 2016<\/td><\/tr><\/tbody><\/table><\/figure>\n\n\n\n<figure class=\"wp-block-table\"><table><thead><tr><th><mark class=\"has-inline-color has-vivid-red-color\" style=\"background-color: rgba(0, 0, 0, 0);\"><strong>Cat\u00e9gories<\/strong><\/mark><\/th><\/tr><\/thead><tbody><tr><td>Art-th\u00e9rapie<br>Peinture<br>Dispositif de m\u00e9diation<\/td><\/tr><\/tbody><\/table><\/figure>\n<\/div>\n<\/div>\n","protected":false},"excerpt":{"rendered":"<p>\u00ab Le d\u00e9sir d\u2019\u00eatre reconnu peut-il totalementse s\u00e9parer du d\u00e9sir d\u2019\u00eatre aim\u00e9 ? \u00bbAndr\u00e9 Green (1993). \u00ab L\u2019amour court les rues \u00bb, tel Norbert Hanold poursuivant la Gradiva de son r\u00eave, apr\u00e8s avoir \u00e9prouv\u00e9 le saisissement de l\u2019\u00e9motion esth\u00e9tique devant le pied gracieux d\u2019un bas-relief antique. Cette rencontre arch\u00e9ologique \u00e9veille&hellip;<\/p>\n","protected":false},"author":2,"featured_media":0,"comment_status":"closed","ping_status":"open","sticky":false,"template":"","format":"standard","meta":{"pmpro_default_level":"","ngg_post_thumbnail":0,"footnotes":""},"categories":[153],"tags":[612,505,484,620],"class_list":["post-2927","post","type-post","status-publish","format-standard","hentry","category-canet-geraldine","tag-desir-et-amour","tag-dispositif-de-mediation","tag-peinture","tag-ra008-07","pmpro-has-access"],"_links":{"self":[{"href":"https:\/\/bibliotheque-sfpe-at.com\/index.php\/wp-json\/wp\/v2\/posts\/2927","targetHints":{"allow":["GET"]}}],"collection":[{"href":"https:\/\/bibliotheque-sfpe-at.com\/index.php\/wp-json\/wp\/v2\/posts"}],"about":[{"href":"https:\/\/bibliotheque-sfpe-at.com\/index.php\/wp-json\/wp\/v2\/types\/post"}],"author":[{"embeddable":true,"href":"https:\/\/bibliotheque-sfpe-at.com\/index.php\/wp-json\/wp\/v2\/users\/2"}],"replies":[{"embeddable":true,"href":"https:\/\/bibliotheque-sfpe-at.com\/index.php\/wp-json\/wp\/v2\/comments?post=2927"}],"version-history":[{"count":2,"href":"https:\/\/bibliotheque-sfpe-at.com\/index.php\/wp-json\/wp\/v2\/posts\/2927\/revisions"}],"predecessor-version":[{"id":4499,"href":"https:\/\/bibliotheque-sfpe-at.com\/index.php\/wp-json\/wp\/v2\/posts\/2927\/revisions\/4499"}],"wp:attachment":[{"href":"https:\/\/bibliotheque-sfpe-at.com\/index.php\/wp-json\/wp\/v2\/media?parent=2927"}],"wp:term":[{"taxonomy":"category","embeddable":true,"href":"https:\/\/bibliotheque-sfpe-at.com\/index.php\/wp-json\/wp\/v2\/categories?post=2927"},{"taxonomy":"post_tag","embeddable":true,"href":"https:\/\/bibliotheque-sfpe-at.com\/index.php\/wp-json\/wp\/v2\/tags?post=2927"}],"curies":[{"name":"wp","href":"https:\/\/api.w.org\/{rel}","templated":true}]}}