{"id":3153,"date":"2024-05-31T17:07:40","date_gmt":"2024-05-31T15:07:40","guid":{"rendered":"https:\/\/sfpe-at.com\/?p=3153"},"modified":"2025-01-19T19:29:44","modified_gmt":"2025-01-19T18:29:44","slug":"le-silence-des-sorcieres-un-code-megalithique-meconnu","status":"publish","type":"post","link":"https:\/\/bibliotheque-sfpe-at.com\/index.php\/2024\/05\/31\/le-silence-des-sorcieres-un-code-megalithique-meconnu\/","title":{"rendered":"Le silence des sorci\u00e8res, un code m\u00e9galithique m\u00e9connu"},"content":{"rendered":"\n<div class=\"wp-block-columns is-layout-flex wp-container-core-columns-is-layout-28f84493 wp-block-columns-is-layout-flex\">\n<div class=\"wp-block-column is-layout-flow wp-block-column-is-layout-flow\" style=\"flex-basis:66.66%\">\n<p>L\u2019objet que je vais pr\u00e9senter se nomme \u00ab\u00a0Pierre des Sorci\u00e8res\u00a0\u00bb. Ce nom, donn\u00e9 \u00e0 beaucoup d\u2019autres objets similaires, tire son origine du Moyen-\u00c2ge. Pour ma part, je voudrais \u00e9largir le substantif \u00ab\u00a0sorci\u00e8res\u00a0\u00bb et le faire remonter \u00e0 des \u00e9poques encore plus \u00e9loign\u00e9es. Mais les sorci\u00e8res ont-elles vraiment exist\u00e9\u00a0?\u00a0\u00ab\u00a0Les sorci\u00e8res existent\u00a0\u00bb, r\u00e9pondit Carlo Borromeo, inquisiteur au XVIe si\u00e8cle. \u00ab\u00a0La preuve est qu\u2019on en condamne et qu\u2019on en tue tous les jours\u00a0\u00bb. Il s\u2019agit l\u00e0 d\u2019une bonne d\u00e9finition pour situer le sujet dans un contexte. Cependant, pour en savoir plus, un probl\u00e8me de r\u00e9f\u00e9rences bibliographiques se pose. Car les sorci\u00e8res n\u2019ont pas laiss\u00e9 de traces (ou presque), ni \u00e9crites, ni orales. Il y a beaucoup de litt\u00e9rature sur ces femmes, mais ces \u00e9crits sont r\u00e9dig\u00e9s par d\u2019autres auteurs. M\u00eame L\u2019\u00e9vangile des sorci\u00e8res (C. Leland, 1899) qui recueille des contes, des rites, des enchantements, des pri\u00e8res, etc., pr\u00e9tendument \u00e9crit par une v\u00e9ritable sorci\u00e8re italienne, laisse des doutes sur son authenticit\u00e9. D\u2019ailleurs, les textes consult\u00e9s par les chercheurs sont surtout des proc\u00e8s-verbaux de l\u2019Inquisition. Mais pourquoi n\u2019ont-elles pas elles-m\u00eames \u00e9crit des livres\u00a0? Je veux poser une suite d\u2019hypoth\u00e8ses pour mieux comprendre ce silence des sorci\u00e8res. Comme premi\u00e8re hypoth\u00e8se, on pourrait supposer qu\u2019elles n\u2019\u00e9taient pas assez cultiv\u00e9es pour \u00e9crire. L\u2019\u00e9tymologie du substantif nous \u00e9claircit. \u00c0 la sorci\u00e8re on s\u2019adressait pour la divination (le sort). Le mot Strega en italien est issu du terme dialectal strolega, c\u2019est-\u00e0-dire astrologa (astrologue), celle qui conna\u00eet la position et la signification des astres. Witch en anglais vient du saxon wica, soit la sagesse. Les sorci\u00e8res n\u2019\u00e9taient donc pas consid\u00e9r\u00e9es comme incultes\u00a0; elles auraient pu \u00e9crire leurs propres mythes et d\u00e9crire leurs rituels, si elles avaient voulu le faire.<\/p>\n\n\n\n<p><strong><em>Pour lire le texte complet <a href=\"\/index.php\/options-dinscription\/\"><mark style=\"background-color:rgba(0, 0, 0, 0)\" class=\"has-inline-color has-vivid-cyan-blue-color\">s&rsquo;inscrire<\/mark><\/a> ou <a href=\"\/index.php\/my-account\/edit-account\/\"><mark style=\"background-color:rgba(0, 0, 0, 0)\" class=\"has-inline-color has-vivid-cyan-blue-color\">se connecter<\/mark><\/a><\/em><\/strong><\/p>\n\n\n\n\n\n<div style=\"height:100px\" aria-hidden=\"true\" class=\"wp-block-spacer\"><\/div>\n\n\n\n<div class=\"wp-block-buttons is-content-justification-center is-layout-flex wp-container-core-buttons-is-layout-a89b3969 wp-block-buttons-is-layout-flex\">\n<div class=\"wp-block-button has-custom-font-size is-style-fill has-small-font-size\"><a class=\"wp-block-button__link has-vivid-red-background-color has-background wp-element-button\" href=\"\/index.php\/2024\/05\/31\/silence\/\">&lt;&#8211;retour<\/a><\/div>\n<\/div>\n<\/div>\n\n\n\n<div class=\"wp-block-column is-layout-flow wp-block-column-is-layout-flow\" style=\"flex-basis:33.33%\">\n<figure class=\"wp-block-table\"><table class=\"has-background\" style=\"background-color:#f8f2f2\"><thead><tr><th><mark class=\"has-inline-color has-vivid-red-color\" style=\"background-color: rgba(0, 0, 0, 0);\"><strong>Auteur<\/strong><\/mark><\/th><\/tr><\/thead><tbody><tr><td><strong><strong>Fabio Walder<\/strong><\/strong><\/td><\/tr><\/tbody><\/table><\/figure>\n\n\n\n<figure class=\"wp-block-table\"><table><thead><tr><th><mark class=\"has-inline-color has-vivid-red-color\" style=\"background-color: rgba(0, 0, 0, 0);\"><strong>R\u00e9f\u00e9rence<\/strong><\/mark><\/th><\/tr><\/thead><tbody><tr><td><strong>RA015-20<\/strong><br>Silence<br>Journ\u00e9es d\u2019Automne 2020<\/td><\/tr><\/tbody><\/table><\/figure>\n\n\n\n<figure class=\"wp-block-table\"><table><thead><tr><th><mark class=\"has-inline-color has-vivid-red-color\" style=\"background-color: rgba(0, 0, 0, 0);\"><strong>Cat\u00e9gories<\/strong><\/mark><\/th><\/tr><\/thead><tbody><tr><td>Ph\u00e9nom\u00e9nologie<br>Mythologie<\/td><\/tr><\/tbody><\/table><\/figure>\n<\/div>\n<\/div>\n","protected":false},"excerpt":{"rendered":"<p>L\u2019objet que je vais pr\u00e9senter se nomme \u00ab\u00a0Pierre des Sorci\u00e8res\u00a0\u00bb. Ce nom, donn\u00e9 \u00e0 beaucoup d\u2019autres objets similaires, tire son origine du Moyen-\u00c2ge. Pour ma part, je voudrais \u00e9largir le substantif \u00ab\u00a0sorci\u00e8res\u00a0\u00bb et le faire remonter \u00e0 des \u00e9poques encore plus \u00e9loign\u00e9es. Mais les sorci\u00e8res ont-elles vraiment exist\u00e9\u00a0?\u00a0\u00ab\u00a0Les sorci\u00e8res existent\u00a0\u00bb,&hellip;<\/p>\n","protected":false},"author":2,"featured_media":0,"comment_status":"closed","ping_status":"open","sticky":false,"template":"","format":"standard","meta":{"pmpro_default_level":"","ngg_post_thumbnail":0,"footnotes":""},"categories":[643],"tags":[595,486,339,319],"class_list":["post-3153","post","type-post","status-publish","format-standard","hentry","category-walder-fabio","tag-mythologie","tag-phenomenologie","tag-ra015-20","tag-silence","pmpro-has-access"],"_links":{"self":[{"href":"https:\/\/bibliotheque-sfpe-at.com\/index.php\/wp-json\/wp\/v2\/posts\/3153","targetHints":{"allow":["GET"]}}],"collection":[{"href":"https:\/\/bibliotheque-sfpe-at.com\/index.php\/wp-json\/wp\/v2\/posts"}],"about":[{"href":"https:\/\/bibliotheque-sfpe-at.com\/index.php\/wp-json\/wp\/v2\/types\/post"}],"author":[{"embeddable":true,"href":"https:\/\/bibliotheque-sfpe-at.com\/index.php\/wp-json\/wp\/v2\/users\/2"}],"replies":[{"embeddable":true,"href":"https:\/\/bibliotheque-sfpe-at.com\/index.php\/wp-json\/wp\/v2\/comments?post=3153"}],"version-history":[{"count":1,"href":"https:\/\/bibliotheque-sfpe-at.com\/index.php\/wp-json\/wp\/v2\/posts\/3153\/revisions"}],"predecessor-version":[{"id":3154,"href":"https:\/\/bibliotheque-sfpe-at.com\/index.php\/wp-json\/wp\/v2\/posts\/3153\/revisions\/3154"}],"wp:attachment":[{"href":"https:\/\/bibliotheque-sfpe-at.com\/index.php\/wp-json\/wp\/v2\/media?parent=3153"}],"wp:term":[{"taxonomy":"category","embeddable":true,"href":"https:\/\/bibliotheque-sfpe-at.com\/index.php\/wp-json\/wp\/v2\/categories?post=3153"},{"taxonomy":"post_tag","embeddable":true,"href":"https:\/\/bibliotheque-sfpe-at.com\/index.php\/wp-json\/wp\/v2\/tags?post=3153"}],"curies":[{"name":"wp","href":"https:\/\/api.w.org\/{rel}","templated":true}]}}