{"id":3249,"date":"2025-01-20T14:56:20","date_gmt":"2025-01-20T13:56:20","guid":{"rendered":"https:\/\/sfpe-at.com\/?p=3249"},"modified":"2025-03-18T23:46:59","modified_gmt":"2025-03-18T22:46:59","slug":"jardin-secret","status":"publish","type":"post","link":"https:\/\/bibliotheque-sfpe-at.com\/index.php\/2025\/01\/20\/jardin-secret\/","title":{"rendered":"Jardin secret"},"content":{"rendered":"\n<p><\/p>\n\n\n\n<div class=\"wp-block-columns is-layout-flex wp-container-core-columns-is-layout-28f84493 wp-block-columns-is-layout-flex\">\n<div class=\"wp-block-column is-layout-flow wp-block-column-is-layout-flow\" style=\"flex-basis:66.66%\">\n<p>Du point de vue de celui qui le d\u00e9tient, le secret peut s\u2019envisager sous l\u2019angle de l\u2019intimit\u00e9 psychique. Il trace une ligne de diff\u00e9renciation entre moi et non-moi permettant une d\u00e9limitation de la pens\u00e9e. La structuration des rep\u00e8res qui d\u00e9terminent la circulation des paroles entre l\u2019int\u00e9riorit\u00e9 et l\u2019ext\u00e9riorit\u00e9 organise les relations du sujet avec le monde, les autres et lui-m\u00eame.<br>Ainsi, nous pourrons saisir certains constats cliniques, tel que le besoin de l\u2019adolescent de construire un jardin secret, les difficult\u00e9s d\u2019apprentissage, les enfants trop vite familiers avec les inconnus, le tabou du traumatisme, ou encore la pertinence de la confidentialit\u00e9 dans les pratiques, comme \u00e9tant li\u00e9s \u00e0 la qualit\u00e9 de contenance psychique.<br>Cette capacit\u00e9 \u00e0 contenir ses pens\u00e9es se d\u00e9veloppe tr\u00e8s pr\u00e9cocement et a \u00e0 voir avec les premi\u00e8res exp\u00e9riences de manque. L\u2019angoisse induite par la s\u00e9paration est \u00e0 l\u2019origine de la formation de m\u00e9canismes de d\u00e9fenses, comme le refoulement par exemple. L\u2019inconscient pour nous prot\u00e9ger met \u00e0 l\u2019\u00e9cart une part de notre vie psychique qui devient alors un secret pour nous-m\u00eame.<br>Cette tension est en partie \u00e0 la source de la cr\u00e9ativit\u00e9. L\u2019artiste ne serait-il pas celui qui cherche \u00e0 mettre en forme ce qui lui fait \u00e9nigme, quelque chose qui est un secret pour lui-m\u00eame ?<\/p>\n\n\n\n<p class=\"has-text-color has-link-color wp-elements-0c5dd61414d2cb4c88e3596780dedeb0\" style=\"color:#2753a5\"><strong><em>Pour lire le texte complet <a href=\"\/index.php\/options-dinscription\/\"><mark style=\"background-color:rgba(0, 0, 0, 0)\" class=\"has-inline-color has-vivid-cyan-blue-color\">s&rsquo;inscrire<\/mark><\/a> ou <a href=\"\/index.php\/my-account\/edit-account\/\"><mark style=\"background-color:rgba(0, 0, 0, 0)\" class=\"has-inline-color has-vivid-cyan-blue-color\">se connecter<\/mark><\/a><\/em><\/strong><\/p>\n\n\n\n\n\n<div style=\"height:100px\" aria-hidden=\"true\" class=\"wp-block-spacer\"><\/div>\n\n\n\n<div class=\"wp-block-buttons is-content-justification-center is-layout-flex wp-container-core-buttons-is-layout-a89b3969 wp-block-buttons-is-layout-flex\">\n<div class=\"wp-block-button has-custom-font-size has-small-font-size\"><a class=\"wp-block-button__link has-vivid-red-background-color has-background wp-element-button\" href=\"\/index.php\/2025\/01\/20\/partager-lever-taire-un-secret\/\">&lt;&#8211; retour<\/a><\/div>\n<\/div>\n<\/div>\n\n\n\n<div class=\"wp-block-column is-layout-flow wp-block-column-is-layout-flow\" style=\"flex-basis:33.33%\">\n<figure class=\"wp-block-table\"><table class=\"has-background\" style=\"background-color:#f8f2f2\"><thead><tr><th><mark class=\"has-inline-color has-vivid-red-color\" style=\"background-color: rgba(0, 0, 0, 0);\"><strong>Auteur<\/strong><\/mark><\/th><\/tr><\/thead><tbody><tr><td><strong><strong><strong><strong><strong><strong>Aline Galmiche-Cartier<\/strong><\/strong><\/strong><\/strong><\/strong><\/strong><\/td><\/tr><\/tbody><\/table><\/figure>\n\n\n\n<figure class=\"wp-block-table\"><table><thead><tr><th><mark class=\"has-inline-color has-vivid-red-color\" style=\"background-color: rgba(0, 0, 0, 0);\"><strong>R\u00e9f\u00e9rence<\/strong><\/mark><\/th><\/tr><\/thead><tbody><tr><td><strong>RA001-02<\/strong><br><strong>Partager, lever, taire un secret<\/strong><br>Journ\u00e9es d&rsquo;Automne 2010<\/td><\/tr><\/tbody><\/table><\/figure>\n\n\n\n<figure class=\"wp-block-table\"><table><thead><tr><th><mark class=\"has-inline-color has-vivid-red-color\" style=\"background-color: rgba(0, 0, 0, 0);\"><strong>Cat\u00e9gories<\/strong><\/mark><\/th><\/tr><\/thead><tbody><tr><td>Psychanalyse<br>Dessin<br>Cas clinique<\/td><\/tr><\/tbody><\/table><\/figure>\n<\/div>\n<\/div>\n","protected":false},"excerpt":{"rendered":"<p>Du point de vue de celui qui le d\u00e9tient, le secret peut s\u2019envisager sous l\u2019angle de l\u2019intimit\u00e9 psychique. Il trace une ligne de diff\u00e9renciation entre moi et non-moi permettant une d\u00e9limitation de la pens\u00e9e. La structuration des rep\u00e8res qui d\u00e9terminent la circulation des paroles entre l\u2019int\u00e9riorit\u00e9 et l\u2019ext\u00e9riorit\u00e9 organise les&hellip;<\/p>\n","protected":false},"author":2,"featured_media":0,"comment_status":"closed","ping_status":"open","sticky":false,"template":"","format":"standard","meta":{"pmpro_default_level":"","ngg_post_thumbnail":0,"footnotes":""},"categories":[649],"tags":[508,493,647,494,650],"class_list":["post-3249","post","type-post","status-publish","format-standard","hentry","category-galmiche-cartier-aline","tag-dessin","tag-cas-clinique","tag-partager-lever-taire-un-secret","tag-psychanalyse","tag-ra001-02","pmpro-has-access"],"_links":{"self":[{"href":"https:\/\/bibliotheque-sfpe-at.com\/index.php\/wp-json\/wp\/v2\/posts\/3249","targetHints":{"allow":["GET"]}}],"collection":[{"href":"https:\/\/bibliotheque-sfpe-at.com\/index.php\/wp-json\/wp\/v2\/posts"}],"about":[{"href":"https:\/\/bibliotheque-sfpe-at.com\/index.php\/wp-json\/wp\/v2\/types\/post"}],"author":[{"embeddable":true,"href":"https:\/\/bibliotheque-sfpe-at.com\/index.php\/wp-json\/wp\/v2\/users\/2"}],"replies":[{"embeddable":true,"href":"https:\/\/bibliotheque-sfpe-at.com\/index.php\/wp-json\/wp\/v2\/comments?post=3249"}],"version-history":[{"count":3,"href":"https:\/\/bibliotheque-sfpe-at.com\/index.php\/wp-json\/wp\/v2\/posts\/3249\/revisions"}],"predecessor-version":[{"id":4321,"href":"https:\/\/bibliotheque-sfpe-at.com\/index.php\/wp-json\/wp\/v2\/posts\/3249\/revisions\/4321"}],"wp:attachment":[{"href":"https:\/\/bibliotheque-sfpe-at.com\/index.php\/wp-json\/wp\/v2\/media?parent=3249"}],"wp:term":[{"taxonomy":"category","embeddable":true,"href":"https:\/\/bibliotheque-sfpe-at.com\/index.php\/wp-json\/wp\/v2\/categories?post=3249"},{"taxonomy":"post_tag","embeddable":true,"href":"https:\/\/bibliotheque-sfpe-at.com\/index.php\/wp-json\/wp\/v2\/tags?post=3249"}],"curies":[{"name":"wp","href":"https:\/\/api.w.org\/{rel}","templated":true}]}}