{"id":3258,"date":"2025-01-20T15:14:52","date_gmt":"2025-01-20T14:14:52","guid":{"rendered":"https:\/\/sfpe-at.com\/?p=3258"},"modified":"2025-03-19T00:20:56","modified_gmt":"2025-03-18T23:20:56","slug":"oeuvre-et-ou-delire-cenotaphe-des-peres-au-secret","status":"publish","type":"post","link":"https:\/\/bibliotheque-sfpe-at.com\/index.php\/2025\/01\/20\/oeuvre-et-ou-delire-cenotaphe-des-peres-au-secret\/","title":{"rendered":"\u0152uvre et (ou) d\u00e9lire : c\u00e9notaphe des p\u00e8res au secret"},"content":{"rendered":"\n<p><\/p>\n\n\n\n<div class=\"wp-block-columns is-layout-flex wp-container-core-columns-is-layout-28f84493 wp-block-columns-is-layout-flex\">\n<div class=\"wp-block-column is-layout-flow wp-block-column-is-layout-flow\" style=\"flex-basis:66.66%\">\n<p>\u00ab Pater semper incertus est, mater certissima est \u00bb. L&rsquo;adage attestant la r\u00e9v\u00e9lation des r\u00f4les sexuels maternel et paternel en la deuxi\u00e8me \u00e9poque du Roman familial (Freud, 1909) explique l&rsquo;incertitude qui frappe toute relation au P\u00e8re (r\u00e9el\/imaginaire\/symbolique): sa l\u00e9gitimit\u00e9 ill\u00e9gitimit\u00e9, ses intentions bienveillantes\/meurtri\u00e8res, sa qualit\u00e9 honorable\/l\u00e2che. Le scellement symbolique du P\u00e8re suture l&rsquo;incertitude et expose aux pressions du conflit \u0153dipien; mais la mise sous scell\u00e9s (au secret) de l&rsquo;identification d\u00e9ficiente ou impossible au p\u00e8re (Chasseguet-Smirgel, 1979) et des liens de filiation incertains ou reni\u00e9s, peut inspirer des variantes fictionnelles, artistiques du Roman familial. Pas n\u00e9cessairement celles d&rsquo;un visionnaire illumin\u00e9, ni d&rsquo;un entrepreneur cynique, car s&rsquo;il est des secrets empoisonn\u00e9s et mortif\u00e8res, il en est des ch\u00e9rissables, protecteurs et cr\u00e9atifs. Ainsi des \u0153uvres en clair-obscur, aux secr\u00e8tes atmosph\u00e8res, qui conjuguent les dilemmes, les \u00e9nigmes et les intrigues plut\u00f4t que les myst\u00e8res ou les traumatismes dramaturgiques. \u0152uvres d&rsquo;auteurs sans orgueil d&rsquo;enfant-roi, ni haine de revanche (Robert 1972), mais capables de critique caustique contre la l\u00e2chet\u00e9 des puissants et de compassion pour les plus fragiles. Leur caract\u00e8re autobiographique ne conc\u00e8de en rien au r\u00e9v\u00e9lations intimes, car il n&rsquo;est pas n\u00e9cessaire de cacher pour prot\u00e9ger un secret. Ces auteurs sont doux, voire effac\u00e9s, emprunt\u00e9s, sans m\u00e2le assurance, mais s\u00e9ducteurs et ch\u00e9rissables par le besoin de consoler ce qu&rsquo;ils r\u00e9veillent.<br>Ainsi pour nous, les \u0153uvres de F.Truffaut (1985), de G.Garouste (2009) et de P.Modiano (2005), issues de \u00ab ces p\u00e9riodes de haute turbulence (qui) provoquent des rencontres hasardeuses \u00bb (Modiano) : &#8211; guerres ; &#8211; Occupation; &#8211; exil\u2026 o\u00f9 tous les p\u00e8res ne furent pas des h\u00e9ros ! L&rsquo;\u0153uvre expos\u00e9e et consacr\u00e9e par un public n&rsquo;en reste pas moins un c\u00e9notaphe, c\u2019est-\u00e0-dire un tombeau pour p\u00e8re au secret, une interpr\u00e9tation du secret du d\u00e9sir (ou non d\u00e9sir) de conception, une solution pour tenir le vide enclos, pour soutenir \u00ab la relation d&rsquo;inconnu \u00bb (Rosolato, 1978) et donner vie \u00e0 nos alt\u00e9rit\u00e9s secr\u00e8tes (Anzieu, 1981) : \u00eatre soi-m\u00eame-autre-ment.<\/p>\n\n\n\n<p class=\"has-text-color has-link-color wp-elements-0c5dd61414d2cb4c88e3596780dedeb0\" style=\"color:#2753a5\"><strong><em>Pour lire le texte complet <a href=\"\/index.php\/options-dinscription\/\"><mark style=\"background-color:rgba(0, 0, 0, 0)\" class=\"has-inline-color has-vivid-cyan-blue-color\">s&rsquo;inscrire<\/mark><\/a> ou <a href=\"\/index.php\/my-account\/edit-account\/\"><mark style=\"background-color:rgba(0, 0, 0, 0)\" class=\"has-inline-color has-vivid-cyan-blue-color\">se connecter<\/mark><\/a><\/em><\/strong><\/p>\n\n\n\n\n\n<div style=\"height:100px\" aria-hidden=\"true\" class=\"wp-block-spacer\"><\/div>\n\n\n\n<div class=\"wp-block-buttons is-content-justification-center is-layout-flex wp-container-core-buttons-is-layout-a89b3969 wp-block-buttons-is-layout-flex\">\n<div class=\"wp-block-button has-custom-font-size has-small-font-size\"><a class=\"wp-block-button__link has-vivid-red-background-color has-background wp-element-button\" href=\"\/index.php\/2025\/01\/20\/partager-lever-taire-un-secret\/\">&lt;&#8211; retour<\/a><\/div>\n<\/div>\n<\/div>\n\n\n\n<div class=\"wp-block-column is-layout-flow wp-block-column-is-layout-flow\" style=\"flex-basis:33.33%\">\n<figure class=\"wp-block-table\"><table class=\"has-background\" style=\"background-color:#f8f2f2\"><thead><tr><th><mark class=\"has-inline-color has-vivid-red-color\" style=\"background-color: rgba(0, 0, 0, 0);\"><strong>Auteur<\/strong><\/mark><\/th><\/tr><\/thead><tbody><tr><td><strong><strong><strong><strong><strong><strong>Val\u00e9rie MAZOYER<\/strong><\/strong><\/strong><\/strong><\/strong><\/strong><br><strong>Jean-Pierre MARTINEAU<\/strong><\/td><\/tr><\/tbody><\/table><\/figure>\n\n\n\n<figure class=\"wp-block-table\"><table><thead><tr><th><mark class=\"has-inline-color has-vivid-red-color\" style=\"background-color: rgba(0, 0, 0, 0);\"><strong>R\u00e9f\u00e9rence<\/strong><\/mark><\/th><\/tr><\/thead><tbody><tr><td><strong>RA001-05<\/strong><br><strong>Partager, lever, taire un secret<\/strong><br>Journ\u00e9es d&rsquo;Automne 2010<\/td><\/tr><\/tbody><\/table><\/figure>\n\n\n\n<figure class=\"wp-block-table\"><table><thead><tr><th><mark class=\"has-inline-color has-vivid-red-color\" style=\"background-color: rgba(0, 0, 0, 0);\"><strong>Cat\u00e9gories<\/strong><\/mark><\/th><\/tr><\/thead><tbody><tr><td>Psychanalyse<br>Psychopathologie de l\u2019expression<br>Cin\u00e9ma<br>Peinture<br>\u00c9criture<\/td><\/tr><\/tbody><\/table><\/figure>\n<\/div>\n<\/div>\n","protected":false},"excerpt":{"rendered":"<p>\u00ab Pater semper incertus est, mater certissima est \u00bb. L&rsquo;adage attestant la r\u00e9v\u00e9lation des r\u00f4les sexuels maternel et paternel en la deuxi\u00e8me \u00e9poque du Roman familial (Freud, 1909) explique l&rsquo;incertitude qui frappe toute relation au P\u00e8re (r\u00e9el\/imaginaire\/symbolique): sa l\u00e9gitimit\u00e9 ill\u00e9gitimit\u00e9, ses intentions bienveillantes\/meurtri\u00e8res, sa qualit\u00e9 honorable\/l\u00e2che. Le scellement symbolique du&hellip;<\/p>\n","protected":false},"author":2,"featured_media":0,"comment_status":"closed","ping_status":"open","sticky":false,"template":"","format":"standard","meta":{"pmpro_default_level":"","ngg_post_thumbnail":0,"footnotes":""},"categories":[41,66],"tags":[510,497,647,484,494,488,653],"class_list":["post-3258","post","type-post","status-publish","format-standard","hentry","category-martineau-jean-pierre","category-mazoyer-anne-valerie","tag-cinema","tag-ecriture","tag-partager-lever-taire-un-secret","tag-peinture","tag-psychanalyse","tag-psychopathologie-de-lexpression","tag-ra001-05","pmpro-has-access"],"_links":{"self":[{"href":"https:\/\/bibliotheque-sfpe-at.com\/index.php\/wp-json\/wp\/v2\/posts\/3258","targetHints":{"allow":["GET"]}}],"collection":[{"href":"https:\/\/bibliotheque-sfpe-at.com\/index.php\/wp-json\/wp\/v2\/posts"}],"about":[{"href":"https:\/\/bibliotheque-sfpe-at.com\/index.php\/wp-json\/wp\/v2\/types\/post"}],"author":[{"embeddable":true,"href":"https:\/\/bibliotheque-sfpe-at.com\/index.php\/wp-json\/wp\/v2\/users\/2"}],"replies":[{"embeddable":true,"href":"https:\/\/bibliotheque-sfpe-at.com\/index.php\/wp-json\/wp\/v2\/comments?post=3258"}],"version-history":[{"count":3,"href":"https:\/\/bibliotheque-sfpe-at.com\/index.php\/wp-json\/wp\/v2\/posts\/3258\/revisions"}],"predecessor-version":[{"id":4347,"href":"https:\/\/bibliotheque-sfpe-at.com\/index.php\/wp-json\/wp\/v2\/posts\/3258\/revisions\/4347"}],"wp:attachment":[{"href":"https:\/\/bibliotheque-sfpe-at.com\/index.php\/wp-json\/wp\/v2\/media?parent=3258"}],"wp:term":[{"taxonomy":"category","embeddable":true,"href":"https:\/\/bibliotheque-sfpe-at.com\/index.php\/wp-json\/wp\/v2\/categories?post=3258"},{"taxonomy":"post_tag","embeddable":true,"href":"https:\/\/bibliotheque-sfpe-at.com\/index.php\/wp-json\/wp\/v2\/tags?post=3258"}],"curies":[{"name":"wp","href":"https:\/\/api.w.org\/{rel}","templated":true}]}}