{"id":3262,"date":"2025-01-20T15:26:51","date_gmt":"2025-01-20T14:26:51","guid":{"rendered":"https:\/\/sfpe-at.com\/?p=3262"},"modified":"2025-03-19T00:22:17","modified_gmt":"2025-03-18T23:22:17","slug":"quand-le-secret-est-une-personne","status":"publish","type":"post","link":"https:\/\/bibliotheque-sfpe-at.com\/index.php\/2025\/01\/20\/quand-le-secret-est-une-personne\/","title":{"rendered":"Quand le secret est une personne"},"content":{"rendered":"\n<p><strong>Impacts transg\u00e9n\u00e9rationnels du v\u00e9cu des enfants juifs cach\u00e9s en France pendant la seconde guerre mondiale<\/strong><\/p>\n\n\n\n<div class=\"wp-block-columns is-layout-flex wp-container-core-columns-is-layout-28f84493 wp-block-columns-is-layout-flex\">\n<div class=\"wp-block-column is-layout-flow wp-block-column-is-layout-flow\" style=\"flex-basis:66.66%\">\n<p>Pour \u00e9chapper \u00e0 la d\u00e9portation qui mena\u00e7ait tous les Juifs d\u2019Europe pendant la Seconde Guerre mondiale, un certain nombre d\u2019enfants ont \u00e9t\u00e9 contraints de vivre cach\u00e9s pour assurer leur survie. Ils ont \u00e9t\u00e9 expos\u00e9s \u00e0 des attaques de filiation, d\u2019affiliation, des pertes, des privations et des frayeurs multiples. Outre ces traumas cumulatifs, ils ont d\u00fb supporter le silence et l\u2019absence de reconnaissance de leur v\u00e9cu. Enfants, ils se sont construits de fa\u00e7on sp\u00e9cifique, en lien avec cette situation singuli\u00e8re d\u2019avoir \u00e9t\u00e9 cach\u00e9s. Ils devaient notamment taire leur identit\u00e9. De plus, la Lib\u00e9ration n\u2019en a pas \u00e9t\u00e9 une pour eux, et il a fallu attendre l\u2019ann\u00e9e 1991, pour que la souffrance des \u201cenfants cach\u00e9s\u201d soit reconnue officiellement.<br>Ils ont grandi avec le silence de la p\u00e9riode de clandestinit\u00e9 et de celui de l\u2019apr\u00e8s-guerre. Ils ont ainsi \u00e9t\u00e9 doublement \u201csilenci\u00e9s\u201d. Ils sont devenus adultes, ont exerc\u00e9 un m\u00e9tier et ont fond\u00e9 une famille. Aujourd\u2019hui, ils sont grands-parents et entrent dans leur dernier cycle de vie.<br>A travers la pr\u00e9sentation d\u2019une situation clinique familiale, nous verrons comment ces silences font trace sur trois g\u00e9n\u00e9rations et nous identifierons les effets psychologiques transg\u00e9n\u00e9rationnels lorsqu\u2019\u00e0 une g\u00e9n\u00e9ration, le \u201csecret a \u00e9t\u00e9 une personne\u201d.<\/p>\n\n\n\n<p class=\"has-text-color has-link-color wp-elements-0c5dd61414d2cb4c88e3596780dedeb0\" style=\"color:#2753a5\"><strong><em>Pour lire le texte complet <a href=\"\/index.php\/options-dinscription\/\"><mark style=\"background-color:rgba(0, 0, 0, 0)\" class=\"has-inline-color has-vivid-cyan-blue-color\">s&rsquo;inscrire<\/mark><\/a> ou <a href=\"\/index.php\/my-account\/edit-account\/\"><mark style=\"background-color:rgba(0, 0, 0, 0)\" class=\"has-inline-color has-vivid-cyan-blue-color\">se connecter<\/mark><\/a><\/em><\/strong><\/p>\n\n\n\n\n\n<div style=\"height:100px\" aria-hidden=\"true\" class=\"wp-block-spacer\"><\/div>\n\n\n\n<div class=\"wp-block-buttons is-content-justification-center is-layout-flex wp-container-core-buttons-is-layout-a89b3969 wp-block-buttons-is-layout-flex\">\n<div class=\"wp-block-button has-custom-font-size has-small-font-size\"><a class=\"wp-block-button__link has-vivid-red-background-color has-background wp-element-button\" href=\"\/index.php\/2025\/01\/20\/partager-lever-taire-un-secret\/\">&lt;&#8211; retour<\/a><\/div>\n<\/div>\n<\/div>\n\n\n\n<div class=\"wp-block-column is-layout-flow wp-block-column-is-layout-flow\" style=\"flex-basis:33.33%\">\n<figure class=\"wp-block-table\"><table class=\"has-background\" style=\"background-color:#f8f2f2\"><thead><tr><th><mark class=\"has-inline-color has-vivid-red-color\" style=\"background-color: rgba(0, 0, 0, 0);\"><strong>Auteur<\/strong><\/mark><\/th><\/tr><\/thead><tbody><tr><td><strong>Marion FELDMAN<\/strong><\/td><\/tr><\/tbody><\/table><\/figure>\n\n\n\n<figure class=\"wp-block-table\"><table><thead><tr><th><mark class=\"has-inline-color has-vivid-red-color\" style=\"background-color: rgba(0, 0, 0, 0);\"><strong>R\u00e9f\u00e9rence<\/strong><\/mark><\/th><\/tr><\/thead><tbody><tr><td><strong>RA001-07<\/strong><br><strong>Partager, lever, taire un secret<\/strong><br>Journ\u00e9es d&rsquo;Automne 2010<\/td><\/tr><\/tbody><\/table><\/figure>\n\n\n\n<figure class=\"wp-block-table\"><table><thead><tr><th><mark class=\"has-inline-color has-vivid-red-color\" style=\"background-color: rgba(0, 0, 0, 0);\"><strong>Cat\u00e9gories<\/strong><\/mark><\/th><\/tr><\/thead><tbody><tr><td>Psychologie<br>Th\u00e9\u00e2tre<br>Cas cliniques<\/td><\/tr><\/tbody><\/table><\/figure>\n<\/div>\n<\/div>\n","protected":false},"excerpt":{"rendered":"<p>Impacts transg\u00e9n\u00e9rationnels du v\u00e9cu des enfants juifs cach\u00e9s en France pendant la seconde guerre mondiale Pour \u00e9chapper \u00e0 la d\u00e9portation qui mena\u00e7ait tous les Juifs d\u2019Europe pendant la Seconde Guerre mondiale, un certain nombre d\u2019enfants ont \u00e9t\u00e9 contraints de vivre cach\u00e9s pour assurer leur survie. Ils ont \u00e9t\u00e9 expos\u00e9s \u00e0&hellip;<\/p>\n","protected":false},"author":2,"featured_media":0,"comment_status":"closed","ping_status":"open","sticky":false,"template":"","format":"standard","meta":{"pmpro_default_level":"","ngg_post_thumbnail":0,"footnotes":""},"categories":[655],"tags":[493,647,498,656,504],"class_list":["post-3262","post","type-post","status-publish","format-standard","hentry","category-feldman-marion","tag-cas-clinique","tag-partager-lever-taire-un-secret","tag-psychologie","tag-ra001-07","tag-theatre","pmpro-has-access"],"_links":{"self":[{"href":"https:\/\/bibliotheque-sfpe-at.com\/index.php\/wp-json\/wp\/v2\/posts\/3262","targetHints":{"allow":["GET"]}}],"collection":[{"href":"https:\/\/bibliotheque-sfpe-at.com\/index.php\/wp-json\/wp\/v2\/posts"}],"about":[{"href":"https:\/\/bibliotheque-sfpe-at.com\/index.php\/wp-json\/wp\/v2\/types\/post"}],"author":[{"embeddable":true,"href":"https:\/\/bibliotheque-sfpe-at.com\/index.php\/wp-json\/wp\/v2\/users\/2"}],"replies":[{"embeddable":true,"href":"https:\/\/bibliotheque-sfpe-at.com\/index.php\/wp-json\/wp\/v2\/comments?post=3262"}],"version-history":[{"count":3,"href":"https:\/\/bibliotheque-sfpe-at.com\/index.php\/wp-json\/wp\/v2\/posts\/3262\/revisions"}],"predecessor-version":[{"id":4349,"href":"https:\/\/bibliotheque-sfpe-at.com\/index.php\/wp-json\/wp\/v2\/posts\/3262\/revisions\/4349"}],"wp:attachment":[{"href":"https:\/\/bibliotheque-sfpe-at.com\/index.php\/wp-json\/wp\/v2\/media?parent=3262"}],"wp:term":[{"taxonomy":"category","embeddable":true,"href":"https:\/\/bibliotheque-sfpe-at.com\/index.php\/wp-json\/wp\/v2\/categories?post=3262"},{"taxonomy":"post_tag","embeddable":true,"href":"https:\/\/bibliotheque-sfpe-at.com\/index.php\/wp-json\/wp\/v2\/tags?post=3262"}],"curies":[{"name":"wp","href":"https:\/\/api.w.org\/{rel}","templated":true}]}}