{"id":3264,"date":"2025-01-20T15:33:00","date_gmt":"2025-01-20T14:33:00","guid":{"rendered":"https:\/\/sfpe-at.com\/?p=3264"},"modified":"2025-03-18T23:49:52","modified_gmt":"2025-03-18T22:49:52","slug":"lindicible-secret-de-camille-claudel","status":"publish","type":"post","link":"https:\/\/bibliotheque-sfpe-at.com\/index.php\/2025\/01\/20\/lindicible-secret-de-camille-claudel\/","title":{"rendered":"L\u2019indicible secret de Camille Claudel"},"content":{"rendered":"\n<p><\/p>\n\n\n\n<div class=\"wp-block-columns is-layout-flex wp-container-core-columns-is-layout-28f84493 wp-block-columns-is-layout-flex\">\n<div class=\"wp-block-column is-layout-flow wp-block-column-is-layout-flow\" style=\"flex-basis:66.66%\">\n<p>On conna\u00eet la vie de Camille Claudel (1864-1943) et le drame qui l\u2019a conduite \u00e0 Tasile. Dans un essai que je lui ai consacr\u00e9 (Camille Claudel, le miroir et la nuit), j&rsquo;ai tent\u00e9 de montrer que son \u0153uvre tout enti\u00e8re \u00e9tait marqu\u00e9e du signifiant de l\u2019ombre et de la nuit.<br>Si la peinture est \u00ab po\u00e9sie muette \u00bb, comme le dit C\u00e9os (556 av. J.-C.), la sculpture ne l\u2019est pas moins. Toute statue est comme un occulte secret qui jamais ne se livre en mots ; secret gisant bien au-del\u00e0 de ce qu\u2019elle figure, dans ce qui la fait forme, profondeur, mati\u00e8re ; secret des origines de l\u2019\u00eatre, monde d\u2019avant la parole encore marqu\u00e9 d\u2019un d\u00e9sir indicible. C\u2019est la raison d\u2019exister d\u2019une \u0153uvre de ne pas se livrer en paroles mais dans sa forme.<br>Quel serait donc le secret de Camille Claudel ? D\u00e9sir \u00e9cartel\u00e9, sans doute, pris en otage de la d\u00e9tresse d\u2019une m\u00e8re en deuil de son fils mort 15 jours apr\u00e8s sa naissance2 ; d\u00e9sir mortif\u00e8re finalement exauc\u00e9 dont l\u2019ambivalence (amour-haine) a envahi l\u2019esprit de Camille jusqu\u2019\u00e0 la fracture. La sculpture porterait-elle dans sa forme m\u00eame la marque de ce d\u00e9sir et de cette ambivalence ?<br>Dans le volume, le plein appara\u00eet comme une \u00ab revendication virile \u00bb : \u00e9riger une sculpture dans l\u2019espace, le p\u00e9n\u00e9trer, affirme certainement une ambition phallique. Le plein, selon la philosophie chinoise, est apparent\u00e9 au yang masculin. \u00c0 l\u2019inverse, l\u2019espace vide qui enveloppe toute chose, s\u2019impose comme matrice symbolique ; il est apparent\u00e9 au yin f\u00e9minin.<br>Le secret jamais r\u00e9v\u00e9l\u00e9 de Camille Claudel se livrerait-il dans les relations qu\u2019entretiennent le plein et le vide dans sa sculpture ? L\u2019espace matriciel que constituerait le vide comme instance pers\u00e9cutrice f\u00e9minine donnerait alors un autre sens au d\u00e9lire de Camille. Le \u00ab voleur \u00bb n\u2019appartiendrait plus uniquement \u00e0 la \u00ab bande \u00e0 Rodin \u00bb. Comme l\u2019\u00e9crit Maurice Corcos, Auguste Rodin est aussi : \u00ab figure maternelle3\u00bb. La d\u00e9sint\u00e9gration psychique ne regarderait plus alors uniquement le sculpteur, mais viserait aussi la m\u00e8re de Camille, Louise-Athana\u00efse, d\u2019un d\u00e9sir de mort si puissant qu\u2019il se retournerait en d\u00e9lire de pers\u00e9cution et en fureur destructrice. Deux sculptures confront\u00e9es \u00e0 la correspondance de Camille nous aideront \u00e0 formuler cette hypoth\u00e8se.<\/p>\n\n\n\n<p class=\"has-text-color has-link-color wp-elements-0c5dd61414d2cb4c88e3596780dedeb0\" style=\"color:#2753a5\"><strong><em>Pour lire le texte complet <a href=\"\/index.php\/options-dinscription\/\"><mark style=\"background-color:rgba(0, 0, 0, 0)\" class=\"has-inline-color has-vivid-cyan-blue-color\">s&rsquo;inscrire<\/mark><\/a> ou <a href=\"\/index.php\/my-account\/edit-account\/\"><mark style=\"background-color:rgba(0, 0, 0, 0)\" class=\"has-inline-color has-vivid-cyan-blue-color\">se connecter<\/mark><\/a><\/em><\/strong><\/p>\n\n\n\n\n\n<div style=\"height:100px\" aria-hidden=\"true\" class=\"wp-block-spacer\"><\/div>\n\n\n\n<div class=\"wp-block-buttons is-content-justification-center is-layout-flex wp-container-core-buttons-is-layout-a89b3969 wp-block-buttons-is-layout-flex\">\n<div class=\"wp-block-button has-custom-font-size has-small-font-size\"><a class=\"wp-block-button__link has-vivid-red-background-color has-background wp-element-button\" href=\"\/index.php\/2025\/01\/20\/partager-lever-taire-un-secret\/\">&lt;&#8211; retour<\/a><\/div>\n<\/div>\n<\/div>\n\n\n\n<div class=\"wp-block-column is-layout-flow wp-block-column-is-layout-flow\" style=\"flex-basis:33.33%\">\n<figure class=\"wp-block-table\"><table class=\"has-background\" style=\"background-color:#f8f2f2\"><thead><tr><th><mark class=\"has-inline-color has-vivid-red-color\" style=\"background-color: rgba(0, 0, 0, 0);\"><strong>Auteur<\/strong><\/mark><\/th><\/tr><\/thead><tbody><tr><td><strong>G\u00e9rard BOUT\u00c9<\/strong><\/td><\/tr><\/tbody><\/table><\/figure>\n\n\n\n<figure class=\"wp-block-table\"><table><thead><tr><th><mark class=\"has-inline-color has-vivid-red-color\" style=\"background-color: rgba(0, 0, 0, 0);\"><strong>R\u00e9f\u00e9rence<\/strong><\/mark><\/th><\/tr><\/thead><tbody><tr><td><strong>RA001-08<\/strong><br><strong>Partager, lever, taire un secret<\/strong><br>Journ\u00e9es d&rsquo;Automne 2010<\/td><\/tr><\/tbody><\/table><\/figure>\n\n\n\n<figure class=\"wp-block-table\"><table><thead><tr><th><mark class=\"has-inline-color has-vivid-red-color\" style=\"background-color: rgba(0, 0, 0, 0);\"><strong>Cat\u00e9gories<\/strong><\/mark><\/th><\/tr><\/thead><tbody><tr><td>Esth\u00e9tique<br>Ph\u00e9nom\u00e9nologie<br>Sculpture<\/td><\/tr><\/tbody><\/table><\/figure>\n<\/div>\n<\/div>\n","protected":false},"excerpt":{"rendered":"<p>On conna\u00eet la vie de Camille Claudel (1864-1943) et le drame qui l\u2019a conduite \u00e0 Tasile. Dans un essai que je lui ai consacr\u00e9 (Camille Claudel, le miroir et la nuit), j&rsquo;ai tent\u00e9 de montrer que son \u0153uvre tout enti\u00e8re \u00e9tait marqu\u00e9e du signifiant de l\u2019ombre et de la nuit.Si&hellip;<\/p>\n","protected":false},"author":2,"featured_media":0,"comment_status":"closed","ping_status":"open","sticky":false,"template":"","format":"standard","meta":{"pmpro_default_level":"","ngg_post_thumbnail":0,"footnotes":""},"categories":[68],"tags":[491,647,486,659,495],"class_list":["post-3264","post","type-post","status-publish","format-standard","hentry","category-boute-gerard","tag-esthetique","tag-partager-lever-taire-un-secret","tag-phenomenologie","tag-ra001-08","tag-sculpture","pmpro-has-access"],"_links":{"self":[{"href":"https:\/\/bibliotheque-sfpe-at.com\/index.php\/wp-json\/wp\/v2\/posts\/3264","targetHints":{"allow":["GET"]}}],"collection":[{"href":"https:\/\/bibliotheque-sfpe-at.com\/index.php\/wp-json\/wp\/v2\/posts"}],"about":[{"href":"https:\/\/bibliotheque-sfpe-at.com\/index.php\/wp-json\/wp\/v2\/types\/post"}],"author":[{"embeddable":true,"href":"https:\/\/bibliotheque-sfpe-at.com\/index.php\/wp-json\/wp\/v2\/users\/2"}],"replies":[{"embeddable":true,"href":"https:\/\/bibliotheque-sfpe-at.com\/index.php\/wp-json\/wp\/v2\/comments?post=3264"}],"version-history":[{"count":3,"href":"https:\/\/bibliotheque-sfpe-at.com\/index.php\/wp-json\/wp\/v2\/posts\/3264\/revisions"}],"predecessor-version":[{"id":4322,"href":"https:\/\/bibliotheque-sfpe-at.com\/index.php\/wp-json\/wp\/v2\/posts\/3264\/revisions\/4322"}],"wp:attachment":[{"href":"https:\/\/bibliotheque-sfpe-at.com\/index.php\/wp-json\/wp\/v2\/media?parent=3264"}],"wp:term":[{"taxonomy":"category","embeddable":true,"href":"https:\/\/bibliotheque-sfpe-at.com\/index.php\/wp-json\/wp\/v2\/categories?post=3264"},{"taxonomy":"post_tag","embeddable":true,"href":"https:\/\/bibliotheque-sfpe-at.com\/index.php\/wp-json\/wp\/v2\/tags?post=3264"}],"curies":[{"name":"wp","href":"https:\/\/api.w.org\/{rel}","templated":true}]}}