{"id":3272,"date":"2025-01-20T15:48:51","date_gmt":"2025-01-20T14:48:51","guid":{"rendered":"https:\/\/sfpe-at.com\/?p=3272"},"modified":"2025-03-19T00:25:06","modified_gmt":"2025-03-18T23:25:06","slug":"motus-et-bouche-cousue-notes-sur-la-lettre-de-pietro-longhi-1702-1785","status":"publish","type":"post","link":"https:\/\/bibliotheque-sfpe-at.com\/index.php\/2025\/01\/20\/motus-et-bouche-cousue-notes-sur-la-lettre-de-pietro-longhi-1702-1785\/","title":{"rendered":"Motus et bouche cousue : Notes sur La Lettre de Pietro Longhi (1702-1785)"},"content":{"rendered":"\n<p><\/p>\n\n\n\n<div class=\"wp-block-columns is-layout-flex wp-container-core-columns-is-layout-28f84493 wp-block-columns-is-layout-flex\">\n<div class=\"wp-block-column is-layout-flow wp-block-column-is-layout-flow\" style=\"flex-basis:66.66%\">\n<p>Pietro Falca. dit Pietro Longhi est n\u00e9 \u00e0 Venise le 5 novembre 1702 o\u00f9 il est mort le 8 mai 1785. 11 a peint plusieurs tableaux repr\u00e9sentant la vie quotidienne \u00e0 Venise, dont La Lettre qui sera au coeur de notre communication Motus et bouche cousue.<br>Cette sc\u00e8ne d&rsquo;int\u00e9rieur, peinte en 1746 et conserv\u00e9e depuis 1912 au Metropolitan Museum of Arts \u00e0 New York, nous semble embl\u00e9matique pour approcher le secret qui en est \u00e0 la fois le cadre, la trame et l\u2019objet. Jouant sur la lecture de la lettre comme espace intime et m\u00e9taphore m\u00eame du secret, la sc\u00e8ne d\u00e9voile plus qu\u2019elle ne montre diff\u00e9rentes d\u00e9clinaisons de la f\u00e9minit\u00e9. Sont r\u00e9unies sous le regard d\u2019un homme aux intentions troubles quatre g\u00e9n\u00e9rations de femmes -une petite fille jouant \u00e0 la poup\u00e9e, une femme d\u2019\u00e2ge m\u00fbr dormant sur une chaise, une jeune fille en fleur lisant avec \u00e9motion une lettre et une vieille femme. La mise en abyme que produit cette cascade g\u00e9n\u00e9rationnelle nous offrira l\u2019occasion d\u2019\u00e9tudier l\u2019\u00e9nigme de la f\u00e9minit\u00e9, ses dits et non dits, ses secrets et sa crypte que figure, dans l\u2019espace enchev\u00eatr\u00e9 du tableau, une t\u00eate de mannequin renvers\u00e9.<br>L\u2019analyse de la construction circulaire de l\u2019espace et le rapport singulier qu\u2019entretient ce tableau avec la temporalit\u00e9 nous permettra-t-il d\u2019en savoir un peu plus sur le devenir de la pulsion et le d\u00e9sir au f\u00e9minin ? Quels secret, tus et d\u00e9voil\u00e9s, sont ici \u00e0 l\u2019oeuvre ?<\/p>\n\n\n\n<p class=\"has-text-color has-link-color wp-elements-0c5dd61414d2cb4c88e3596780dedeb0\" style=\"color:#2753a5\"><strong><em>Pour lire le texte complet <a href=\"\/index.php\/options-dinscription\/\"><mark style=\"background-color:rgba(0, 0, 0, 0)\" class=\"has-inline-color has-vivid-cyan-blue-color\">s&rsquo;inscrire<\/mark><\/a> ou <a href=\"\/index.php\/my-account\/edit-account\/\"><mark style=\"background-color:rgba(0, 0, 0, 0)\" class=\"has-inline-color has-vivid-cyan-blue-color\">se connecter<\/mark><\/a><\/em><\/strong><\/p>\n\n\n\n\n\n<div style=\"height:100px\" aria-hidden=\"true\" class=\"wp-block-spacer\"><\/div>\n\n\n\n<div class=\"wp-block-buttons is-content-justification-center is-layout-flex wp-container-core-buttons-is-layout-a89b3969 wp-block-buttons-is-layout-flex\">\n<div class=\"wp-block-button has-custom-font-size has-small-font-size\"><a class=\"wp-block-button__link has-vivid-red-background-color has-background wp-element-button\" href=\"\/index.php\/2025\/01\/20\/partager-lever-taire-un-secret\/\">&lt;&#8211; retour<\/a><\/div>\n<\/div>\n<\/div>\n\n\n\n<div class=\"wp-block-column is-layout-flow wp-block-column-is-layout-flow\" style=\"flex-basis:33.33%\">\n<figure class=\"wp-block-table\"><table class=\"has-background\" style=\"background-color:#f8f2f2\"><thead><tr><th><mark class=\"has-inline-color has-vivid-red-color\" style=\"background-color: rgba(0, 0, 0, 0);\"><strong>Auteur<\/strong><\/mark><\/th><\/tr><\/thead><tbody><tr><td><strong>Silke SCHAUDER<\/strong><\/td><\/tr><\/tbody><\/table><\/figure>\n\n\n\n<figure class=\"wp-block-table\"><table><thead><tr><th><mark class=\"has-inline-color has-vivid-red-color\" style=\"background-color: rgba(0, 0, 0, 0);\"><strong>R\u00e9f\u00e9rence<\/strong><\/mark><\/th><\/tr><\/thead><tbody><tr><td><strong>RA001-11<\/strong><br><strong>Partager, lever, taire un secret<\/strong><br>Journ\u00e9es d&rsquo;Automne 2010<\/td><\/tr><\/tbody><\/table><\/figure>\n\n\n\n<figure class=\"wp-block-table\"><table><thead><tr><th><mark class=\"has-inline-color has-vivid-red-color\" style=\"background-color: rgba(0, 0, 0, 0);\"><strong>Cat\u00e9gories<\/strong><\/mark><\/th><\/tr><\/thead><tbody><tr><td>Art<br>Psychopathologie de l\u2019expression<br>Peinture<\/td><\/tr><\/tbody><\/table><\/figure>\n<\/div>\n<\/div>\n","protected":false},"excerpt":{"rendered":"<p>Pietro Falca. dit Pietro Longhi est n\u00e9 \u00e0 Venise le 5 novembre 1702 o\u00f9 il est mort le 8 mai 1785. 11 a peint plusieurs tableaux repr\u00e9sentant la vie quotidienne \u00e0 Venise, dont La Lettre qui sera au coeur de notre communication Motus et bouche cousue.Cette sc\u00e8ne d&rsquo;int\u00e9rieur, peinte en&hellip;<\/p>\n","protected":false},"author":2,"featured_media":0,"comment_status":"closed","ping_status":"open","sticky":false,"template":"","format":"standard","meta":{"pmpro_default_level":"","ngg_post_thumbnail":0,"footnotes":""},"categories":[73],"tags":[483,647,484,488,663],"class_list":["post-3272","post","type-post","status-publish","format-standard","hentry","category-schauder-silke","tag-art","tag-partager-lever-taire-un-secret","tag-peinture","tag-psychopathologie-de-lexpression","tag-ra001-12","pmpro-has-access"],"_links":{"self":[{"href":"https:\/\/bibliotheque-sfpe-at.com\/index.php\/wp-json\/wp\/v2\/posts\/3272","targetHints":{"allow":["GET"]}}],"collection":[{"href":"https:\/\/bibliotheque-sfpe-at.com\/index.php\/wp-json\/wp\/v2\/posts"}],"about":[{"href":"https:\/\/bibliotheque-sfpe-at.com\/index.php\/wp-json\/wp\/v2\/types\/post"}],"author":[{"embeddable":true,"href":"https:\/\/bibliotheque-sfpe-at.com\/index.php\/wp-json\/wp\/v2\/users\/2"}],"replies":[{"embeddable":true,"href":"https:\/\/bibliotheque-sfpe-at.com\/index.php\/wp-json\/wp\/v2\/comments?post=3272"}],"version-history":[{"count":3,"href":"https:\/\/bibliotheque-sfpe-at.com\/index.php\/wp-json\/wp\/v2\/posts\/3272\/revisions"}],"predecessor-version":[{"id":4352,"href":"https:\/\/bibliotheque-sfpe-at.com\/index.php\/wp-json\/wp\/v2\/posts\/3272\/revisions\/4352"}],"wp:attachment":[{"href":"https:\/\/bibliotheque-sfpe-at.com\/index.php\/wp-json\/wp\/v2\/media?parent=3272"}],"wp:term":[{"taxonomy":"category","embeddable":true,"href":"https:\/\/bibliotheque-sfpe-at.com\/index.php\/wp-json\/wp\/v2\/categories?post=3272"},{"taxonomy":"post_tag","embeddable":true,"href":"https:\/\/bibliotheque-sfpe-at.com\/index.php\/wp-json\/wp\/v2\/tags?post=3272"}],"curies":[{"name":"wp","href":"https:\/\/api.w.org\/{rel}","templated":true}]}}