{"id":3340,"date":"2025-01-20T17:42:13","date_gmt":"2025-01-20T16:42:13","guid":{"rendered":"https:\/\/sfpe-at.com\/?p=3340"},"modified":"2025-03-19T13:57:16","modified_gmt":"2025-03-19T12:57:16","slug":"lenfant-autiste-lenfant-ravi-du-ravissement-sensoriel-a-la-pre-creativite","status":"publish","type":"post","link":"https:\/\/bibliotheque-sfpe-at.com\/index.php\/2025\/01\/20\/lenfant-autiste-lenfant-ravi-du-ravissement-sensoriel-a-la-pre-creativite\/","title":{"rendered":"L\u2019enfant autiste, l\u2019enfant \u00ab\u00a0ravi\u00a0\u00bb. Du ravissement sensoriel \u00e0 la pr\u00e9-cr\u00e9ativit\u00e9"},"content":{"rendered":"\n<p><\/p>\n\n\n\n<div class=\"wp-block-columns is-layout-flex wp-container-core-columns-is-layout-28f84493 wp-block-columns-is-layout-flex\">\n<div class=\"wp-block-column is-layout-flow wp-block-column-is-layout-flow\" style=\"flex-basis:66.66%\">\n<p>Absorb\u00e9 par la contemplation de son univers sensoriel et isol\u00e9 dans son propre monde, l\u2019enfant autiste appara\u00eet doublement ravi : ravi par les sensations qui le fascinent et ravi \u00e0 la relation \u00e0 l\u2019autre.<br>\u00ab J\u2019\u00e9prouvais un plaisir trop intense \u00e0 chercher \u00e0 me dissoudre dans l\u2019espace pour consentir \u00e0 r\u00e9trograder vers une pauvre chose \u00e0 deux dimensions comme la compr\u00e9hension verbale \u00bb, nous dit Donna Williams.<br>Mais pour Donald Meltzer, la perm\u00e9abilit\u00e9 sensorielle de l\u2019enfant autiste serait exp\u00e9riment\u00e9e comme un bombardement de sensations qui le laisse \u00e0 nu, \u00abexpos\u00e9 \u00e0 tous vents\u00bb, l\u2019emp\u00eachant de constituer son organisation mentale et un Moi coh\u00e9rent, dans un processus de d\u00e9mant\u00e8lement qui renvoie \u00e0 une carence de la fonction maternelle de pare-excitation.<br>Pour Chantal Lheureux Davidse, la recherche d&rsquo;\u00e9blouissement de l&rsquo;enfant autiste est d\u2019abord une recherche active d\u2019\u00e9merveillement, celui qui aurait d\u00fb s&rsquo;installer dans la relation avec la m\u00e8re, et qui, mis en \u00e9chec, se trouve d\u00e9plac\u00e9 vers la recherche d\u2019instants merveilleux ailleurs que dans une rencontre avec l\u2019autre.<br>Au-del\u00e0 de l\u2019aspect d\u00e9fensif de cette \u00ab strat\u00e9gie de survie\u00bb, cet auteur y voit aussi un \u00e9tat de \u00ab pr\u00e9-cr\u00e9ativit\u00e9 \u00bb qui serait commun aux artistes avant que ne se concr\u00e9tise leur cr\u00e9ativit\u00e9 \u00e0 travers une \u0153uvre. La mise en mouvement de traces h\u00e9t\u00e9rog\u00e8nes de perception constituerait une recherche de r\u00e9sonance au sens artistique et po\u00e9tique du terme.<br>Baudelaire et Rimbaud nous invitent en effet \u00e0 ce type de correspondances et Daniel Tammet nous en livre l\u2019exp\u00e9rience autistique avec sa capacit\u00e9 \u00e0 voir les nombres avec des formes, des couleurs et des textures diverses \u2026 L\u2019enfant autiste pourrait ainsi vivre le langage comme un appauvrissement de la \u00ab vastitude de sa pens\u00e9e d\u2019origine \u00bb avec la peur de perdre ses pens\u00e9es en les r\u00e9duisant par le langage. Nous verrons comment une m\u00e9lodie de Brahms semble \u00e9tonnamment illustrer ce point de vue\u2026<\/p>\n\n\n\n<p class=\"has-text-color has-link-color wp-elements-0c5dd61414d2cb4c88e3596780dedeb0\" style=\"color:#2753a5\"><strong><em>Pour lire le texte complet <a href=\"\/index.php\/options-dinscription\/\"><mark style=\"background-color:rgba(0, 0, 0, 0)\" class=\"has-inline-color has-vivid-cyan-blue-color\">s&rsquo;inscrire<\/mark><\/a> ou <a href=\"\/index.php\/my-account\/edit-account\/\"><mark style=\"background-color:rgba(0, 0, 0, 0)\" class=\"has-inline-color has-vivid-cyan-blue-color\">se connecter<\/mark><\/a><\/em><\/strong><\/p>\n\n\n\n\n\n<div style=\"height:100px\" aria-hidden=\"true\" class=\"wp-block-spacer\"><\/div>\n\n\n\n<div class=\"wp-block-buttons is-content-justification-center is-layout-flex wp-container-core-buttons-is-layout-a89b3969 wp-block-buttons-is-layout-flex\">\n<div class=\"wp-block-button has-custom-font-size has-small-font-size\"><a class=\"wp-block-button__link has-vivid-red-background-color has-background wp-element-button\" href=\"\/index.php\/2025\/01\/20\/ravissement\/\">&lt;&#8211; retour<\/a><\/div>\n<\/div>\n<\/div>\n\n\n\n<div class=\"wp-block-column is-layout-flow wp-block-column-is-layout-flow\" style=\"flex-basis:33.33%\">\n<figure class=\"wp-block-table\"><table class=\"has-background\" style=\"background-color:#f8f2f2\"><thead><tr><th><mark class=\"has-inline-color has-vivid-red-color\" style=\"background-color: rgba(0, 0, 0, 0);\"><strong>Auteur<\/strong><\/mark><\/th><\/tr><\/thead><tbody><tr><td><strong><strong>Val\u00e9rie Deschamps<\/strong><\/strong><\/td><\/tr><\/tbody><\/table><\/figure>\n\n\n\n<figure class=\"wp-block-table\"><table><thead><tr><th><mark class=\"has-inline-color has-vivid-red-color\" style=\"background-color: rgba(0, 0, 0, 0);\"><strong>R\u00e9f\u00e9rence<\/strong><\/mark><\/th><\/tr><\/thead><tbody><tr><td><strong>RA003-14<\/strong><br><strong>Ravissement<\/strong><br>Journ\u00e9es d&rsquo;Automne 2012<\/td><\/tr><\/tbody><\/table><\/figure>\n\n\n\n<figure class=\"wp-block-table\"><table><thead><tr><th><mark class=\"has-inline-color has-vivid-red-color\" style=\"background-color: rgba(0, 0, 0, 0);\"><strong>Cat\u00e9gories<\/strong><\/mark><\/th><\/tr><\/thead><tbody><tr><td>P\u00e9dopsychiatrie<br>\u00c9thique<br>Psychanalyse<br>Enfant<\/td><\/tr><\/tbody><\/table><\/figure>\n<\/div>\n<\/div>\n","protected":false},"excerpt":{"rendered":"<p>Absorb\u00e9 par la contemplation de son univers sensoriel et isol\u00e9 dans son propre monde, l\u2019enfant autiste appara\u00eet doublement ravi : ravi par les sensations qui le fascinent et ravi \u00e0 la relation \u00e0 l\u2019autre.\u00ab J\u2019\u00e9prouvais un plaisir trop intense \u00e0 chercher \u00e0 me dissoudre dans l\u2019espace pour consentir \u00e0 r\u00e9trograder&hellip;<\/p>\n","protected":false},"author":2,"featured_media":0,"comment_status":"closed","ping_status":"open","sticky":false,"template":"","format":"standard","meta":{"pmpro_default_level":"","ngg_post_thumbnail":0,"footnotes":""},"categories":[93],"tags":[549,502,669,494,689,667],"class_list":["post-3340","post","type-post","status-publish","format-standard","hentry","category-deschamps-valerie","tag-enfance","tag-ethique","tag-pedopsychiatrie","tag-psychanalyse","tag-ra003-14","tag-ravissement","pmpro-has-access"],"_links":{"self":[{"href":"https:\/\/bibliotheque-sfpe-at.com\/index.php\/wp-json\/wp\/v2\/posts\/3340","targetHints":{"allow":["GET"]}}],"collection":[{"href":"https:\/\/bibliotheque-sfpe-at.com\/index.php\/wp-json\/wp\/v2\/posts"}],"about":[{"href":"https:\/\/bibliotheque-sfpe-at.com\/index.php\/wp-json\/wp\/v2\/types\/post"}],"author":[{"embeddable":true,"href":"https:\/\/bibliotheque-sfpe-at.com\/index.php\/wp-json\/wp\/v2\/users\/2"}],"replies":[{"embeddable":true,"href":"https:\/\/bibliotheque-sfpe-at.com\/index.php\/wp-json\/wp\/v2\/comments?post=3340"}],"version-history":[{"count":4,"href":"https:\/\/bibliotheque-sfpe-at.com\/index.php\/wp-json\/wp\/v2\/posts\/3340\/revisions"}],"predecessor-version":[{"id":4366,"href":"https:\/\/bibliotheque-sfpe-at.com\/index.php\/wp-json\/wp\/v2\/posts\/3340\/revisions\/4366"}],"wp:attachment":[{"href":"https:\/\/bibliotheque-sfpe-at.com\/index.php\/wp-json\/wp\/v2\/media?parent=3340"}],"wp:term":[{"taxonomy":"category","embeddable":true,"href":"https:\/\/bibliotheque-sfpe-at.com\/index.php\/wp-json\/wp\/v2\/categories?post=3340"},{"taxonomy":"post_tag","embeddable":true,"href":"https:\/\/bibliotheque-sfpe-at.com\/index.php\/wp-json\/wp\/v2\/tags?post=3340"}],"curies":[{"name":"wp","href":"https:\/\/api.w.org\/{rel}","templated":true}]}}