{"id":3344,"date":"2025-01-20T17:48:38","date_gmt":"2025-01-20T16:48:38","guid":{"rendered":"https:\/\/sfpe-at.com\/?p=3344"},"modified":"2025-03-19T13:57:56","modified_gmt":"2025-03-19T12:57:56","slug":"du-ravissement-au-simulacre","status":"publish","type":"post","link":"https:\/\/bibliotheque-sfpe-at.com\/index.php\/2025\/01\/20\/du-ravissement-au-simulacre\/","title":{"rendered":"Du ravissement au simulacre"},"content":{"rendered":"\n<p><\/p>\n\n\n\n<div class=\"wp-block-columns is-layout-flex wp-container-core-columns-is-layout-28f84493 wp-block-columns-is-layout-flex\">\n<div class=\"wp-block-column is-layout-flow wp-block-column-is-layout-flow\" style=\"flex-basis:66.66%\">\n<p>Nous consid\u00e9rons, \u00e0 la suite d&rsquo;auteurs comme Jean Laplanche ou Ren\u00e9 Roussillon, que l\u2019adolescence est avant tout une p\u00e9riode caract\u00e9ris\u00e9e par le surgissement de la sexualit\u00e9 adulte. Celle-ci est \u00e0 l\u2019origine d\u2019une r\u00e9surgence de certains messages \u00e9nigmatiques qui, re\u00e7us dans l\u2019enfance, rest\u00e9s en latence, remani\u00e9s par la pubert\u00e9 et r\u00e9activ\u00e9s par les pulsions, sont d\u00e9sormais en attente d&rsquo;un nouveau traitement psychique.<br>De ce fait, l\u2019ensemble de l\u2019organisation de l&rsquo;\u00e2me en sera modifi\u00e9e ainsi que les rapports que le sujet entretient avec le processus de symbolisation. Ainsi, tandis que l\u2019enfant symbolise ce qu\u2019il ne peut accomplir, l&rsquo;adolescent, lui, passe par l\u2019acte, par la mise en acte \u2014 ce qui est tout autre chose, on en conviendra ais\u00e9ment, que le passage \u00e0 l\u2019acte \u2014 pour symboliser.<br>Il s&rsquo;agira donc pour l&rsquo;adolescent de produire des actes de symbolisation \u00e0 l&rsquo;origine de modifications du moi et de ses rapports tant avec les autres instances qu\u2019avec les objets. L&rsquo;adolescence est ce temps, nous dit Ren\u00e9 Roussillon, du \u00ab jouer pour de vrai \u00bb et non du \u00ab jouer \u00e0 la place de vivre \u00bb. Soit, mais c&rsquo;est un \u00ab vrai \u00bb qui lorgne tout de m\u00eame du c\u00f4t\u00e9 du faux-semblant. Dans cette perspective, le th\u00e9\u00e2tre appara\u00eet comme l\u2019une des voies royales de la symbolisation \u00e0 l\u2019adolescence. Le simulacre th\u00e9\u00e2tral \u00e9vite le ravissement du sujet par lui-m\u00eame, c&rsquo;est-\u00e0-dire le rapt du sujet par une pulsion qui ne trouverait d\u2019issue que dans la mise \u00e0 mort de la pens\u00e9e, dans la d\u00e9charge \u00e0 tout prix. L\u2019illusion sc\u00e9nique retrouve ainsi le chemin de la transitionnalit\u00e9 en procurant \u00e0 l&rsquo;adolescent les moyens d\u2019expression verbaux et infra-verbaux qui sont alors au service d\u2019une mise en tension des probl\u00e9matiques de vie et de mort. Nous nous proposons ici d\u2019illustrer ce propos, \u00e0 partir d\u2019un descriptif de notre cadre de travail, d\u2019un bref expos\u00e9 de notre pratique (tr\u00e8s proche de la pratique psychodramatique) et d\u2019exemples cliniques.<\/p>\n\n\n\n<p class=\"has-text-color has-link-color wp-elements-0c5dd61414d2cb4c88e3596780dedeb0\" style=\"color:#2753a5\"><strong><em>Pour lire le texte complet <a href=\"\/index.php\/options-dinscription\/\"><mark style=\"background-color:rgba(0, 0, 0, 0)\" class=\"has-inline-color has-vivid-cyan-blue-color\">s&rsquo;inscrire<\/mark><\/a> ou <a href=\"\/index.php\/my-account\/edit-account\/\"><mark style=\"background-color:rgba(0, 0, 0, 0)\" class=\"has-inline-color has-vivid-cyan-blue-color\">se connecter<\/mark><\/a><\/em><\/strong><\/p>\n\n\n\n\n\n<div style=\"height:100px\" aria-hidden=\"true\" class=\"wp-block-spacer\"><\/div>\n\n\n\n<div class=\"wp-block-buttons is-content-justification-center is-layout-flex wp-container-core-buttons-is-layout-a89b3969 wp-block-buttons-is-layout-flex\">\n<div class=\"wp-block-button has-custom-font-size has-small-font-size\"><a class=\"wp-block-button__link has-vivid-red-background-color has-background wp-element-button\" href=\"\/index.php\/2025\/01\/20\/ravissement\/\">&lt;&#8211; retour<\/a><\/div>\n<\/div>\n<\/div>\n\n\n\n<div class=\"wp-block-column is-layout-flow wp-block-column-is-layout-flow\" style=\"flex-basis:33.33%\">\n<figure class=\"wp-block-table\"><table class=\"has-background\" style=\"background-color:#f8f2f2\"><thead><tr><th><mark class=\"has-inline-color has-vivid-red-color\" style=\"background-color: rgba(0, 0, 0, 0);\"><strong>Auteur<\/strong><\/mark><\/th><\/tr><\/thead><tbody><tr><td><strong><strong>Jean-Paul Marnier<\/strong><\/strong><br><strong>Muriel Terraz<\/strong><\/td><\/tr><\/tbody><\/table><\/figure>\n\n\n\n<figure class=\"wp-block-table\"><table><thead><tr><th><mark class=\"has-inline-color has-vivid-red-color\" style=\"background-color: rgba(0, 0, 0, 0);\"><strong>R\u00e9f\u00e9rence<\/strong><\/mark><\/th><\/tr><\/thead><tbody><tr><td><strong>RA003-15<\/strong><br><strong>Ravissement<\/strong><br>Journ\u00e9es d&rsquo;Automne 2012<\/td><\/tr><\/tbody><\/table><\/figure>\n\n\n\n<figure class=\"wp-block-table\"><table><thead><tr><th><mark class=\"has-inline-color has-vivid-red-color\" style=\"background-color: rgba(0, 0, 0, 0);\"><strong>Cat\u00e9gories<\/strong><\/mark><\/th><\/tr><\/thead><tbody><tr><td>Art-th\u00e9rapie<br>Th\u00e9\u00e2tre<br>Dispositif de m\u00e9diation<br>Adolescent<\/td><\/tr><\/tbody><\/table><\/figure>\n<\/div>\n<\/div>\n","protected":false},"excerpt":{"rendered":"<p>Nous consid\u00e9rons, \u00e0 la suite d&rsquo;auteurs comme Jean Laplanche ou Ren\u00e9 Roussillon, que l\u2019adolescence est avant tout une p\u00e9riode caract\u00e9ris\u00e9e par le surgissement de la sexualit\u00e9 adulte. Celle-ci est \u00e0 l\u2019origine d\u2019une r\u00e9surgence de certains messages \u00e9nigmatiques qui, re\u00e7us dans l\u2019enfance, rest\u00e9s en latence, remani\u00e9s par la pubert\u00e9 et r\u00e9activ\u00e9s&hellip;<\/p>\n","protected":false},"author":2,"featured_media":0,"comment_status":"closed","ping_status":"open","sticky":false,"template":"","format":"standard","meta":{"pmpro_default_level":"","ngg_post_thumbnail":0,"footnotes":""},"categories":[670,671],"tags":[548,492,505,690,667,504],"class_list":["post-3344","post","type-post","status-publish","format-standard","hentry","category-marnier-jean-paul","category-terraz-muriel","tag-adolescence","tag-art-therapie","tag-dispositif-de-mediation","tag-ra003-15","tag-ravissement","tag-theatre","pmpro-has-access"],"_links":{"self":[{"href":"https:\/\/bibliotheque-sfpe-at.com\/index.php\/wp-json\/wp\/v2\/posts\/3344","targetHints":{"allow":["GET"]}}],"collection":[{"href":"https:\/\/bibliotheque-sfpe-at.com\/index.php\/wp-json\/wp\/v2\/posts"}],"about":[{"href":"https:\/\/bibliotheque-sfpe-at.com\/index.php\/wp-json\/wp\/v2\/types\/post"}],"author":[{"embeddable":true,"href":"https:\/\/bibliotheque-sfpe-at.com\/index.php\/wp-json\/wp\/v2\/users\/2"}],"replies":[{"embeddable":true,"href":"https:\/\/bibliotheque-sfpe-at.com\/index.php\/wp-json\/wp\/v2\/comments?post=3344"}],"version-history":[{"count":3,"href":"https:\/\/bibliotheque-sfpe-at.com\/index.php\/wp-json\/wp\/v2\/posts\/3344\/revisions"}],"predecessor-version":[{"id":4367,"href":"https:\/\/bibliotheque-sfpe-at.com\/index.php\/wp-json\/wp\/v2\/posts\/3344\/revisions\/4367"}],"wp:attachment":[{"href":"https:\/\/bibliotheque-sfpe-at.com\/index.php\/wp-json\/wp\/v2\/media?parent=3344"}],"wp:term":[{"taxonomy":"category","embeddable":true,"href":"https:\/\/bibliotheque-sfpe-at.com\/index.php\/wp-json\/wp\/v2\/categories?post=3344"},{"taxonomy":"post_tag","embeddable":true,"href":"https:\/\/bibliotheque-sfpe-at.com\/index.php\/wp-json\/wp\/v2\/tags?post=3344"}],"curies":[{"name":"wp","href":"https:\/\/api.w.org\/{rel}","templated":true}]}}