{"id":3357,"date":"2025-01-20T18:08:24","date_gmt":"2025-01-20T17:08:24","guid":{"rendered":"https:\/\/sfpe-at.com\/?p=3357"},"modified":"2025-03-19T14:02:30","modified_gmt":"2025-03-19T13:02:30","slug":"le-ravissement-entre-folie-et-creation","status":"publish","type":"post","link":"https:\/\/bibliotheque-sfpe-at.com\/index.php\/2025\/01\/20\/le-ravissement-entre-folie-et-creation\/","title":{"rendered":"Le ravissement entre folie et cr\u00e9ation"},"content":{"rendered":"\n<p><\/p>\n\n\n\n<div class=\"wp-block-columns is-layout-flex wp-container-core-columns-is-layout-28f84493 wp-block-columns-is-layout-flex\">\n<div class=\"wp-block-column is-layout-flow wp-block-column-is-layout-flow\" style=\"flex-basis:66.66%\">\n<p>La figure du ravissement appara\u00eet de fa\u00e7on explicite dans l&rsquo;\u0153uvre de Marguerite Duras dans le titre d\u2019un roman paru en 1964 : Le ravissement de Lol V Stein. \u00c0 partir d\u2019une communaut\u00e9 affective, entre le personnage de Lol et M Duras autour d\u2019un moment de m\u00e9lancolisation, une analogie appara\u00eet entre le cr\u00e9ateur et son personnage \u00e0 cette diff\u00e9rence pr\u00e8s que chez le cr\u00e9ateur il s\u2019agit de renouer avec un fond par cette pens\u00e9e \u00ab m\u00e9lancolique \u00bb qui n&rsquo;a a priori aucun caract\u00e8re pathologique dans la mesure o\u00f9 la pens\u00e9e serait \u00e0 l\u2019origine m\u00e9lancolique tandis que le personnage nous donnerait \u00e0 voir le versant pathologique de la m\u00e9lancolie.<br>D\u00e9s lors, l\u2019histoire de Loi, qui est celle d\u2019un ravissement amoureux, pourra se lire comme celle de l&rsquo;\u00e9crivain quand l\u2019\u0153uvre l\u2019envahit et le ravit \u00e0 lui-m\u00eame et devenir l\u2019histoire du premier instant de l\u2019\u00e9criture dans ce moment tr\u00e8s particulier o\u00f9 la pens\u00e9e s&rsquo;ab\u00eeme.<br>La figure du ravissement se pr\u00e9sente dans l\u2019\u0153uvre comme la r\u00e9p\u00e9tition de l\u2019effacement de Loi dans l\u2019\u00e9criture qu&rsquo;elle suscite chez M. Duras, effacement dont l&rsquo;\u00e9crivain prendra le risque de r\u00e9activer la trace, dans cette \u00ab attente de rien \u00bb auquel il se soumet en \u00ab faisant la solitude \u00bb.<br>\u00c0 partir de ce rien, M Duras va tenter d\u2019\u00e9crire \u00ab l\u2019histoire de (sa) vie qui n\u2019existe pas\u00bb dans une sorte de n\u00e9cessit\u00e9 mortelle o\u00f9 \u00ab \u00e9crire (dit-elle) c\u2019est se tuer mais pas par la mort\u00bb. Ce serait plut\u00f4t se tuer par un acharnement d\u00e9sesp\u00e9r\u00e9 \u00e0 \u00e9crire la ruine de la repr\u00e9sentation de ces \u00ab choses d\u00e9truites par Dieu au cours de la nuit \u00bb.<\/p>\n\n\n\n<p class=\"has-text-color has-link-color wp-elements-0c5dd61414d2cb4c88e3596780dedeb0\" style=\"color:#2753a5\"><strong><em>Pour lire le texte complet <a href=\"\/index.php\/options-dinscription\/\"><mark style=\"background-color:rgba(0, 0, 0, 0)\" class=\"has-inline-color has-vivid-cyan-blue-color\">s&rsquo;inscrire<\/mark><\/a> ou <a href=\"\/index.php\/my-account\/edit-account\/\"><mark style=\"background-color:rgba(0, 0, 0, 0)\" class=\"has-inline-color has-vivid-cyan-blue-color\">se connecter<\/mark><\/a><\/em><\/strong><\/p>\n\n\n\n\n\n<div style=\"height:100px\" aria-hidden=\"true\" class=\"wp-block-spacer\"><\/div>\n\n\n\n<div class=\"wp-block-buttons is-content-justification-center is-layout-flex wp-container-core-buttons-is-layout-a89b3969 wp-block-buttons-is-layout-flex\">\n<div class=\"wp-block-button has-custom-font-size has-small-font-size\"><a class=\"wp-block-button__link has-vivid-red-background-color has-background wp-element-button\" href=\"\/index.php\/2025\/01\/20\/ravissement\/\">&lt;&#8211; retour<\/a><\/div>\n<\/div>\n<\/div>\n\n\n\n<div class=\"wp-block-column is-layout-flow wp-block-column-is-layout-flow\" style=\"flex-basis:33.33%\">\n<figure class=\"wp-block-table\"><table class=\"has-background\" style=\"background-color:#f8f2f2\"><thead><tr><th><mark class=\"has-inline-color has-vivid-red-color\" style=\"background-color: rgba(0, 0, 0, 0);\"><strong>Auteur<\/strong><\/mark><\/th><\/tr><\/thead><tbody><tr><td><strong>Suzanne Ferri\u00e8res Pestureau<\/strong><\/td><\/tr><\/tbody><\/table><\/figure>\n\n\n\n<figure class=\"wp-block-table\"><table><thead><tr><th><mark class=\"has-inline-color has-vivid-red-color\" style=\"background-color: rgba(0, 0, 0, 0);\"><strong>R\u00e9f\u00e9rence<\/strong><\/mark><\/th><\/tr><\/thead><tbody><tr><td><strong>RA003-21<\/strong><br><strong>Ravissement<\/strong><br>Journ\u00e9es d&rsquo;Automne 2012<\/td><\/tr><\/tbody><\/table><\/figure>\n\n\n\n<figure class=\"wp-block-table\"><table><thead><tr><th><mark class=\"has-inline-color has-vivid-red-color\" style=\"background-color: rgba(0, 0, 0, 0);\"><strong>Cat\u00e9gories<\/strong><\/mark><\/th><\/tr><\/thead><tbody><tr><td>Art<br>Litt\u00e9rature<br>Psychanalyse<\/td><\/tr><\/tbody><\/table><\/figure>\n<\/div>\n<\/div>\n","protected":false},"excerpt":{"rendered":"<p>La figure du ravissement appara\u00eet de fa\u00e7on explicite dans l&rsquo;\u0153uvre de Marguerite Duras dans le titre d\u2019un roman paru en 1964 : Le ravissement de Lol V Stein. \u00c0 partir d\u2019une communaut\u00e9 affective, entre le personnage de Lol et M Duras autour d\u2019un moment de m\u00e9lancolisation, une analogie appara\u00eet entre&hellip;<\/p>\n","protected":false},"author":2,"featured_media":0,"comment_status":"closed","ping_status":"open","sticky":false,"template":"","format":"standard","meta":{"pmpro_default_level":"","ngg_post_thumbnail":0,"footnotes":""},"categories":[141],"tags":[483,509,494,696,667],"class_list":["post-3357","post","type-post","status-publish","format-standard","hentry","category-ferrieres-pestureau-suzanne","tag-art","tag-litterature","tag-psychanalyse","tag-ra003-21","tag-ravissement","pmpro-has-access"],"_links":{"self":[{"href":"https:\/\/bibliotheque-sfpe-at.com\/index.php\/wp-json\/wp\/v2\/posts\/3357","targetHints":{"allow":["GET"]}}],"collection":[{"href":"https:\/\/bibliotheque-sfpe-at.com\/index.php\/wp-json\/wp\/v2\/posts"}],"about":[{"href":"https:\/\/bibliotheque-sfpe-at.com\/index.php\/wp-json\/wp\/v2\/types\/post"}],"author":[{"embeddable":true,"href":"https:\/\/bibliotheque-sfpe-at.com\/index.php\/wp-json\/wp\/v2\/users\/2"}],"replies":[{"embeddable":true,"href":"https:\/\/bibliotheque-sfpe-at.com\/index.php\/wp-json\/wp\/v2\/comments?post=3357"}],"version-history":[{"count":2,"href":"https:\/\/bibliotheque-sfpe-at.com\/index.php\/wp-json\/wp\/v2\/posts\/3357\/revisions"}],"predecessor-version":[{"id":4373,"href":"https:\/\/bibliotheque-sfpe-at.com\/index.php\/wp-json\/wp\/v2\/posts\/3357\/revisions\/4373"}],"wp:attachment":[{"href":"https:\/\/bibliotheque-sfpe-at.com\/index.php\/wp-json\/wp\/v2\/media?parent=3357"}],"wp:term":[{"taxonomy":"category","embeddable":true,"href":"https:\/\/bibliotheque-sfpe-at.com\/index.php\/wp-json\/wp\/v2\/categories?post=3357"},{"taxonomy":"post_tag","embeddable":true,"href":"https:\/\/bibliotheque-sfpe-at.com\/index.php\/wp-json\/wp\/v2\/tags?post=3357"}],"curies":[{"name":"wp","href":"https:\/\/api.w.org\/{rel}","templated":true}]}}