{"id":3359,"date":"2025-01-20T18:11:07","date_gmt":"2025-01-20T17:11:07","guid":{"rendered":"https:\/\/sfpe-at.com\/?p=3359"},"modified":"2025-03-19T14:03:27","modified_gmt":"2025-03-19T13:03:27","slug":"le-ravissement-et-la-question-dorigine","status":"publish","type":"post","link":"https:\/\/bibliotheque-sfpe-at.com\/index.php\/2025\/01\/20\/le-ravissement-et-la-question-dorigine\/","title":{"rendered":"Le ravissement et la question d\u2019Origine"},"content":{"rendered":"\n<p><\/p>\n\n\n\n<div class=\"wp-block-columns is-layout-flex wp-container-core-columns-is-layout-28f84493 wp-block-columns-is-layout-flex\">\n<div class=\"wp-block-column is-layout-flow wp-block-column-is-layout-flow\" style=\"flex-basis:66.66%\">\n<p>Le ravissement n\u2019est pas du domaine du d\u00e9sir. Il est plus fort que l\u2019extase mystique. Il est aussi la disparition. Le ravissement confronte l\u2019homme \u00e0 un inconnu qui semble toujours avoir \u00e9t\u00e9 l\u00e0.<br>Il n&rsquo;est pas \u00e9nigme, il est retrouvaille avec ce qui \u00e9tait. Il est perte de corpor\u00e9it\u00e9 en ce qu\u2019il \u00e9clipse la connaissance du corps. Le ravissement est un rapport \u00e0 l\u2019Origine o\u00f9 le bien et le mal (culpabilit\u00e9) ; o\u00f9 la forme et l\u2019informe s\u2019accordaient. Loi. V. Stein de Duras a supprim\u00e9 ou perdu le mot du malheur, alors elle parcourt dans un ravissement hallucinatoire une qu\u00eate vide. Elle d\u00e9ambule dans une origine hallucin\u00e9e comme perte d\u2019existence r\u00e9elle.<br>Le ravissement enferme une solitude psychotique et une totalit\u00e9 cr\u00e9atrice. Il est le lieu de basculement du sens de l&rsquo;existence et de l\u2019ab\u00eeme avant l\u2019existence, point par excellence du vertige cr\u00e9atif entre le d\u00e9sir de faire quelque-chose et ce faire quelque-chose, il y a un point de ravissement o\u00f9 le non &#8211; d\u00e9sir brusquement s\u2019intercale comme point d\u2019origine hallucin\u00e9e. Pour imager, cet \u00e9tat se pr\u00e9sente lorsque nous regardons un feu ; les flammes absorbent la pens\u00e9e, ravissent la connaissance du corps mais en m\u00eame temps, en \u00e9ternel retour, installe le corps dans l\u2019Origine.<br>En art-th\u00e9rapie, la question du ravissement et de l\u2019Origine s\u2019articule aupr\u00e8s de chaque patient par son inscription h\u00e9b\u00e9t\u00e9e (en son d\u00e9but) dans le m\u00e9dium artistique. Nous parlons alors de point de cr\u00e9ation comme d\u2019un point d\u2019existence. L\u2019autisme ne serait-il pas un retournement infini (et non un basculement), une invagination du dualisme ravissement ? La perversion ne s\u2019attache-t-elle point \u00e0 toujours pointer et \u00e0 d\u00e9montrer l\u2019autre face du prisme ravissement basculant ?<\/p>\n\n\n\n<p class=\"has-text-color has-link-color wp-elements-0c5dd61414d2cb4c88e3596780dedeb0\" style=\"color:#2753a5\"><strong><em>Pour lire le texte complet <a href=\"\/index.php\/options-dinscription\/\"><mark style=\"background-color:rgba(0, 0, 0, 0)\" class=\"has-inline-color has-vivid-cyan-blue-color\">s&rsquo;inscrire<\/mark><\/a> ou <a href=\"\/index.php\/my-account\/edit-account\/\"><mark style=\"background-color:rgba(0, 0, 0, 0)\" class=\"has-inline-color has-vivid-cyan-blue-color\">se connecter<\/mark><\/a><\/em><\/strong><\/p>\n\n\n\n\n\n<div style=\"height:100px\" aria-hidden=\"true\" class=\"wp-block-spacer\"><\/div>\n\n\n\n<div class=\"wp-block-buttons is-content-justification-center is-layout-flex wp-container-core-buttons-is-layout-a89b3969 wp-block-buttons-is-layout-flex\">\n<div class=\"wp-block-button has-custom-font-size has-small-font-size\"><a class=\"wp-block-button__link has-vivid-red-background-color has-background wp-element-button\" href=\"\/index.php\/2025\/01\/20\/ravissement\/\">&lt;&#8211; retour<\/a><\/div>\n<\/div>\n<\/div>\n\n\n\n<div class=\"wp-block-column is-layout-flow wp-block-column-is-layout-flow\" style=\"flex-basis:33.33%\">\n<figure class=\"wp-block-table\"><table class=\"has-background\" style=\"background-color:#f8f2f2\"><thead><tr><th><mark class=\"has-inline-color has-vivid-red-color\" style=\"background-color: rgba(0, 0, 0, 0);\"><strong>Auteur<\/strong><\/mark><\/th><\/tr><\/thead><tbody><tr><td><strong>Olivier Saint-Pierre<\/strong><\/td><\/tr><\/tbody><\/table><\/figure>\n\n\n\n<figure class=\"wp-block-table\"><table><thead><tr><th><mark class=\"has-inline-color has-vivid-red-color\" style=\"background-color: rgba(0, 0, 0, 0);\"><strong>R\u00e9f\u00e9rence<\/strong><\/mark><\/th><\/tr><\/thead><tbody><tr><td><strong>RA003-22<\/strong><br><strong>Ravissement<\/strong><br>Journ\u00e9es d&rsquo;Automne 2012<\/td><\/tr><\/tbody><\/table><\/figure>\n\n\n\n<figure class=\"wp-block-table\"><table><thead><tr><th><mark class=\"has-inline-color has-vivid-red-color\" style=\"background-color: rgba(0, 0, 0, 0);\"><strong>Cat\u00e9gories<\/strong><\/mark><\/th><\/tr><\/thead><tbody><tr><td>Ph\u00e9nom\u00e9nologie<br>Art-th\u00e9rapie<br>Arts pluriels<\/td><\/tr><\/tbody><\/table><\/figure>\n<\/div>\n<\/div>\n","protected":false},"excerpt":{"rendered":"<p>Le ravissement n\u2019est pas du domaine du d\u00e9sir. Il est plus fort que l\u2019extase mystique. Il est aussi la disparition. Le ravissement confronte l\u2019homme \u00e0 un inconnu qui semble toujours avoir \u00e9t\u00e9 l\u00e0.Il n&rsquo;est pas \u00e9nigme, il est retrouvaille avec ce qui \u00e9tait. Il est perte de corpor\u00e9it\u00e9 en ce&hellip;<\/p>\n","protected":false},"author":2,"featured_media":0,"comment_status":"closed","ping_status":"open","sticky":false,"template":"","format":"standard","meta":{"pmpro_default_level":"","ngg_post_thumbnail":0,"footnotes":""},"categories":[95],"tags":[492,569,486,697,667],"class_list":["post-3359","post","type-post","status-publish","format-standard","hentry","category-saint-pierre-olivier","tag-art-therapie","tag-arts-pluriels","tag-phenomenologie","tag-ra003-22","tag-ravissement","pmpro-has-access"],"_links":{"self":[{"href":"https:\/\/bibliotheque-sfpe-at.com\/index.php\/wp-json\/wp\/v2\/posts\/3359","targetHints":{"allow":["GET"]}}],"collection":[{"href":"https:\/\/bibliotheque-sfpe-at.com\/index.php\/wp-json\/wp\/v2\/posts"}],"about":[{"href":"https:\/\/bibliotheque-sfpe-at.com\/index.php\/wp-json\/wp\/v2\/types\/post"}],"author":[{"embeddable":true,"href":"https:\/\/bibliotheque-sfpe-at.com\/index.php\/wp-json\/wp\/v2\/users\/2"}],"replies":[{"embeddable":true,"href":"https:\/\/bibliotheque-sfpe-at.com\/index.php\/wp-json\/wp\/v2\/comments?post=3359"}],"version-history":[{"count":2,"href":"https:\/\/bibliotheque-sfpe-at.com\/index.php\/wp-json\/wp\/v2\/posts\/3359\/revisions"}],"predecessor-version":[{"id":4374,"href":"https:\/\/bibliotheque-sfpe-at.com\/index.php\/wp-json\/wp\/v2\/posts\/3359\/revisions\/4374"}],"wp:attachment":[{"href":"https:\/\/bibliotheque-sfpe-at.com\/index.php\/wp-json\/wp\/v2\/media?parent=3359"}],"wp:term":[{"taxonomy":"category","embeddable":true,"href":"https:\/\/bibliotheque-sfpe-at.com\/index.php\/wp-json\/wp\/v2\/categories?post=3359"},{"taxonomy":"post_tag","embeddable":true,"href":"https:\/\/bibliotheque-sfpe-at.com\/index.php\/wp-json\/wp\/v2\/tags?post=3359"}],"curies":[{"name":"wp","href":"https:\/\/api.w.org\/{rel}","templated":true}]}}