{"id":3365,"date":"2025-01-20T18:20:01","date_gmt":"2025-01-20T17:20:01","guid":{"rendered":"https:\/\/sfpe-at.com\/?p=3365"},"modified":"2025-03-19T14:05:51","modified_gmt":"2025-03-19T13:05:51","slug":"art-therapie-et-amelioration-de-la-depression-chez-la-personne-agee","status":"publish","type":"post","link":"https:\/\/bibliotheque-sfpe-at.com\/index.php\/2025\/01\/20\/art-therapie-et-amelioration-de-la-depression-chez-la-personne-agee\/","title":{"rendered":"Art-th\u00e9rapie et am\u00e9lioration de la d\u00e9pression chez la personne \u00e2g\u00e9e"},"content":{"rendered":"\n<p><\/p>\n\n\n\n<div class=\"wp-block-columns is-layout-flex wp-container-core-columns-is-layout-28f84493 wp-block-columns-is-layout-flex\">\n<div class=\"wp-block-column is-layout-flow wp-block-column-is-layout-flow\" style=\"flex-basis:66.66%\">\n<p>Le vieillissement est devenu une v\u00e9ritable question de sant\u00e9 publique.<br>Provoquant de profonds bouleversements synonymes de pertes, les bouleversements du vieillir peuvent conduire \u00e0 l\u2019installation d\u2019une d\u00e9pendance et \u00e0 d\u2019importants troubles d\u00e9pressifs. Nous nous sommes donc demand\u00e9s si l\u2019art-th\u00e9rapie peut am\u00e9liorer la d\u00e9pression chez les personnes \u00e2g\u00e9es d\u00e9pendantes.<br>Notre recherche s\u2019est d\u00e9roul\u00e9e au sein d\u2019une r\u00e9sidence de retraite m\u00e9dicalis\u00e9e \u2014 Ehpad accueillant 45 personnes \u00e2g\u00e9es d\u00e9pendantes. Notre population d\u2019\u00e9tude a \u00e9t\u00e9 constitu\u00e9e de huit sujets: quatre sujets cibles (participant aux ateliers d\u2019art-th\u00e9rapie) et quatre sujets t\u00e9moins (sans prise en charge). Deux hommes et six femmes ont particip\u00e9, r\u00e9pondant \u00e0 des crit\u00e8res d\u2019inclusion pr\u00e9cis. La d\u00e9pression a \u00e9t\u00e9 mesur\u00e9e avec l\u2019\u00e9chelle g\u00e9riatrique de d\u00e9pression (GDS de Yesavage, 1986), compl\u00e9t\u00e9e d\u2019un guide d\u2019entretien semi-directif de l\u2019\u00e9chelle de d\u00e9pression de Calgary. Le d\u00e9roulement de notre recherche s\u2019est fait sur dix semaines. Des \u00e9valuations r\u00e9p\u00e9t\u00e9es de la d\u00e9pression des participants cibles et t\u00e9moins ont eu lieu au d\u00e9but de l\u2019\u00e9tude, au milieu de l\u2019\u00e9tude et en fin d\u2019\u00e9tude. En outre, trois \u00e9valuations des ateliers d\u2019art-th\u00e9rapie ont eu lieu pour les sujets cibles : apr\u00e8s le premier atelier, apr\u00e8s le 58 atelier et apr\u00e8s le 10e, dernier atelier.<br>Les r\u00e9sultats globaux de la recherche montrent une diminution importante de la d\u00e9pression pour la population cible, alors que la d\u00e9pression reste toujours importante pour le groupe contr\u00f4le. En parall\u00e8le, nous notons un investissement important des sujets du groupe cible dans l\u2019atelier d\u2019art-th\u00e9rapie. Les r\u00e9sultats obtenus permettent de valider nos hypoth\u00e8ses de recherche et offrent des pistes pour la pratique et la recherche future.<\/p>\n\n\n\n<p class=\"has-text-color has-link-color wp-elements-0c5dd61414d2cb4c88e3596780dedeb0\" style=\"color:#2753a5\"><strong><em>Pour lire le texte complet <a href=\"\/index.php\/options-dinscription\/\"><mark style=\"background-color:rgba(0, 0, 0, 0)\" class=\"has-inline-color has-vivid-cyan-blue-color\">s&rsquo;inscrire<\/mark><\/a> ou <a href=\"\/index.php\/my-account\/edit-account\/\"><mark style=\"background-color:rgba(0, 0, 0, 0)\" class=\"has-inline-color has-vivid-cyan-blue-color\">se connecter<\/mark><\/a><\/em><\/strong><\/p>\n\n\n\n\n\n<div style=\"height:100px\" aria-hidden=\"true\" class=\"wp-block-spacer\"><\/div>\n\n\n\n<div class=\"wp-block-buttons is-content-justification-center is-layout-flex wp-container-core-buttons-is-layout-a89b3969 wp-block-buttons-is-layout-flex\">\n<div class=\"wp-block-button has-custom-font-size has-small-font-size\"><a class=\"wp-block-button__link has-vivid-red-background-color has-background wp-element-button\" href=\"\/index.php\/2025\/01\/20\/ravissement\/\">&lt;&#8211; retour<\/a><\/div>\n<\/div>\n<\/div>\n\n\n\n<div class=\"wp-block-column is-layout-flow wp-block-column-is-layout-flow\" style=\"flex-basis:33.33%\">\n<figure class=\"wp-block-table\"><table class=\"has-background\" style=\"background-color:#f8f2f2\"><thead><tr><th><mark class=\"has-inline-color has-vivid-red-color\" style=\"background-color: rgba(0, 0, 0, 0);\"><strong>Auteur<\/strong><\/mark><\/th><\/tr><\/thead><tbody><tr><td><strong>Nicolas Delrue<\/strong><\/td><\/tr><\/tbody><\/table><\/figure>\n\n\n\n<figure class=\"wp-block-table\"><table><thead><tr><th><mark class=\"has-inline-color has-vivid-red-color\" style=\"background-color: rgba(0, 0, 0, 0);\"><strong>R\u00e9f\u00e9rence<\/strong><\/mark><\/th><\/tr><\/thead><tbody><tr><td><strong>RA003-25<\/strong><br><strong>Ravissement<\/strong><br>Journ\u00e9es d&rsquo;Automne 2012<\/td><\/tr><\/tbody><\/table><\/figure>\n\n\n\n<figure class=\"wp-block-table\"><table><thead><tr><th><mark class=\"has-inline-color has-vivid-red-color\" style=\"background-color: rgba(0, 0, 0, 0);\"><strong>Cat\u00e9gories<\/strong><\/mark><\/th><\/tr><\/thead><tbody><tr><td>Art-th\u00e9rapie<br>Modelage<br>\u00c9valuation<br>Personne \u00e2g\u00e9e<\/td><\/tr><\/tbody><\/table><\/figure>\n<\/div>\n<\/div>\n","protected":false},"excerpt":{"rendered":"<p>Le vieillissement est devenu une v\u00e9ritable question de sant\u00e9 publique.Provoquant de profonds bouleversements synonymes de pertes, les bouleversements du vieillir peuvent conduire \u00e0 l\u2019installation d\u2019une d\u00e9pendance et \u00e0 d\u2019importants troubles d\u00e9pressifs. Nous nous sommes donc demand\u00e9s si l\u2019art-th\u00e9rapie peut am\u00e9liorer la d\u00e9pression chez les personnes \u00e2g\u00e9es d\u00e9pendantes.Notre recherche s\u2019est d\u00e9roul\u00e9e&hellip;<\/p>\n","protected":false},"author":2,"featured_media":0,"comment_status":"closed","ping_status":"open","sticky":false,"template":"","format":"standard","meta":{"pmpro_default_level":"","ngg_post_thumbnail":0,"footnotes":""},"categories":[674],"tags":[492,561,506,675,700,667],"class_list":["post-3365","post","type-post","status-publish","format-standard","hentry","category-delrue-nicolas","tag-art-therapie","tag-evaluation","tag-modelage","tag-personne-agee","tag-ra003-25","tag-ravissement","pmpro-has-access"],"_links":{"self":[{"href":"https:\/\/bibliotheque-sfpe-at.com\/index.php\/wp-json\/wp\/v2\/posts\/3365","targetHints":{"allow":["GET"]}}],"collection":[{"href":"https:\/\/bibliotheque-sfpe-at.com\/index.php\/wp-json\/wp\/v2\/posts"}],"about":[{"href":"https:\/\/bibliotheque-sfpe-at.com\/index.php\/wp-json\/wp\/v2\/types\/post"}],"author":[{"embeddable":true,"href":"https:\/\/bibliotheque-sfpe-at.com\/index.php\/wp-json\/wp\/v2\/users\/2"}],"replies":[{"embeddable":true,"href":"https:\/\/bibliotheque-sfpe-at.com\/index.php\/wp-json\/wp\/v2\/comments?post=3365"}],"version-history":[{"count":2,"href":"https:\/\/bibliotheque-sfpe-at.com\/index.php\/wp-json\/wp\/v2\/posts\/3365\/revisions"}],"predecessor-version":[{"id":4377,"href":"https:\/\/bibliotheque-sfpe-at.com\/index.php\/wp-json\/wp\/v2\/posts\/3365\/revisions\/4377"}],"wp:attachment":[{"href":"https:\/\/bibliotheque-sfpe-at.com\/index.php\/wp-json\/wp\/v2\/media?parent=3365"}],"wp:term":[{"taxonomy":"category","embeddable":true,"href":"https:\/\/bibliotheque-sfpe-at.com\/index.php\/wp-json\/wp\/v2\/categories?post=3365"},{"taxonomy":"post_tag","embeddable":true,"href":"https:\/\/bibliotheque-sfpe-at.com\/index.php\/wp-json\/wp\/v2\/tags?post=3365"}],"curies":[{"name":"wp","href":"https:\/\/api.w.org\/{rel}","templated":true}]}}