{"id":3367,"date":"2025-01-20T18:22:40","date_gmt":"2025-01-20T17:22:40","guid":{"rendered":"https:\/\/sfpe-at.com\/?p=3367"},"modified":"2025-03-19T14:06:25","modified_gmt":"2025-03-19T13:06:25","slug":"de-lapathie-au-ravissement-chez-des-malades-alzheimer","status":"publish","type":"post","link":"https:\/\/bibliotheque-sfpe-at.com\/index.php\/2025\/01\/20\/de-lapathie-au-ravissement-chez-des-malades-alzheimer\/","title":{"rendered":"De l\u2019apathie au ravissement chez des malades Alzheimer"},"content":{"rendered":"\n<p><\/p>\n\n\n\n<div class=\"wp-block-columns is-layout-flex wp-container-core-columns-is-layout-28f84493 wp-block-columns-is-layout-flex\">\n<div class=\"wp-block-column is-layout-flow wp-block-column-is-layout-flow\" style=\"flex-basis:66.66%\">\n<p>J&rsquo;interviens comme art-th\u00e9rapeute depuis deux ans en centre d\u2019accueil de jour et en maison de retraite m\u00e9dicalis\u00e9e pour des personnes MA. J\u2019ai d\u00e9velopp\u00e9 une m\u00e9thode (Legare) d&rsquo;ateliers coupl\u00e9s \u00e0 une plateforme multim\u00e9dia liant famille et malade.<br>Chaque semaine j\u2019anime des ateliers d\u2019art-th\u00e9rapie organis\u00e9s par cycle de quatre s\u00e9ances autour d\u2019un artiste servant de source d\u2019inspiration aux activit\u00e9s multi-sensorielles film\u00e9es et mis en ligne sur la plate-forme multim\u00e9dia Legare.<br>Sur la dur\u00e9e de ces ateliers, il a \u00e9t\u00e9 observ\u00e9 par les neuropsychologues et le m\u00e9decin coordinateur que l&rsquo;\u00e9tat psychologique et comportemental s\u2019am\u00e9liorait par rapport \u00e0 l\u2019environnement social et familial.<br>Ma pr\u00e9sentation s&rsquo;int\u00e9resse plus particuli\u00e8rement \u00e0 l\u2019\u00e9volution de deux patients qui sont pass\u00e9s du stade apathique \u00e0 celui de \u00ab ravissement\u00bb.<br>Les diff\u00e9rents types d\u2019ateliers ont montr\u00e9 que la r\u00e9p\u00e9tition du regard sur une m\u00eame \u0153uvre, au fil des mois, entra\u00eenait avec elle une relation affective et activait de mani\u00e8re r\u00e9currente des souvenirs agr\u00e9ables \u00e9chang\u00e9s la semaine pr\u00e9c\u00e9dente. Le plaisir pouvait atteindre la notion de ravissement dans certains cas. Une s\u00e9quence film\u00e9e illustrera ce propos.<\/p>\n\n\n\n<p class=\"has-text-color has-link-color wp-elements-0c5dd61414d2cb4c88e3596780dedeb0\" style=\"color:#2753a5\"><strong><em>Pour lire le texte complet <a href=\"\/index.php\/options-dinscription\/\"><mark style=\"background-color:rgba(0, 0, 0, 0)\" class=\"has-inline-color has-vivid-cyan-blue-color\">s&rsquo;inscrire<\/mark><\/a> ou <a href=\"\/index.php\/my-account\/edit-account\/\"><mark style=\"background-color:rgba(0, 0, 0, 0)\" class=\"has-inline-color has-vivid-cyan-blue-color\">se connecter<\/mark><\/a><\/em><\/strong><\/p>\n\n\n\n\n\n<div style=\"height:100px\" aria-hidden=\"true\" class=\"wp-block-spacer\"><\/div>\n\n\n\n<div class=\"wp-block-buttons is-content-justification-center is-layout-flex wp-container-core-buttons-is-layout-a89b3969 wp-block-buttons-is-layout-flex\">\n<div class=\"wp-block-button has-custom-font-size has-small-font-size\"><a class=\"wp-block-button__link has-vivid-red-background-color has-background wp-element-button\" href=\"\/index.php\/2025\/01\/20\/ravissement\/\">&lt;&#8211; retour<\/a><\/div>\n<\/div>\n<\/div>\n\n\n\n<div class=\"wp-block-column is-layout-flow wp-block-column-is-layout-flow\" style=\"flex-basis:33.33%\">\n<figure class=\"wp-block-table\"><table class=\"has-background\" style=\"background-color:#f8f2f2\"><thead><tr><th><mark class=\"has-inline-color has-vivid-red-color\" style=\"background-color: rgba(0, 0, 0, 0);\"><strong>Auteur<\/strong><\/mark><\/th><\/tr><\/thead><tbody><tr><td><strong>Isabelle Chemin<\/strong><\/td><\/tr><\/tbody><\/table><\/figure>\n\n\n\n<figure class=\"wp-block-table\"><table><thead><tr><th><mark class=\"has-inline-color has-vivid-red-color\" style=\"background-color: rgba(0, 0, 0, 0);\"><strong>R\u00e9f\u00e9rence<\/strong><\/mark><\/th><\/tr><\/thead><tbody><tr><td><strong>RA003-26<\/strong><br><strong>Ravissement<\/strong><br>Journ\u00e9es d&rsquo;Automne 2012<\/td><\/tr><\/tbody><\/table><\/figure>\n\n\n\n<figure class=\"wp-block-table\"><table><thead><tr><th><mark class=\"has-inline-color has-vivid-red-color\" style=\"background-color: rgba(0, 0, 0, 0);\"><strong>Cat\u00e9gories<\/strong><\/mark><\/th><\/tr><\/thead><tbody><tr><td>Art-th\u00e9rapie<br>Peinture<br>Multim\u00e9dia<br>Dispositif de m\u00e9diation<br>Personne \u00e2g\u00e9e<\/td><\/tr><\/tbody><\/table><\/figure>\n<\/div>\n<\/div>\n","protected":false},"excerpt":{"rendered":"<p>J&rsquo;interviens comme art-th\u00e9rapeute depuis deux ans en centre d\u2019accueil de jour et en maison de retraite m\u00e9dicalis\u00e9e pour des personnes MA. J\u2019ai d\u00e9velopp\u00e9 une m\u00e9thode (Legare) d&rsquo;ateliers coupl\u00e9s \u00e0 une plateforme multim\u00e9dia liant famille et malade.Chaque semaine j\u2019anime des ateliers d\u2019art-th\u00e9rapie organis\u00e9s par cycle de quatre s\u00e9ances autour d\u2019un artiste&hellip;<\/p>\n","protected":false},"author":2,"featured_media":0,"comment_status":"closed","ping_status":"open","sticky":false,"template":"","format":"standard","meta":{"pmpro_default_level":"","ngg_post_thumbnail":0,"footnotes":""},"categories":[385],"tags":[492,505,603,484,675,701,667],"class_list":["post-3367","post","type-post","status-publish","format-standard","hentry","category-chemin-isabelle","tag-art-therapie","tag-dispositif-de-mediation","tag-multimedia","tag-peinture","tag-personne-agee","tag-ra003-26","tag-ravissement","pmpro-has-access"],"_links":{"self":[{"href":"https:\/\/bibliotheque-sfpe-at.com\/index.php\/wp-json\/wp\/v2\/posts\/3367","targetHints":{"allow":["GET"]}}],"collection":[{"href":"https:\/\/bibliotheque-sfpe-at.com\/index.php\/wp-json\/wp\/v2\/posts"}],"about":[{"href":"https:\/\/bibliotheque-sfpe-at.com\/index.php\/wp-json\/wp\/v2\/types\/post"}],"author":[{"embeddable":true,"href":"https:\/\/bibliotheque-sfpe-at.com\/index.php\/wp-json\/wp\/v2\/users\/2"}],"replies":[{"embeddable":true,"href":"https:\/\/bibliotheque-sfpe-at.com\/index.php\/wp-json\/wp\/v2\/comments?post=3367"}],"version-history":[{"count":2,"href":"https:\/\/bibliotheque-sfpe-at.com\/index.php\/wp-json\/wp\/v2\/posts\/3367\/revisions"}],"predecessor-version":[{"id":4378,"href":"https:\/\/bibliotheque-sfpe-at.com\/index.php\/wp-json\/wp\/v2\/posts\/3367\/revisions\/4378"}],"wp:attachment":[{"href":"https:\/\/bibliotheque-sfpe-at.com\/index.php\/wp-json\/wp\/v2\/media?parent=3367"}],"wp:term":[{"taxonomy":"category","embeddable":true,"href":"https:\/\/bibliotheque-sfpe-at.com\/index.php\/wp-json\/wp\/v2\/categories?post=3367"},{"taxonomy":"post_tag","embeddable":true,"href":"https:\/\/bibliotheque-sfpe-at.com\/index.php\/wp-json\/wp\/v2\/tags?post=3367"}],"curies":[{"name":"wp","href":"https:\/\/api.w.org\/{rel}","templated":true}]}}