{"id":3369,"date":"2025-01-20T18:25:19","date_gmt":"2025-01-20T17:25:19","guid":{"rendered":"https:\/\/sfpe-at.com\/?p=3369"},"modified":"2025-03-19T14:07:23","modified_gmt":"2025-03-19T13:07:23","slug":"lart-therapie-comme-defense-contre-le-ravissement-rapt-ex-stase-creation-therapiequel-processus","status":"publish","type":"post","link":"https:\/\/bibliotheque-sfpe-at.com\/index.php\/2025\/01\/20\/lart-therapie-comme-defense-contre-le-ravissement-rapt-ex-stase-creation-therapiequel-processus\/","title":{"rendered":"L\u2019art-th\u00e9rapie comme d\u00e9fense contre le ravissement : rapt, ex-stase, cr\u00e9ation, th\u00e9rapie\u2026quel processus?"},"content":{"rendered":"\n<p><\/p>\n\n\n\n<div class=\"wp-block-columns is-layout-flex wp-container-core-columns-is-layout-28f84493 wp-block-columns-is-layout-flex\">\n<div class=\"wp-block-column is-layout-flow wp-block-column-is-layout-flow\" style=\"flex-basis:66.66%\">\n<p>Ravi \u00e0 soi-m\u00eame par un choc \u00e9motionnel, un jeune homme \u00e9volue vers l\u2019alcoolisme et la tentative de suicide par immolation.<br>Apr\u00e8s le trauma du rapt, il reste le vide, br\u00fblant\u2026 \u00e0 remplir de quoi ? De br\u00fblure ! Celle de l\u2019alcool dans la bouche, dans la glotte, dans l\u2019\u0153sophage\u2026 mais pas assez visible, non celle du feu donc, qui laisse des traces ind\u00e9l\u00e9biles sur le visage et sur les mains, dans la m\u00e9moire corporelle.<br>Comment l\u2019atelier d\u2019art-th\u00e9rapie est-il un support pour d\u00e9passer le trauma ? Le \u00ab traumatisme de la cr\u00e9ation \u00bb peut-il aider \u00e0 renouer avec son processus cr\u00e9atif ?<br>La r\u00e9paration peut-elle advenir par les retrouvailles avec l\u2019insupportable?<br>L\u2019Ex-Stase peut-elle faire revivre le Soi?<br>Le ravissement esth\u00e9tique peut-il apporter une r\u00e9ponse au ravissement pathologique ?<br>Qu\u2019en est-il de la r\u00e9gression esth\u00e9tique ? Quel cheminement psychique peut-elle \u00e9tayer ?<br>Autant de questions situ\u00e9es au c\u0153ur de l\u2019art-th\u00e9rapie, o\u00f9 le processus de cr\u00e9ation artistique devient un processus th\u00e9rapeutique.<\/p>\n\n\n\n<p class=\"has-text-color has-link-color wp-elements-0c5dd61414d2cb4c88e3596780dedeb0\" style=\"color:#2753a5\"><strong><em>Pour lire le texte complet <a href=\"\/index.php\/options-dinscription\/\"><mark style=\"background-color:rgba(0, 0, 0, 0)\" class=\"has-inline-color has-vivid-cyan-blue-color\">s&rsquo;inscrire<\/mark><\/a> ou <a href=\"\/index.php\/my-account\/edit-account\/\"><mark style=\"background-color:rgba(0, 0, 0, 0)\" class=\"has-inline-color has-vivid-cyan-blue-color\">se connecter<\/mark><\/a><\/em><\/strong><\/p>\n\n\n\n\n\n<div style=\"height:100px\" aria-hidden=\"true\" class=\"wp-block-spacer\"><\/div>\n\n\n\n<div class=\"wp-block-buttons is-content-justification-center is-layout-flex wp-container-core-buttons-is-layout-a89b3969 wp-block-buttons-is-layout-flex\">\n<div class=\"wp-block-button has-custom-font-size has-small-font-size\"><a class=\"wp-block-button__link has-vivid-red-background-color has-background wp-element-button\" href=\"\/index.php\/2025\/01\/20\/ravissement\/\">&lt;&#8211; retour<\/a><\/div>\n<\/div>\n<\/div>\n\n\n\n<div class=\"wp-block-column is-layout-flow wp-block-column-is-layout-flow\" style=\"flex-basis:33.33%\">\n<figure class=\"wp-block-table\"><table class=\"has-background\" style=\"background-color:#f8f2f2\"><thead><tr><th><mark class=\"has-inline-color has-vivid-red-color\" style=\"background-color: rgba(0, 0, 0, 0);\"><strong>Auteur<\/strong><\/mark><\/th><\/tr><\/thead><tbody><tr><td><strong>Irina Katz-Mazilu<\/strong><\/td><\/tr><\/tbody><\/table><\/figure>\n\n\n\n<figure class=\"wp-block-table\"><table><thead><tr><th><mark class=\"has-inline-color has-vivid-red-color\" style=\"background-color: rgba(0, 0, 0, 0);\"><strong>R\u00e9f\u00e9rence<\/strong><\/mark><\/th><\/tr><\/thead><tbody><tr><td><strong>RA003-27<\/strong><br><strong>Ravissement<\/strong><br>Journ\u00e9es d&rsquo;Automne 2012<\/td><\/tr><\/tbody><\/table><\/figure>\n\n\n\n<figure class=\"wp-block-table\"><table><thead><tr><th><mark class=\"has-inline-color has-vivid-red-color\" style=\"background-color: rgba(0, 0, 0, 0);\"><strong>Cat\u00e9gories<\/strong><\/mark><\/th><\/tr><\/thead><tbody><tr><td>Art-th\u00e9rapie<br>Peinture<br>Cas clinique<\/td><\/tr><\/tbody><\/table><\/figure>\n<\/div>\n<\/div>\n","protected":false},"excerpt":{"rendered":"<p>Ravi \u00e0 soi-m\u00eame par un choc \u00e9motionnel, un jeune homme \u00e9volue vers l\u2019alcoolisme et la tentative de suicide par immolation.Apr\u00e8s le trauma du rapt, il reste le vide, br\u00fblant\u2026 \u00e0 remplir de quoi ? De br\u00fblure ! Celle de l\u2019alcool dans la bouche, dans la glotte, dans l\u2019\u0153sophage\u2026 mais pas&hellip;<\/p>\n","protected":false},"author":2,"featured_media":0,"comment_status":"closed","ping_status":"open","sticky":false,"template":"","format":"standard","meta":{"pmpro_default_level":"","ngg_post_thumbnail":0,"footnotes":""},"categories":[81],"tags":[492,493,484,702,667],"class_list":["post-3369","post","type-post","status-publish","format-standard","hentry","category-katz-mazilu-irina","tag-art-therapie","tag-cas-clinique","tag-peinture","tag-ra003-27","tag-ravissement","pmpro-has-access"],"_links":{"self":[{"href":"https:\/\/bibliotheque-sfpe-at.com\/index.php\/wp-json\/wp\/v2\/posts\/3369","targetHints":{"allow":["GET"]}}],"collection":[{"href":"https:\/\/bibliotheque-sfpe-at.com\/index.php\/wp-json\/wp\/v2\/posts"}],"about":[{"href":"https:\/\/bibliotheque-sfpe-at.com\/index.php\/wp-json\/wp\/v2\/types\/post"}],"author":[{"embeddable":true,"href":"https:\/\/bibliotheque-sfpe-at.com\/index.php\/wp-json\/wp\/v2\/users\/2"}],"replies":[{"embeddable":true,"href":"https:\/\/bibliotheque-sfpe-at.com\/index.php\/wp-json\/wp\/v2\/comments?post=3369"}],"version-history":[{"count":2,"href":"https:\/\/bibliotheque-sfpe-at.com\/index.php\/wp-json\/wp\/v2\/posts\/3369\/revisions"}],"predecessor-version":[{"id":4379,"href":"https:\/\/bibliotheque-sfpe-at.com\/index.php\/wp-json\/wp\/v2\/posts\/3369\/revisions\/4379"}],"wp:attachment":[{"href":"https:\/\/bibliotheque-sfpe-at.com\/index.php\/wp-json\/wp\/v2\/media?parent=3369"}],"wp:term":[{"taxonomy":"category","embeddable":true,"href":"https:\/\/bibliotheque-sfpe-at.com\/index.php\/wp-json\/wp\/v2\/categories?post=3369"},{"taxonomy":"post_tag","embeddable":true,"href":"https:\/\/bibliotheque-sfpe-at.com\/index.php\/wp-json\/wp\/v2\/tags?post=3369"}],"curies":[{"name":"wp","href":"https:\/\/api.w.org\/{rel}","templated":true}]}}