{"id":3393,"date":"2013-11-16T18:00:10","date_gmt":"2013-11-16T17:00:10","guid":{"rendered":"https:\/\/sfpe-at.com\/?p=3393"},"modified":"2025-01-21T19:32:42","modified_gmt":"2025-01-21T18:32:42","slug":"regards","status":"publish","type":"post","link":"https:\/\/bibliotheque-sfpe-at.com\/index.php\/2013\/11\/16\/regards\/","title":{"rendered":"Regards"},"content":{"rendered":"<div class=\"wp-block-image\">\n<figure class=\"alignright size-large is-resized\"><a href=\"http:\/\/bibliotheque-sfpe-at.com\/wp-content\/uploads\/2025\/01\/RA004-Regards.jpg\"><img loading=\"lazy\" decoding=\"async\" width=\"724\" height=\"1024\" src=\"http:\/\/bibliotheque-sfpe-at.com\/wp-content\/uploads\/2025\/01\/RA004-Regards-724x1024.jpg\" alt=\"\" class=\"wp-image-3381\" style=\"width:350px\" srcset=\"https:\/\/bibliotheque-sfpe-at.com\/wp-content\/uploads\/2025\/01\/RA004-Regards-724x1024.jpg 724w, https:\/\/bibliotheque-sfpe-at.com\/wp-content\/uploads\/2025\/01\/RA004-Regards-212x300.jpg 212w, https:\/\/bibliotheque-sfpe-at.com\/wp-content\/uploads\/2025\/01\/RA004-Regards-768x1086.jpg 768w, https:\/\/bibliotheque-sfpe-at.com\/wp-content\/uploads\/2025\/01\/RA004-Regards-241x340.jpg 241w, https:\/\/bibliotheque-sfpe-at.com\/wp-content\/uploads\/2025\/01\/RA004-Regards-425x600.jpg 425w, https:\/\/bibliotheque-sfpe-at.com\/wp-content\/uploads\/2025\/01\/RA004-Regards-600x848.jpg 600w, https:\/\/bibliotheque-sfpe-at.com\/wp-content\/uploads\/2025\/01\/RA004-Regards.jpg 849w\" sizes=\"auto, (max-width: 724px) 100vw, 724px\" \/><\/a><\/figure>\n<\/div>\n\n\n<p><\/p>\n\n\n\n<p>Depuis le regard du b\u00e9b\u00e9 qui d\u00e9couvre les objets maternels (ou leurs substituts), puis son propre corps et, dans le miroir, son double, jusqu\u2019\u00e0 celui du vieillard qui regarde des photographies pour se rem\u00e9morer\u2026, notre vie est rythm\u00e9e par des \u00e9changes de regards dont nous sommes aussi l\u2019objet. C\u2019est ainsi que \u00ab ce que nous voyons devant nous regarde toujours dedans\u00bb, comme le remarque Georges Didi-Huberman (1999).<br>Tous les qualificatifs dont les regards sont affect\u00e9s (droits, fuyants, tendres, m\u00e9prisants, haineux\u2026), en montrent bien la dimension pulsionnelle d\u2019emprise: une absence de regard ne nous laisse-t-elle pas d\u00e9sempar\u00e9s ? Et le surgissement du regard dans certains d\u00e9lires peut-il \u00eatre pers\u00e9cuteur?<br>En quoi ce que l\u2019artiste nous donne \u00e0 voir (ou \u00e0 entendre, ou \u00e0 lire) est-il apte \u00e0 nous transmettre ce regard dont il est lui-m\u00eame \u00e0 la fois l\u2019objet et le sujet ? Le regard du spectateur qui se lib\u00e8re dans l\u2019obscurit\u00e9 d\u2019un cin\u00e9ma, sur la sc\u00e8ne r\u00e9elle ou imaginaire d\u2019un th\u00e9\u00e2tre, ou dans les \u0153uvres d\u2019une exposition, est-il au service de la perception de l\u2019\u0153uvre?<br>Y a-t-il un lien entre la pulsion de voir (pulsion scopique) et la pulsion de savoir (pulsion \u00e9pist\u00e9mophilique)? Pulsion d\u2019emprise, la curiosit\u00e9 intellectuelle pourrait-elle concerner diff\u00e9rents domaines : art, philosophie, politique, science, psychanalyse, etc.<br>Et qu\u2019en est-il du regard de l\u2019art-th\u00e9rapeute dans sa pratique? Comment proc\u00e8de-t-il pour permettre \u00e0 l\u2019art d\u2019induire des effets th\u00e9rapeutiques ? Et comment r\u00e9fl\u00e9chir alors \u00e0 la fa\u00e7on d\u2019exposer \u00aben public\u00bb les \u0153uvres cr\u00e9\u00e9es dans les ateliers ? Ces diff\u00e9rentes questions et d\u00e9bats interdisciplinaires sur le regard seront ouvertes lors de nos 49e journ\u00e9es d\u2019automne.<\/p>\n\n\n\n<p><\/p>\n\n\n<div class='pt-cv-wrapper'> <div class=\"pt-cv-view pt-cv-blockgrid iscvblock iscvreal grid1 layout2 cveffect-zoomin\" id=\"pt-cv-view-3i0h7lt2\"><div data-id=\"pt-cv-page-1\" class=\"pt-cv-page\" data-cvc=\"4\"><div class=\" pt-cv-content-item pt-cv-1-col\" ><div class=\"pt-cv-taxoterm above_title\"><a href='https:\/\/bibliotheque-sfpe-at.com\/index.php\/category\/auteurs\/catonne-jean-philippe\/' title='Catonn\u00e9 Jean-Philippe' class='pt-cv-tax-catonne-jean-philippe'>Catonn\u00e9 Jean-Philippe<\/a><\/div>\n<h4 class=\"pt-cv-title\"><a href=\"https:\/\/bibliotheque-sfpe-at.com\/index.php\/2025\/01\/21\/un-autre-regard\/\" class=\"_self\" target=\"_self\" >Un autre regard<\/a><\/h4>\n<div class=\"pt-cv-content\">Si regarder signifie s\u2019appliquer \u00e0 voir, les vingt-cinq contributions de ce volume offrent un panorama sur une large diversit\u00e9 de regards, en particulier artistiques. L\u2019id\u00e9e de panoramaelle-m\u00eame introduit \u00e0 l\u2019histoire de l\u2019art. Le saviez-vous, lecteur ? Le mot sonne grec, et pourtant on lui doit &#8230;<\/div>\n<div class=\"pt-cv-rmwrap\"><a href=\"https:\/\/bibliotheque-sfpe-at.com\/index.php\/2025\/01\/21\/un-autre-regard\/\" class=\"_self pt-cv-readmore btn btn-success\" target=\"_self\" >Lire La Suite\u2026<\/a><\/div><\/div>\n<div class=\" pt-cv-content-item pt-cv-1-col\" ><div class=\"pt-cv-taxoterm above_title\"><a href='https:\/\/bibliotheque-sfpe-at.com\/index.php\/category\/auteurs\/lambert-jean-francois\/' title='Lambert Jean-Fran\u00e7ois' class='pt-cv-tax-lambert-jean-francois'>Lambert Jean-Fran\u00e7ois<\/a><\/div>\n<h4 class=\"pt-cv-title\"><a href=\"https:\/\/bibliotheque-sfpe-at.com\/index.php\/2025\/01\/21\/du-regard-au-ca-voir\/\" class=\"_self\" target=\"_self\" >Du regard au \u00e7a-voir<\/a><\/h4>\n<div class=\"pt-cv-content\">Nous utilisons, certes, nos yeux pour d\u00e9tecter des objets dans l\u2019environnement, les observer et suivre leurs d\u00e9placements, mais c\u2019est le regard qui questionne le monde et non le monde qui s\u2019impose au regard : je vais o\u00f9 je regarde plus que je regarde o\u00f9 je &#8230;<\/div>\n<div class=\"pt-cv-rmwrap\"><a href=\"https:\/\/bibliotheque-sfpe-at.com\/index.php\/2025\/01\/21\/du-regard-au-ca-voir\/\" class=\"_self pt-cv-readmore btn btn-success\" target=\"_self\" >Lire La Suite\u2026<\/a><\/div><\/div>\n<div class=\" pt-cv-content-item pt-cv-1-col\" ><div class=\"pt-cv-taxoterm above_title\"><a href='https:\/\/bibliotheque-sfpe-at.com\/index.php\/category\/auteurs\/bloess-georges\/' title='Bloess Georges' class='pt-cv-tax-bloess-georges'>Bloess Georges<\/a><\/div>\n<h4 class=\"pt-cv-title\"><a href=\"https:\/\/bibliotheque-sfpe-at.com\/index.php\/2025\/01\/21\/de-tous-ses-yeux-la-creature-voit-louvert-le-regard-a-lorigine-de-lacte-createur-chez-rilke\/\" class=\"_self\" target=\"_self\" >\u00ab De tous ses yeux la cr\u00e9ature voit l\u2019Ouvert \u00bb : le regard \u00e0 l\u2019origine de l\u2019acte cr\u00e9ateur chez Rilke<\/a><\/h4>\n<div class=\"pt-cv-content\">Ce vers inaugural de la Huitri\u00e8me \u00c9l\u00e9gie \u00e0 Duino est d\u2019autant plus c\u00e9l\u00e9br\u00e9 qu\u2019il a \u00e9t\u00e9 abondamment comment\u00e9 par les philosophes les plus illustres. S\u2019il invite aujourd\u2019hui encore \u00e0 la r\u00e9flexion, c\u2019est parce qu\u2019il interroge \u00e9galement la recherche en psychopathologie de l\u2019expression. En effet, il &#8230;<\/div>\n<div class=\"pt-cv-rmwrap\"><a href=\"https:\/\/bibliotheque-sfpe-at.com\/index.php\/2025\/01\/21\/de-tous-ses-yeux-la-creature-voit-louvert-le-regard-a-lorigine-de-lacte-createur-chez-rilke\/\" class=\"_self pt-cv-readmore btn btn-success\" target=\"_self\" >Lire La Suite\u2026<\/a><\/div><\/div>\n<div class=\" pt-cv-content-item pt-cv-1-col\" ><div class=\"pt-cv-taxoterm above_title\"><a href='https:\/\/bibliotheque-sfpe-at.com\/index.php\/category\/auteurs\/mourtada-youssef\/' title='Mourtada Youssef' class='pt-cv-tax-mourtada-youssef'>Mourtada Youssef<\/a><\/div>\n<h4 class=\"pt-cv-title\"><a href=\"https:\/\/bibliotheque-sfpe-at.com\/index.php\/2025\/01\/21\/histoire-de-voir\/\" class=\"_self\" target=\"_self\" >Histoire de voir<\/a><\/h4>\n<div class=\"pt-cv-content\">Le regard comme le d\u00e9sir, c\u2019est une visibilit\u00e9 inaccomplie et il ne suffit pas de regarder pour voir ni de montrer pour \u00eatre vu. Cela dit, la question reste pos\u00e9e: peut-on parvenir \u00e0 une visibilit\u00e9? Peut-on cesser d\u2019\u00eatre aveugle, malheureux, comme les miroirs qui r\u00e9fl\u00e9chissent &#8230;<\/div>\n<div class=\"pt-cv-rmwrap\"><a href=\"https:\/\/bibliotheque-sfpe-at.com\/index.php\/2025\/01\/21\/histoire-de-voir\/\" class=\"_self pt-cv-readmore btn btn-success\" target=\"_self\" >Lire La Suite\u2026<\/a><\/div><\/div>\n<div class=\" pt-cv-content-item pt-cv-1-col\" ><div class=\"pt-cv-taxoterm above_title\"><a href='https:\/\/bibliotheque-sfpe-at.com\/index.php\/category\/auteurs\/reillanne-ghislaine\/' title='Reillanne Ghislaine' class='pt-cv-tax-reillanne-ghislaine'>Reillanne Ghislaine<\/a><\/div>\n<h4 class=\"pt-cv-title\"><a href=\"https:\/\/bibliotheque-sfpe-at.com\/index.php\/2025\/01\/21\/giacometti-un-regard-au-dela\/\" class=\"_self\" target=\"_self\" >Giacometti : un regard au-del\u00e0<\/a><\/h4>\n<div class=\"pt-cv-content\">Alberto Giacometti, peintre et surtout grand sculpteur de notre XXe si\u00e8cle, doit sa grande originalit\u00e9 \u00e0 la multiplicit\u00e9 des regards que son \u0153uvre et son personnage suscitent.Outre le regard interrogateur, parfois dubitatif mais toujours curieux du spectateur sur ses \u0153uvres, il y a aussi le &#8230;<\/div>\n<div class=\"pt-cv-rmwrap\"><a href=\"https:\/\/bibliotheque-sfpe-at.com\/index.php\/2025\/01\/21\/giacometti-un-regard-au-dela\/\" class=\"_self pt-cv-readmore btn btn-success\" target=\"_self\" >Lire La Suite\u2026<\/a><\/div><\/div>\n<div class=\" pt-cv-content-item pt-cv-1-col\" ><div class=\"pt-cv-taxoterm above_title\"><a href='https:\/\/bibliotheque-sfpe-at.com\/index.php\/category\/auteurs\/paradas-christophe\/' title='Paradas Christophe' class='pt-cv-tax-paradas-christophe'>Paradas Christophe<\/a><\/div>\n<h4 class=\"pt-cv-title\"><a href=\"https:\/\/bibliotheque-sfpe-at.com\/index.php\/2025\/01\/21\/les-regards-de-diane-et-dacteon\/\" class=\"_self\" target=\"_self\" >Les regards de Diane et d\u2019Act\u00e9on<\/a><\/h4>\n<div class=\"pt-cv-content\">\u00ab J\u2019aimerais vous parler d\u2019Act\u00e9on \u00bb, \u00e9crit Pierre Klossowski au d\u00e9but de son magistral essai. En \u00e9cho \u00e0 ces premiers regards dont t\u00e9moigne cette sc\u00e8ne fondamentale des myst\u00e8res de l\u2019art. Regards du regard qui prendraient corps, avant et apr\u00e8s l&rsquo;origine de l\u2019origine, comme \u00e0 Lascaux &#8230;<\/div>\n<div class=\"pt-cv-rmwrap\"><a href=\"https:\/\/bibliotheque-sfpe-at.com\/index.php\/2025\/01\/21\/les-regards-de-diane-et-dacteon\/\" class=\"_self pt-cv-readmore btn btn-success\" target=\"_self\" >Lire La Suite\u2026<\/a><\/div><\/div>\n<div class=\" pt-cv-content-item pt-cv-1-col\" ><div class=\"pt-cv-taxoterm above_title\"><a href='https:\/\/bibliotheque-sfpe-at.com\/index.php\/category\/auteurs\/lamblin-berlende\/' title='Lamblin Berlende' class='pt-cv-tax-lamblin-berlende'>Lamblin Berlende<\/a><\/div>\n<h4 class=\"pt-cv-title\"><a href=\"https:\/\/bibliotheque-sfpe-at.com\/index.php\/2025\/01\/21\/bacon-ou-la-torsion-du-regard\/\" class=\"_self\" target=\"_self\" >Bacon ou la torsion du regard<\/a><\/h4>\n<div class=\"pt-cv-content\">Quand le b\u00e9b\u00e9 tourne son regard vers le visage de sa m\u00e8re, il cherche \u00e0 reconna\u00eetre son image unifi\u00e9e sans en percevoir le manque. Si la m\u00e8re ne refl\u00e8te que son propre \u00e9tat d\u2019\u00e2me et que la violence du p\u00e8re, emp\u00eache l\u2019identification paternelle, cette image &#8230;<\/div>\n<div class=\"pt-cv-rmwrap\"><a href=\"https:\/\/bibliotheque-sfpe-at.com\/index.php\/2025\/01\/21\/bacon-ou-la-torsion-du-regard\/\" class=\"_self pt-cv-readmore btn btn-success\" target=\"_self\" >Lire La Suite\u2026<\/a><\/div><\/div>\n<div class=\" pt-cv-content-item pt-cv-1-col\" ><div class=\"pt-cv-taxoterm above_title\"><a href='https:\/\/bibliotheque-sfpe-at.com\/index.php\/category\/auteurs\/roques-marjorie\/' title='Roques Marjorie' class='pt-cv-tax-roques-marjorie'>Roques Marjorie<\/a><\/div>\n<h4 class=\"pt-cv-title\"><a href=\"https:\/\/bibliotheque-sfpe-at.com\/index.php\/2025\/01\/21\/pulsion-scopique-image-du-corps-et-oeuvre-picturale-regards-croises-a-la-source-de-la-creation\/\" class=\"_self\" target=\"_self\" >Pulsion scopique, image du corps et \u0153uvre picturale : regards crois\u00e9s \u00e0 la source de la cr\u00e9ation<\/a><\/h4>\n<div class=\"pt-cv-content\">La question du regard traverse les mythes : \u00e0 l\u2019image du vampire ayant perdu son \u00e2me, interdit de percevoir son image dans le miroir ; \u00e0 l\u2019instar de Narcisse, mort \u00e0 la vue de son propre reflet; \u00e0 l&rsquo;exemple de la Gorgone au regard p\u00e9trifiant; &#8230;<\/div>\n<div class=\"pt-cv-rmwrap\"><a href=\"https:\/\/bibliotheque-sfpe-at.com\/index.php\/2025\/01\/21\/pulsion-scopique-image-du-corps-et-oeuvre-picturale-regards-croises-a-la-source-de-la-creation\/\" class=\"_self pt-cv-readmore btn btn-success\" target=\"_self\" >Lire La Suite\u2026<\/a><\/div><\/div>\n<div class=\" pt-cv-content-item pt-cv-1-col\" ><div class=\"pt-cv-taxoterm above_title\"><a href='https:\/\/bibliotheque-sfpe-at.com\/index.php\/category\/auteurs\/boute-gerard\/' title='Bout\u00e9 G\u00e9rard' class='pt-cv-tax-boute-gerard'>Bout\u00e9 G\u00e9rard<\/a><\/div>\n<h4 class=\"pt-cv-title\"><a href=\"https:\/\/bibliotheque-sfpe-at.com\/index.php\/2025\/01\/21\/le-regard-de-dieu-dans-le-regard-de-lhomme-lespace-pictural-au-moyen-age\/\" class=\"_self\" target=\"_self\" >Le regard de Dieu dans le regard de l\u2019homme. L\u2019espace pictural au Moyen \u00c2ge<\/a><\/h4>\n<div class=\"pt-cv-content\">Le Pictural, nous le d\u00e9finissons comme le lieu d&rsquo;un regard, objet de d\u00e9sir du peintre et conqu\u00eate de l&rsquo;absolu dans l&rsquo;espace de l&rsquo;\u0153uvre. Le d\u00e9sir du peintre, pour paraphraser Lacan, nous le d\u00e9finirons comme d\u00e9sir du regard de l&rsquo;Autre.Mais l&rsquo;Autre, au Moyen \u00c2ge, l&rsquo;Autre inaccessible &#8230;<\/div>\n<div class=\"pt-cv-rmwrap\"><a href=\"https:\/\/bibliotheque-sfpe-at.com\/index.php\/2025\/01\/21\/le-regard-de-dieu-dans-le-regard-de-lhomme-lespace-pictural-au-moyen-age\/\" class=\"_self pt-cv-readmore btn btn-success\" target=\"_self\" >Lire La Suite\u2026<\/a><\/div><\/div>\n<div class=\" pt-cv-content-item pt-cv-1-col\" ><div class=\"pt-cv-taxoterm above_title\"><a href='https:\/\/bibliotheque-sfpe-at.com\/index.php\/category\/auteurs\/schauder-silke\/' title='Schauder Silke' class='pt-cv-tax-schauder-silke'>Schauder Silke<\/a><\/div>\n<h4 class=\"pt-cv-title\"><a href=\"https:\/\/bibliotheque-sfpe-at.com\/index.php\/2025\/01\/21\/la-toile-retournee-du-peintre-paradoxes-du-regard-dans-les-menines-1656-de-diego-velasquez\/\" class=\"_self\" target=\"_self\" >La toile retourn\u00e9e du peintre. Paradoxes du regard dans Les M\u00e9nines (1656) de Diego V\u00e9lasquez<\/a><\/h4>\n<div class=\"pt-cv-content\">Chef d\u2019\u0153uvre de l\u2019art baroque, Opus magnus de V\u00e9lasquez, \u00ab th\u00e9ologie de la peinture \u00bb pour certains, Les M\u00e9nines n\u2019ont rien perdu de leur pouvoir de fascination. Le tableau a connu une vari\u00e9t\u00e9 de grilles de lecture et une fortune critique exceptionnelles. Mais comment lire &#8230;<\/div>\n<div class=\"pt-cv-rmwrap\"><a href=\"https:\/\/bibliotheque-sfpe-at.com\/index.php\/2025\/01\/21\/la-toile-retournee-du-peintre-paradoxes-du-regard-dans-les-menines-1656-de-diego-velasquez\/\" class=\"_self pt-cv-readmore btn btn-success\" target=\"_self\" >Lire La Suite\u2026<\/a><\/div><\/div>\n<div class=\" pt-cv-content-item pt-cv-1-col\" ><div class=\"pt-cv-taxoterm above_title\"><a href='https:\/\/bibliotheque-sfpe-at.com\/index.php\/category\/auteurs\/verlinden-tanja\/' title='Verlinden Tanja' class='pt-cv-tax-verlinden-tanja'>Verlinden Tanja<\/a><\/div>\n<h4 class=\"pt-cv-title\"><a href=\"https:\/\/bibliotheque-sfpe-at.com\/index.php\/2025\/01\/21\/arret-sur-regard-une-approche-des-autoportraits-de-leon-spilliaert-sous-langle-scopique\/\" class=\"_self\" target=\"_self\" >\u00ab Arr\u00eat sur regard \u00bb. Une approche des autoportraits de L\u00e9on Spilliaert sous l\u2019angle scopique<\/a><\/h4>\n<div class=\"pt-cv-content\">Qualifi\u00e9 de \u00ab visionnaire \u00bb, L\u00e9on Spilliaert, peintre belge n\u00e9 \u00e0 Ostende \u00e0 la fin du XIXe si\u00e8cle, peut \u00eatre consid\u00e9r\u00e9 comme pr\u00e9curseur de plusieurs courants artistiques de l\u2019\u00e9poque.Cependant, son \u0153uvre reste fonci\u00e8rement inclassable tant elle est singuli\u00e8re. Et ce qui la rend singuli\u00e8re, outre &#8230;<\/div>\n<div class=\"pt-cv-rmwrap\"><a href=\"https:\/\/bibliotheque-sfpe-at.com\/index.php\/2025\/01\/21\/arret-sur-regard-une-approche-des-autoportraits-de-leon-spilliaert-sous-langle-scopique\/\" class=\"_self pt-cv-readmore btn btn-success\" target=\"_self\" >Lire La Suite\u2026<\/a><\/div><\/div>\n<div class=\" pt-cv-content-item pt-cv-1-col\" ><div class=\"pt-cv-taxoterm above_title\"><a href='https:\/\/bibliotheque-sfpe-at.com\/index.php\/category\/auteurs\/martineau-jean-pierre\/' title='Martineau Jean-Pierre' class='pt-cv-tax-martineau-jean-pierre'>Martineau Jean-Pierre<\/a><\/div>\n<h4 class=\"pt-cv-title\"><a href=\"https:\/\/bibliotheque-sfpe-at.com\/index.php\/2025\/01\/21\/dyeux-vous-garde-munificence-et-cruaute-des-regards-pablo-picasso-creations-et-victimes-dun-minotaure\/\" class=\"_self\" target=\"_self\" >D\u2019yeux vous garde. Munificence et cruaut\u00e9 des regards. Pablo Picasso : cr\u00e9ations et victimes d\u2019un Minotaure<\/a><\/h4>\n<div class=\"pt-cv-content\">\u00ab Critiques, analystes, gardez allum\u00e9e la lampe de Psych\u00e9, mais songez au destin d\u2019Act\u00e9on \u00bb. Cette mise en garde de Jean Starobinski (1970) redouble la pri\u00e8re de notre intitul\u00e9 qui s&rsquo;adresse aussi aux patients et \u00e0 leurs entourages (autres aimants : muses, parent\u00e8le, amis, partenaires &#8230;<\/div>\n<div class=\"pt-cv-rmwrap\"><a href=\"https:\/\/bibliotheque-sfpe-at.com\/index.php\/2025\/01\/21\/dyeux-vous-garde-munificence-et-cruaute-des-regards-pablo-picasso-creations-et-victimes-dun-minotaure\/\" class=\"_self pt-cv-readmore btn btn-success\" target=\"_self\" >Lire La Suite\u2026<\/a><\/div><\/div>\n<div class=\" pt-cv-content-item pt-cv-1-col\" ><div class=\"pt-cv-taxoterm above_title\"><a href='https:\/\/bibliotheque-sfpe-at.com\/index.php\/category\/auteurs\/schiltz-lony\/' title='Schiltz Lony' class='pt-cv-tax-schiltz-lony'>Schiltz Lony<\/a><\/div>\n<h4 class=\"pt-cv-title\"><a href=\"https:\/\/bibliotheque-sfpe-at.com\/index.php\/2025\/01\/21\/letre-pour-soi-et-letre-pour-lautre-a-ladolescence-construire-son-identite-sous-le-regard-dautrui\/\" class=\"_self\" target=\"_self\" >L\u2019\u00eatre-pour-soi et l\u2019\u00eatre-pour-l\u2019autre \u00e0 l\u2019adolescence : construire son identit\u00e9 sous le regard d\u2019autrui<\/a><\/h4>\n<div class=\"pt-cv-content\">La dialectique de l\u2019\u00eatre-pour-soi et de l\u2019\u00eatre-pour-autrui est particuli\u00e8rement virulente \u00e0 l&rsquo;adolescence, \u00e9poque \u00e0 laquelle l\u2019une des t\u00e2ches majeures consiste \u00e0 construire une repr\u00e9sentation coh\u00e9rente de soi-m\u00eame et d\u2019autrui.Diff\u00e9rentes approches th\u00e9oriques de l&rsquo;adolescence, et en particulier les approches d\u2019ob\u00e9dience psycho dynamique, socio-behavioriste, humaniste et syst\u00e9mique, &#8230;<\/div>\n<div class=\"pt-cv-rmwrap\"><a href=\"https:\/\/bibliotheque-sfpe-at.com\/index.php\/2025\/01\/21\/letre-pour-soi-et-letre-pour-lautre-a-ladolescence-construire-son-identite-sous-le-regard-dautrui\/\" class=\"_self pt-cv-readmore btn btn-success\" target=\"_self\" >Lire La Suite\u2026<\/a><\/div><\/div>\n<div class=\" pt-cv-content-item pt-cv-1-col\" ><div class=\"pt-cv-taxoterm above_title\"><a href='https:\/\/bibliotheque-sfpe-at.com\/index.php\/category\/auteurs\/vaysse-jocelyne\/' title='Vaysse Jocelyne' class='pt-cv-tax-vaysse-jocelyne'>Vaysse Jocelyne<\/a><\/div>\n<h4 class=\"pt-cv-title\"><a href=\"https:\/\/bibliotheque-sfpe-at.com\/index.php\/2025\/01\/21\/in-decences-visions-des-desordres-mouvementes-et-danses\/\" class=\"_self\" target=\"_self\" >In-d\u00e9cences. Visions des d\u00e9sordres mouvement\u00e9s et dans\u00e9s<\/a><\/h4>\n<div class=\"pt-cv-content\">Les mouvements d\u00e9sordonn\u00e9s, dystoniques\u2026 sont abord\u00e9s dans leur rapport au corps (surtout f\u00e9minin !) en ciblant les interf\u00e9rences entre danse, imaginaire et contexte socio-culturel. Aux XVIe-XVIIIe si\u00e8cles, la femme \u00abhumide\u00bb, agit\u00e9e par une \u00abpourriture interne\u00bb, subit ensuite une matrice migratoire qui d\u00e9sorganise son esprit et &#8230;<\/div>\n<div class=\"pt-cv-rmwrap\"><a href=\"https:\/\/bibliotheque-sfpe-at.com\/index.php\/2025\/01\/21\/in-decences-visions-des-desordres-mouvementes-et-danses\/\" class=\"_self pt-cv-readmore btn btn-success\" target=\"_self\" >Lire La Suite\u2026<\/a><\/div><\/div>\n<div class=\" pt-cv-content-item pt-cv-1-col\" ><div class=\"pt-cv-taxoterm above_title\"><a href='https:\/\/bibliotheque-sfpe-at.com\/index.php\/category\/auteurs\/madelaine-dupuich-carole\/' title='Madelaine-Dupuich Carole' class='pt-cv-tax-madelaine-dupuich-carole'>Madelaine-Dupuich Carole<\/a><\/div>\n<h4 class=\"pt-cv-title\"><a href=\"https:\/\/bibliotheque-sfpe-at.com\/index.php\/2025\/01\/21\/du-regard-ou-la-question-de-la-place-en-art-therapie\/\" class=\"_self\" target=\"_self\" >Du regard ou la question de la place en art-th\u00e9rapie<\/a><\/h4>\n<div class=\"pt-cv-content\">D\u2019un croisement scopique \u00e0 un \u00e9change en passant par un vecteur d\u2019\u00e9motions, le regard est un dispositif qui maintient l\u2019individu debout dans le monde sensible. Mais, telle une faille, le regard est aussi une ouverture dans laquelle on peut tomber. Conna\u00eetre la faille, c\u2019est de &#8230;<\/div>\n<div class=\"pt-cv-rmwrap\"><a href=\"https:\/\/bibliotheque-sfpe-at.com\/index.php\/2025\/01\/21\/du-regard-ou-la-question-de-la-place-en-art-therapie\/\" class=\"_self pt-cv-readmore btn btn-success\" target=\"_self\" >Lire La Suite\u2026<\/a><\/div><\/div>\n<div class=\" pt-cv-content-item pt-cv-1-col\" ><div class=\"pt-cv-taxoterm above_title\"><a href='https:\/\/bibliotheque-sfpe-at.com\/index.php\/category\/auteurs\/deschamps-valerie\/' title='Deschamps Val\u00e9rie' class='pt-cv-tax-deschamps-valerie'>Deschamps Val\u00e9rie<\/a><\/div>\n<h4 class=\"pt-cv-title\"><a href=\"https:\/\/bibliotheque-sfpe-at.com\/index.php\/2025\/01\/21\/du-silence-chez-hopper-a-linvisible-chez-magritte-un-au-dela-du-regard\/\" class=\"_self\" target=\"_self\" >Du silence chez Hopper \u00e0 l\u2019invisible chez Magritte : un au-del\u00e0 du regard<\/a><\/h4>\n<div class=\"pt-cv-content\">Selon Lacan, \u00ab l\u2019app\u00e9tit de l\u2019\u0153il \u00bb \u00e0 voir conf\u00e8re \u00e0 la peinture un effet \u00ab pacifiant, apollinien \u00bb ; et la question du \u00ab donner-\u00e0-voir \u00bb d\u2019un tableau n\u2019est pas sans lien avec la satisfaction \u00e0 \u00eatre sous le regard.Mais qu\u2019en est-il de la &#8230;<\/div>\n<div class=\"pt-cv-rmwrap\"><a href=\"https:\/\/bibliotheque-sfpe-at.com\/index.php\/2025\/01\/21\/du-silence-chez-hopper-a-linvisible-chez-magritte-un-au-dela-du-regard\/\" class=\"_self pt-cv-readmore btn btn-success\" target=\"_self\" >Lire La Suite\u2026<\/a><\/div><\/div>\n<div class=\" pt-cv-content-item pt-cv-1-col\" ><div class=\"pt-cv-taxoterm above_title\"><a href='https:\/\/bibliotheque-sfpe-at.com\/index.php\/category\/auteurs\/morin-bompart-michelle\/' title='Morin-Bompart Michelle' class='pt-cv-tax-morin-bompart-michelle'>Morin-Bompart Michelle<\/a><\/div>\n<h4 class=\"pt-cv-title\"><a href=\"https:\/\/bibliotheque-sfpe-at.com\/index.php\/2025\/01\/21\/perversion-du-regard-dali-au-regard-de-son-oeuvre\/\" class=\"_self\" target=\"_self\" >Perversion du regard : Dal\u00ed au regard de son \u0153uvre<\/a><\/h4>\n<div class=\"pt-cv-content\">La perversion du regard (le voyeurisme) a peu fait l\u2019objet d\u2019\u00e9tudes psychiatriques et psychanalytiques : Dali en est une belle illustration. Il exhibe de nombreux r\u00e9cits sur ses tendances voyeuristes et exhibitionnistes dans son autobiographie La vie secr\u00e8te de Salvador Dali Robert Descharnes, expert mondial &#8230;<\/div>\n<div class=\"pt-cv-rmwrap\"><a href=\"https:\/\/bibliotheque-sfpe-at.com\/index.php\/2025\/01\/21\/perversion-du-regard-dali-au-regard-de-son-oeuvre\/\" class=\"_self pt-cv-readmore btn btn-success\" target=\"_self\" >Lire La Suite\u2026<\/a><\/div><\/div>\n<div class=\" pt-cv-content-item pt-cv-1-col\" ><div class=\"pt-cv-taxoterm above_title\"><a href='https:\/\/bibliotheque-sfpe-at.com\/index.php\/category\/auteurs\/mazoyer-anne-valerie\/' title='Mazoyer Anne-Val\u00e9rie' class='pt-cv-tax-mazoyer-anne-valerie'>Mazoyer Anne-Val\u00e9rie<\/a><\/div>\n<h4 class=\"pt-cv-title\"><a href=\"https:\/\/bibliotheque-sfpe-at.com\/index.php\/2025\/01\/21\/du-corps-broye-a-sa-reconstruction-par-le-miroir-fonctions-du-reflet-et-de-lautoportrait-chez-frida-kahlo\/\" class=\"_self\" target=\"_self\" >Du corps broy\u00e9 \u00e0 sa reconstruction par le miroir : fonctions du reflet et de l\u2019autoportrait chez Frida Kahlo<\/a><\/h4>\n<div class=\"pt-cv-content\">Les productions artistiques de Frida Kahlo (1907-1954) nous semblent illustrer un art convoqu\u00e9 comme moyen de survivance face \u00e0 la d\u00e9ch\u00e9ance du corps. Son exemple nous permet aussi d\u2019aborder les suppl\u00e9ances face \u00e0 l\u2019effroi et la sid\u00e9ration g\u00e9n\u00e9r\u00e9s par divers \u00e9v\u00e9nements traumatiques ayant valeur de &#8230;<\/div>\n<div class=\"pt-cv-rmwrap\"><a href=\"https:\/\/bibliotheque-sfpe-at.com\/index.php\/2025\/01\/21\/du-corps-broye-a-sa-reconstruction-par-le-miroir-fonctions-du-reflet-et-de-lautoportrait-chez-frida-kahlo\/\" class=\"_self pt-cv-readmore btn btn-success\" target=\"_self\" >Lire La Suite\u2026<\/a><\/div><\/div>\n<div class=\" pt-cv-content-item pt-cv-1-col\" ><div class=\"pt-cv-taxoterm above_title\"><a href='https:\/\/bibliotheque-sfpe-at.com\/index.php\/category\/auteurs\/barthelemy-jean-marie\/' title='Barth\u00e9l\u00e9my Jean-Marie' class='pt-cv-tax-barthelemy-jean-marie'>Barth\u00e9l\u00e9my Jean-Marie<\/a><a href='https:\/\/bibliotheque-sfpe-at.com\/index.php\/category\/auteurs\/cholat-simon\/' title='Cholat Simon' class='pt-cv-tax-cholat-simon'>Cholat Simon<\/a><a href='https:\/\/bibliotheque-sfpe-at.com\/index.php\/category\/auteurs\/mazoyer-anne-valerie\/' title='Mazoyer Anne-Val\u00e9rie' class='pt-cv-tax-mazoyer-anne-valerie'>Mazoyer Anne-Val\u00e9rie<\/a><a href='https:\/\/bibliotheque-sfpe-at.com\/index.php\/category\/auteurs\/perot-cecile\/' title='P\u00e9rot C\u00e9cile' class='pt-cv-tax-perot-cecile'>P\u00e9rot C\u00e9cile<\/a><a href='https:\/\/bibliotheque-sfpe-at.com\/index.php\/category\/auteurs\/rossigneux-guillaume\/' title='Rossigneux Guillaume' class='pt-cv-tax-rossigneux-guillaume'>Rossigneux Guillaume<\/a><\/div>\n<h4 class=\"pt-cv-title\"><a href=\"https:\/\/bibliotheque-sfpe-at.com\/index.php\/2025\/01\/21\/le-coup-doeil-a-la-derobee-regarder-la-musique\/\" class=\"_self\" target=\"_self\" >Le coup d\u2019\u0153il \u00e0 la d\u00e9rob\u00e9e : regarder la musique<\/a><\/h4>\n<div class=\"pt-cv-content\">Notre r\u00e9flexion proc\u00e8de d&rsquo;une convergence fructueuse entre trois parcours: d&rsquo;une musicienne, d&rsquo;un photographe et d&rsquo;un psychologue. \u00c0 l&rsquo;occasion de s\u00e9quences musicales de rue, propos\u00e9es sans nulle contrepartie par la violoncelliste au c\u0153ur de l&rsquo;espace urbain, des \u00e9changes brefs ou soutenus de regards entre l&rsquo;interpr\u00e8te et &#8230;<\/div>\n<div class=\"pt-cv-rmwrap\"><a href=\"https:\/\/bibliotheque-sfpe-at.com\/index.php\/2025\/01\/21\/le-coup-doeil-a-la-derobee-regarder-la-musique\/\" class=\"_self pt-cv-readmore btn btn-success\" target=\"_self\" >Lire La Suite\u2026<\/a><\/div><\/div>\n<div class=\" pt-cv-content-item pt-cv-1-col\" ><div class=\"pt-cv-taxoterm above_title\"><a href='https:\/\/bibliotheque-sfpe-at.com\/index.php\/category\/auteurs\/perriot-gilles\/' title='Perriot Gilles' class='pt-cv-tax-perriot-gilles'>Perriot Gilles<\/a><\/div>\n<h4 class=\"pt-cv-title\"><a href=\"https:\/\/bibliotheque-sfpe-at.com\/index.php\/2025\/01\/21\/regards-photographiques\/\" class=\"_self\" target=\"_self\" >Regard(s) photographique(s)<\/a><\/h4>\n<div class=\"pt-cv-content\">L\u2019emploi de la photographie comme support d\u2019une psychoth\u00e9rapie permet de se rendre compte de toute la subjectivit\u00e9 des regards mais aussi de l\u2019\u00e9troite d\u00e9pendance que ceux-ci entretiennent avec les modes sociales et culturelles en cours.Si le regard met en lumi\u00e8re l\u2019histoire personnelle du spectateur de &#8230;<\/div>\n<div class=\"pt-cv-rmwrap\"><a href=\"https:\/\/bibliotheque-sfpe-at.com\/index.php\/2025\/01\/21\/regards-photographiques\/\" class=\"_self pt-cv-readmore btn btn-success\" target=\"_self\" >Lire La Suite\u2026<\/a><\/div><\/div>\n<div class=\" pt-cv-content-item pt-cv-1-col\" ><div class=\"pt-cv-taxoterm above_title\"><a href='https:\/\/bibliotheque-sfpe-at.com\/index.php\/category\/auteurs\/massardier-luc\/' title='Massardier Luc' class='pt-cv-tax-massardier-luc'>Massardier Luc<\/a><\/div>\n<h4 class=\"pt-cv-title\"><a href=\"https:\/\/bibliotheque-sfpe-at.com\/index.php\/2025\/01\/21\/portrait-entre-celebration-et-propagande\/\" class=\"_self\" target=\"_self\" >Portrait, entre c\u00e9l\u00e9bration et propagande<\/a><\/h4>\n<div class=\"pt-cv-content\">L\u2019artiste s\u2019expose \u00e0 tous les regards, ceux de l\u2019amateur, du critique, du marchand mais aussi ceux du pouvoir religieux et politique. Quelle est la nature de ces regards, quelles intentions soutiennent-ils et qui porte ces regards ?\u00c0 c\u00f4t\u00e9 du regard \u00e9motionnel du public, il y &#8230;<\/div>\n<div class=\"pt-cv-rmwrap\"><a href=\"https:\/\/bibliotheque-sfpe-at.com\/index.php\/2025\/01\/21\/portrait-entre-celebration-et-propagande\/\" class=\"_self pt-cv-readmore btn btn-success\" target=\"_self\" >Lire La Suite\u2026<\/a><\/div><\/div>\n<div class=\" pt-cv-content-item pt-cv-1-col\" ><div class=\"pt-cv-taxoterm above_title\"><a href='https:\/\/bibliotheque-sfpe-at.com\/index.php\/category\/auteurs\/veyrat-jean-gerald\/' title='Veyrat Jean-G\u00e9rald' class='pt-cv-tax-veyrat-jean-gerald'>Veyrat Jean-G\u00e9rald<\/a><\/div>\n<h4 class=\"pt-cv-title\"><a href=\"https:\/\/bibliotheque-sfpe-at.com\/index.php\/2025\/01\/21\/les-regards-vus-par-les-cineastes\/\" class=\"_self\" target=\"_self\" >Les regards vus par les cin\u00e9astes<\/a><\/h4>\n<div class=\"pt-cv-content\">Je diviserai cet expos\u00e9 en quatre parties. La pulsion scopiqueLe paradigme en est le voyeur o\u00f9 le tueur de prostitu\u00e9es filme ses assassinats, avant de filmer son propre suicide, lorsqu\u2019il est d\u00e9couvert.Deux films sont marqu\u00e9s par l\u2019effondrement du syst\u00e8me lorsque l\u2019objet aim\u00e9 ou d\u00e9sir\u00e9 est &#8230;<\/div>\n<div class=\"pt-cv-rmwrap\"><a href=\"https:\/\/bibliotheque-sfpe-at.com\/index.php\/2025\/01\/21\/les-regards-vus-par-les-cineastes\/\" class=\"_self pt-cv-readmore btn btn-success\" target=\"_self\" >Lire La Suite\u2026<\/a><\/div><\/div>\n<div class=\" pt-cv-content-item pt-cv-1-col\" ><div class=\"pt-cv-taxoterm above_title\"><a href='https:\/\/bibliotheque-sfpe-at.com\/index.php\/category\/auteurs\/canet-geraldine\/' title='Canet G\u00e9raldine' class='pt-cv-tax-canet-geraldine'>Canet G\u00e9raldine<\/a><\/div>\n<h4 class=\"pt-cv-title\"><a href=\"https:\/\/bibliotheque-sfpe-at.com\/index.php\/2025\/01\/21\/lemotion-esthetique-comme-voie-therapeutique-regard-sur-le-lien-par-la-mediation-plastique\/\" class=\"_self\" target=\"_self\" >L\u2019\u00e9motion esth\u00e9tique comme voie th\u00e9rapeutique : regard sur le lien par la m\u00e9diation plastique<\/a><\/h4>\n<div class=\"pt-cv-content\">Mon intervention a pour objet de pr\u00e9senter la pertinence de l\u2019approche art- th\u00e9rapeutique par le lien transf\u00e9rentiel que g\u00e9n\u00e8re l\u2019\u00e9motion esth\u00e9tique entre le sujet, le medium et l\u2019art-th\u00e9rapeute. Mais qu\u2019est-ce que l\u2019\u00e9motion esth\u00e9tique et quand et comment se manifeste-t-elle?\u00c0 travers une r\u00e9f\u00e9rence au livre d\u2019Annie &#8230;<\/div>\n<div class=\"pt-cv-rmwrap\"><a href=\"https:\/\/bibliotheque-sfpe-at.com\/index.php\/2025\/01\/21\/lemotion-esthetique-comme-voie-therapeutique-regard-sur-le-lien-par-la-mediation-plastique\/\" class=\"_self pt-cv-readmore btn btn-success\" target=\"_self\" >Lire La Suite\u2026<\/a><\/div><\/div>\n<div class=\" pt-cv-content-item pt-cv-1-col\" ><div class=\"pt-cv-taxoterm above_title\"><a href='https:\/\/bibliotheque-sfpe-at.com\/index.php\/category\/auteurs\/katz-mazilu-irina\/' title='Katz-Mazilu Irina' class='pt-cv-tax-katz-mazilu-irina'>Katz-Mazilu Irina<\/a><\/div>\n<h4 class=\"pt-cv-title\"><a href=\"https:\/\/bibliotheque-sfpe-at.com\/index.php\/2025\/01\/21\/lart-therapeute-en-regards-projection-refraction-et-diffraction\/\" class=\"_self\" target=\"_self\" >L\u2019art-th\u00e9rapeute en regards : projection, r\u00e9fraction et diffraction<\/a><\/h4>\n<div class=\"pt-cv-content\">Mais qui regarde qui en art-th\u00e9rapie? Et pourquoi, et comment?Dans ces formes de travail cherchant le juste milieu entre une relative objectivit\u00e9 des sciences humaines (m\u00e9dicale, philosophique, sociologique, anthropologique\u2026) et l\u2019ineffable d\u2019un imaginaire artistique (singulier, psychopathologique, brut, outsider, cru\u2026) \u2014 examinons la circulation des regards &#8230;<\/div>\n<div class=\"pt-cv-rmwrap\"><a href=\"https:\/\/bibliotheque-sfpe-at.com\/index.php\/2025\/01\/21\/lart-therapeute-en-regards-projection-refraction-et-diffraction\/\" class=\"_self pt-cv-readmore btn btn-success\" target=\"_self\" >Lire La Suite\u2026<\/a><\/div><\/div>\n<div class=\" pt-cv-content-item pt-cv-1-col\" ><div class=\"pt-cv-taxoterm above_title\"><a href='https:\/\/bibliotheque-sfpe-at.com\/index.php\/category\/auteurs\/charras-marie\/' title='Charras Marie' class='pt-cv-tax-charras-marie'>Charras Marie<\/a><a href='https:\/\/bibliotheque-sfpe-at.com\/index.php\/category\/auteurs\/granier-francois\/' title='Granier Fran\u00e7ois' class='pt-cv-tax-granier-francois'>Granier Fran\u00e7ois<\/a><\/div>\n<h4 class=\"pt-cv-title\"><a href=\"https:\/\/bibliotheque-sfpe-at.com\/index.php\/2025\/01\/21\/enquete-sur-le-regard-de-differents-publics-lors-dune-exposition-dart-therapie\/\" class=\"_self\" target=\"_self\" >Enqu\u00eate sur le regard de diff\u00e9rents publics lors d\u2019une exposition d\u2019art-th\u00e9rapie<\/a><\/h4>\n<div class=\"pt-cv-content\">Il est important, au moins pour une fois, de prendre en compte le regard du public. \u00c0 l\u2019occasion de la derni\u00e8re exposition du service de psychiatrie, psychoth\u00e9rapies et art-th\u00e9rapie, Voyages, une enqu\u00eate comparative a \u00e9t\u00e9 men\u00e9e entre regard du grand public et regard des sp\u00e9cialistes &#8230;<\/div>\n<div class=\"pt-cv-rmwrap\"><a href=\"https:\/\/bibliotheque-sfpe-at.com\/index.php\/2025\/01\/21\/enquete-sur-le-regard-de-differents-publics-lors-dune-exposition-dart-therapie\/\" class=\"_self pt-cv-readmore btn btn-success\" target=\"_self\" >Lire La Suite\u2026<\/a><\/div><\/div>\n<div class=\" pt-cv-content-item pt-cv-1-col\" ><div class=\"pt-cv-taxoterm above_title\"><a href='https:\/\/bibliotheque-sfpe-at.com\/index.php\/category\/auteurs\/catonne-jean-philippe\/' title='Catonn\u00e9 Jean-Philippe' class='pt-cv-tax-catonne-jean-philippe'>Catonn\u00e9 Jean-Philippe<\/a><a href='https:\/\/bibliotheque-sfpe-at.com\/index.php\/category\/auteurs\/granier-francois\/' title='Granier Fran\u00e7ois' class='pt-cv-tax-granier-francois'>Granier Fran\u00e7ois<\/a><\/div>\n<h4 class=\"pt-cv-title\"><a href=\"https:\/\/bibliotheque-sfpe-at.com\/index.php\/2025\/01\/21\/regard-sur-le-beau-ou-regards-sur-la-beaute\/\" class=\"_self\" target=\"_self\" >Regard sur le beau ou regards sur la beaut\u00e9<\/a><\/h4>\n<div class=\"pt-cv-content\">Comment se fait-il que certains partisans de l\u2019art dit contemporain aient pu d\u00e9daigner la beaut\u00e9 ? Encore faudrait-il inscrire cette question dans la chronologie de cette id\u00e9e de beaut\u00e9.La culture grecque ancienne a accord\u00e9 une h\u00e9g\u00e9monie au regard. Il convient de l\u2019examiner \u00e0 propos de &#8230;<\/div>\n<div class=\"pt-cv-rmwrap\"><a href=\"https:\/\/bibliotheque-sfpe-at.com\/index.php\/2025\/01\/21\/regard-sur-le-beau-ou-regards-sur-la-beaute\/\" class=\"_self pt-cv-readmore btn btn-success\" target=\"_self\" >Lire La Suite\u2026<\/a><\/div><\/div><\/div><\/div> <\/div> <style>\n\n#pt-cv-view-3i0h7lt2 .pt-cv-meta-fields {  }#pt-cv-view-3i0h7lt2 .pt-cv-meta-fields * { font-size: 13px; }#pt-cv-view-3i0h7lt2 .pt-cv-thumb-wrapper:not(.miniwrap) {  }#pt-cv-view-3i0h7lt2 .pt-cv-thumbnail:not(.pt-cv-thumbnailsm) { height: 250px; }#pt-cv-view-3i0h7lt2 .pt-cv-title a { display: block;color: #a83838; }#pt-cv-view-3i0h7lt2 .pt-cv-title:not(.pt-cv-titlesm) a { font-weight: 600;text-decoration: none;font-size: 20px; }#pt-cv-view-3i0h7lt2 .pt-cv-titlesm a { font-weight: 600;font-size: 18px; }#pt-cv-view-3i0h7lt2 .pt-cv-content { font-size: 12px; }#pt-cv-view-3i0h7lt2 .pt-cv-rmwrap {  }#pt-cv-view-3i0h7lt2 .pt-cv-readmore { color: #951a1a;background-color: #ffffff00;font-style: italic;font-size: 12px; }#pt-cv-view-3i0h7lt2 .pt-cv-taxoterm {  }#pt-cv-view-3i0h7lt2 .pt-cv-taxoterm * { color: #9badb7;background-color: #f5f0f057;border-style: solid;font-size: 14px;border-width: 1.5px 1.5px 1.5px 1.5px;border-radius: 8px 8px 8px 8px; }#pt-cv-view-3i0h7lt2 + .pt-cv-pagination-wrapper {  }#pt-cv-view-3i0h7lt2 + .pt-cv-pagination-wrapper a { font-size: 14px; }#pt-cv-view-3i0h7lt2 > .pt-cv-page {grid-template-columns: repeat(4, 1fr);grid-gap: 13px;}\n@media all and (max-width: 1024px) { \n#pt-cv-view-3i0h7lt2 > .pt-cv-page {}\n} \n@media all and (max-width: 767px) { \n#pt-cv-view-3i0h7lt2 > .pt-cv-page {grid-template-columns: repeat(1, 1fr);}\n} <\/style>\n\n\n<p><\/p>\n","protected":false},"excerpt":{"rendered":"<p>Depuis le regard du b\u00e9b\u00e9 qui d\u00e9couvre les objets maternels (ou leurs substituts), puis son propre corps et, dans le miroir, son double, jusqu\u2019\u00e0 celui du vieillard qui regarde des photographies pour se rem\u00e9morer\u2026, notre vie est rythm\u00e9e par des \u00e9changes de regards dont nous sommes aussi l\u2019objet. C\u2019est ainsi&hellip;<\/p>\n","protected":false},"author":2,"featured_media":3381,"comment_status":"closed","ping_status":"open","sticky":false,"template":"","format":"standard","meta":{"pmpro_default_level":"","ngg_post_thumbnail":0,"footnotes":""},"categories":[2],"tags":[27],"class_list":["post-3393","post","type-post","status-publish","format-standard","has-post-thumbnail","hentry","category-journees-dautomne","tag-apres-2010","pmpro-has-access"],"_links":{"self":[{"href":"https:\/\/bibliotheque-sfpe-at.com\/index.php\/wp-json\/wp\/v2\/posts\/3393","targetHints":{"allow":["GET"]}}],"collection":[{"href":"https:\/\/bibliotheque-sfpe-at.com\/index.php\/wp-json\/wp\/v2\/posts"}],"about":[{"href":"https:\/\/bibliotheque-sfpe-at.com\/index.php\/wp-json\/wp\/v2\/types\/post"}],"author":[{"embeddable":true,"href":"https:\/\/bibliotheque-sfpe-at.com\/index.php\/wp-json\/wp\/v2\/users\/2"}],"replies":[{"embeddable":true,"href":"https:\/\/bibliotheque-sfpe-at.com\/index.php\/wp-json\/wp\/v2\/comments?post=3393"}],"version-history":[{"count":3,"href":"https:\/\/bibliotheque-sfpe-at.com\/index.php\/wp-json\/wp\/v2\/posts\/3393\/revisions"}],"predecessor-version":[{"id":3414,"href":"https:\/\/bibliotheque-sfpe-at.com\/index.php\/wp-json\/wp\/v2\/posts\/3393\/revisions\/3414"}],"wp:featuredmedia":[{"embeddable":true,"href":"https:\/\/bibliotheque-sfpe-at.com\/index.php\/wp-json\/wp\/v2\/media\/3381"}],"wp:attachment":[{"href":"https:\/\/bibliotheque-sfpe-at.com\/index.php\/wp-json\/wp\/v2\/media?parent=3393"}],"wp:term":[{"taxonomy":"category","embeddable":true,"href":"https:\/\/bibliotheque-sfpe-at.com\/index.php\/wp-json\/wp\/v2\/categories?post=3393"},{"taxonomy":"post_tag","embeddable":true,"href":"https:\/\/bibliotheque-sfpe-at.com\/index.php\/wp-json\/wp\/v2\/tags?post=3393"}],"curies":[{"name":"wp","href":"https:\/\/api.w.org\/{rel}","templated":true}]}}