{"id":3410,"date":"2025-01-21T18:07:27","date_gmt":"2025-01-21T17:07:27","guid":{"rendered":"https:\/\/sfpe-at.com\/?p=3410"},"modified":"2025-03-19T14:09:22","modified_gmt":"2025-03-19T13:09:22","slug":"un-autre-regard","status":"publish","type":"post","link":"https:\/\/bibliotheque-sfpe-at.com\/index.php\/2025\/01\/21\/un-autre-regard\/","title":{"rendered":"Un autre regard"},"content":{"rendered":"\n<p><\/p>\n\n\n\n<div class=\"wp-block-columns is-layout-flex wp-container-core-columns-is-layout-28f84493 wp-block-columns-is-layout-flex\">\n<div class=\"wp-block-column is-layout-flow wp-block-column-is-layout-flow\" style=\"flex-basis:66.66%\">\n<p>Si regarder signifie s\u2019appliquer \u00e0 voir, les vingt-cinq contributions de ce volume offrent un panorama sur une large diversit\u00e9 de regards, en particulier artistiques. L\u2019id\u00e9e de panorama<br>elle-m\u00eame introduit \u00e0 l\u2019histoire de l\u2019art. Le saviez-vous, lecteur ? Le mot sonne grec, et pourtant on lui doit une origine \u00e9cossaise ! Robert Barker (1739-1806), portraitiste d\u2019\u00c9dimbourg, l\u2019a fa\u00e7onn\u00e9 par la r\u00e9union de \u00ab pan \u00bb, \u03c0\u03ac\u03bd, tout, et de \u00ab orama \u00bb, \u1f43\u03c1\u03b1\u03bc\u03b1, ce que l\u2019on voit en spectacle, d\u2019o\u00f9 le mot de \u00ab panorama \u00bb. Pourquoi ? Il imagina une attraction consistant \u00e0 installer une toile tendue de forme circulaire, de telle sorte que le spectateur plac\u00e9 au centre du dispositif puisse d\u00e9couvrir la totalit\u00e9 de l\u2019horizon environnant. Assez satisfait de son invention, il en d\u00e9posa le brevet de propri\u00e9t\u00e9 en 1796. Quelques ann\u00e9es ensuite, il r\u00e9alisa le premier panorama au monde, celui de la ville de Londres.<br>Nous pr\u00e9sentons un panorama sur les regards, digne de Barker. <br>\u00c0 l\u2019horizon des arts plastiques apparaissent \u00e0 premi\u00e8re vue : Francis Bacon, Salvador Dal\u00ed, Alberto Giacometti, Edward Hopper, Frida Kahlo, Ren\u00e9 Magritte, Pablo Picasso, L\u00e9on Spilliaert, Diego V\u00e9lasquez\u2026 L\u00e0 ne s\u2019arr\u00eate pas le festival, de festivus, f\u00eate : art m\u00e9di\u00e9val, omnipr\u00e9sence de la mythologie, Rilke et la po\u00e9sie, Platon et la philosophie\u2026 Musique et danse, photo et cin\u00e9ma, marionnettes, font aussi partie des festivit\u00e9s. Rien ne semble manquer \u00e0 ce panorama : pas plus le regard partag\u00e9 dans les ateliers d\u2019art-th\u00e9rapie, l\u2019\u00e9motion en r\u00e9sultant, que celui de la science neurophysiologique et m\u00eame du pouvoir politique utilisant l\u2019art comme propagande. Et puis, tout simplement, l\u2019acte de voir, essence de l\u2019art de vivre ! Aucun manque : est-ce bien s\u00fbr ?<br>Tout au long de l\u2019ann\u00e9e 2013, nous c\u00e9l\u00e9brions l\u2019anniversaire du tricentenaire de la naissance de Denis Diderot (1713-1784), mort \u00e0 la veille de la R\u00e9volution. Pourtant, lors de nos Journ\u00e9es d\u2019automne, nous avons omis de l\u2019\u00e9voquer. Je voudrais r\u00e9parer une telle omission en proposant \u00ab Un autre regard \u00bb : le sien !<\/p>\n\n\n\n<p class=\"has-text-color has-link-color wp-elements-0c5dd61414d2cb4c88e3596780dedeb0\" style=\"color:#2753a5\"><strong><em>Pour lire le texte complet <a href=\"\/index.php\/options-dinscription\/\"><mark style=\"background-color:rgba(0, 0, 0, 0)\" class=\"has-inline-color has-vivid-cyan-blue-color\">s&rsquo;inscrire<\/mark><\/a> ou <a href=\"\/index.php\/my-account\/edit-account\/\"><mark style=\"background-color:rgba(0, 0, 0, 0)\" class=\"has-inline-color has-vivid-cyan-blue-color\">se connecter<\/mark><\/a><\/em><\/strong><\/p>\n\n\n\n\n\n<div style=\"height:100px\" aria-hidden=\"true\" class=\"wp-block-spacer\"><\/div>\n\n\n\n<div class=\"wp-block-buttons is-content-justification-center is-layout-flex wp-container-core-buttons-is-layout-a89b3969 wp-block-buttons-is-layout-flex\">\n<div class=\"wp-block-button has-custom-font-size has-small-font-size\"><a class=\"wp-block-button__link has-vivid-red-background-color has-background wp-element-button\" href=\"\/index.php\/2025\/01\/21\/regards\/\" target=\"_blank\" rel=\"noreferrer noopener\">&lt;&#8211; retour<\/a><\/div>\n<\/div>\n<\/div>\n\n\n\n<div class=\"wp-block-column is-layout-flow wp-block-column-is-layout-flow\" style=\"flex-basis:33.33%\">\n<figure class=\"wp-block-table\"><table class=\"has-background\" style=\"background-color:#f8f2f2\"><thead><tr><th><mark class=\"has-inline-color has-vivid-red-color\" style=\"background-color: rgba(0, 0, 0, 0);\"><strong>Auteur<\/strong><\/mark><\/th><\/tr><\/thead><tbody><tr><td><strong><strong>Jean-Philippe Catonn\u00e9<\/strong><\/strong><\/td><\/tr><\/tbody><\/table><\/figure>\n\n\n\n<figure class=\"wp-block-table\"><table><thead><tr><th><mark class=\"has-inline-color has-vivid-red-color\" style=\"background-color: rgba(0, 0, 0, 0);\"><strong>R\u00e9f\u00e9rence<\/strong><\/mark><\/th><\/tr><\/thead><tbody><tr><td><strong>RA004-01<\/strong><br><strong>Regards<\/strong><br>Journ\u00e9es d&rsquo;Automne 2013<\/td><\/tr><\/tbody><\/table><\/figure>\n\n\n\n<figure class=\"wp-block-table\"><table><thead><tr><th><mark class=\"has-inline-color has-vivid-red-color\" style=\"background-color: rgba(0, 0, 0, 0);\"><strong>Cat\u00e9gories<\/strong><\/mark><\/th><\/tr><\/thead><tbody><tr><td>Esth\u00e9tique<\/td><\/tr><\/tbody><\/table><\/figure>\n<\/div>\n<\/div>\n","protected":false},"excerpt":{"rendered":"<p>Si regarder signifie s\u2019appliquer \u00e0 voir, les vingt-cinq contributions de ce volume offrent un panorama sur une large diversit\u00e9 de regards, en particulier artistiques. L\u2019id\u00e9e de panoramaelle-m\u00eame introduit \u00e0 l\u2019histoire de l\u2019art. Le saviez-vous, lecteur ? Le mot sonne grec, et pourtant on lui doit une origine \u00e9cossaise ! Robert&hellip;<\/p>\n","protected":false},"author":2,"featured_media":0,"comment_status":"closed","ping_status":"open","sticky":false,"template":"","format":"standard","meta":{"pmpro_default_level":"","ngg_post_thumbnail":0,"footnotes":""},"categories":[58],"tags":[491,710,704],"class_list":["post-3410","post","type-post","status-publish","format-standard","hentry","category-catonne-jean-philippe","tag-esthetique","tag-ra004-01","tag-regards","pmpro-has-access"],"_links":{"self":[{"href":"https:\/\/bibliotheque-sfpe-at.com\/index.php\/wp-json\/wp\/v2\/posts\/3410","targetHints":{"allow":["GET"]}}],"collection":[{"href":"https:\/\/bibliotheque-sfpe-at.com\/index.php\/wp-json\/wp\/v2\/posts"}],"about":[{"href":"https:\/\/bibliotheque-sfpe-at.com\/index.php\/wp-json\/wp\/v2\/types\/post"}],"author":[{"embeddable":true,"href":"https:\/\/bibliotheque-sfpe-at.com\/index.php\/wp-json\/wp\/v2\/users\/2"}],"replies":[{"embeddable":true,"href":"https:\/\/bibliotheque-sfpe-at.com\/index.php\/wp-json\/wp\/v2\/comments?post=3410"}],"version-history":[{"count":3,"href":"https:\/\/bibliotheque-sfpe-at.com\/index.php\/wp-json\/wp\/v2\/posts\/3410\/revisions"}],"predecessor-version":[{"id":4381,"href":"https:\/\/bibliotheque-sfpe-at.com\/index.php\/wp-json\/wp\/v2\/posts\/3410\/revisions\/4381"}],"wp:attachment":[{"href":"https:\/\/bibliotheque-sfpe-at.com\/index.php\/wp-json\/wp\/v2\/media?parent=3410"}],"wp:term":[{"taxonomy":"category","embeddable":true,"href":"https:\/\/bibliotheque-sfpe-at.com\/index.php\/wp-json\/wp\/v2\/categories?post=3410"},{"taxonomy":"post_tag","embeddable":true,"href":"https:\/\/bibliotheque-sfpe-at.com\/index.php\/wp-json\/wp\/v2\/tags?post=3410"}],"curies":[{"name":"wp","href":"https:\/\/api.w.org\/{rel}","templated":true}]}}