{"id":3415,"date":"2025-01-21T18:14:47","date_gmt":"2025-01-21T17:14:47","guid":{"rendered":"https:\/\/sfpe-at.com\/?p=3415"},"modified":"2025-03-19T14:10:20","modified_gmt":"2025-03-19T13:10:20","slug":"du-regard-au-ca-voir","status":"publish","type":"post","link":"https:\/\/bibliotheque-sfpe-at.com\/index.php\/2025\/01\/21\/du-regard-au-ca-voir\/","title":{"rendered":"Du regard au \u00e7a-voir"},"content":{"rendered":"\n<p><\/p>\n\n\n\n<div class=\"wp-block-columns is-layout-flex wp-container-core-columns-is-layout-28f84493 wp-block-columns-is-layout-flex\">\n<div class=\"wp-block-column is-layout-flow wp-block-column-is-layout-flow\" style=\"flex-basis:66.66%\">\n<p>Nous utilisons, certes, nos yeux pour d\u00e9tecter des objets dans l\u2019environnement, les observer et suivre leurs d\u00e9placements, mais c\u2019est le regard qui questionne le monde et non le monde qui s\u2019impose au regard : je vais o\u00f9 je regarde plus que je regarde o\u00f9 je vais.<br>Mais les mouvements des yeux ne sont pas seulement impliqu\u00e9s dans la perception et la cognition : ils constituent \u00e9galement l\u2019un des principaux moyens de communication non verbale. La signification d\u2019un regard est toutefois conditionn\u00e9e par d\u2019autres marqueurs mino-posturo-gestuels parmi lesquels la flexion de la t\u00eate, particuli\u00e8rement manifeste dans les tableaux de Vierge \u00e0 l\u2019Enfant ou les tableaux d\u2019amour romantique.<br>L\u2019intensit\u00e9 des \u00e9motions transmises par le regard s\u2019exprime surtout dans les contacts visuels r\u00e9ciproques dans lesquels les composantes affective et \u00e9motionnelle sont les plus marqu\u00e9es. Lors de l\u2019examen d\u2019un visage, le regard de l\u2019observateur standard est centr\u00e9 principalement sur les yeux et la bouche de son vis-\u00e0-vis, alors que certaines l\u00e9sions c\u00e9r\u00e9brales et diff\u00e9rents troubles de la conduite entra\u00eenent un \u00e9vitement syst\u00e9matique des yeux.<br>Du fait de l\u2019importance accord\u00e9e au regard d\u2019autrui, les illusions impliquant les yeux sont particuli\u00e8rement spectaculaires. Des travaux men\u00e9s sur le sourire de La Joconde montrent cependant que les yeux n\u2019expriment pas en eux-m\u00eames la tristesse ou le bonheur, mais renforcent l\u2019expression des l\u00e8vres. Doit-on en conclure que le pouvoir du regard se lit sur les l\u00e8vres ?<br>La direction spontan\u00e9e du regard pourrait enfin refl\u00e9ter la dominance h\u00e9misph\u00e9rique du sujet et m\u00eame refl\u00e9ter son humeur, car les mouvements spontan\u00e9s des yeux sont sous le contr\u00f4le crois\u00e9 des h\u00e9misph\u00e8res c\u00e9r\u00e9braux. Si le regard constitue bien un indicateur privil\u00e9gi\u00e9 de l\u2019activit\u00e9 \u00e9motionnelle, des travaux r\u00e9cents montrent que l\u2019\u00e9valuation de la valence d\u2019\u00e9motions tr\u00e8s intenses suppose \u00e9galement l\u2019observation de l\u2019ensemble du corps.<br>Beaucoup de ces donn\u00e9es, d\u00e9j\u00e0 largement prises en compte par la publicit\u00e9, m\u00e9riteraient de l\u2019\u00eatre davantage en psychoth\u00e9rapie. Elles conduisent \u00e9galement \u00e0 s&rsquo;interroger sur ce que signifie regarder, voir et percevoir et sur celui qui dit \u00e7a-voir.<\/p>\n\n\n\n<p class=\"has-text-color has-link-color wp-elements-0c5dd61414d2cb4c88e3596780dedeb0\" style=\"color:#2753a5\"><strong><em>Pour lire le texte complet <a href=\"\/index.php\/options-dinscription\/\"><mark style=\"background-color:rgba(0, 0, 0, 0)\" class=\"has-inline-color has-vivid-cyan-blue-color\">s&rsquo;inscrire<\/mark><\/a> ou <a href=\"\/index.php\/my-account\/edit-account\/\"><mark style=\"background-color:rgba(0, 0, 0, 0)\" class=\"has-inline-color has-vivid-cyan-blue-color\">se connecter<\/mark><\/a><\/em><\/strong><\/p>\n\n\n\n\n\n<div style=\"height:100px\" aria-hidden=\"true\" class=\"wp-block-spacer\"><\/div>\n\n\n\n<div class=\"wp-block-buttons is-content-justification-center is-layout-flex wp-container-core-buttons-is-layout-a89b3969 wp-block-buttons-is-layout-flex\">\n<div class=\"wp-block-button has-custom-font-size has-small-font-size\"><a class=\"wp-block-button__link has-vivid-red-background-color has-background wp-element-button\" href=\"\/index.php\/2025\/01\/21\/regards\/\" target=\"_blank\" rel=\"noreferrer noopener\">&lt;&#8211; retour<\/a><\/div>\n<\/div>\n<\/div>\n\n\n\n<div class=\"wp-block-column is-layout-flow wp-block-column-is-layout-flow\" style=\"flex-basis:33.33%\">\n<figure class=\"wp-block-table\"><table class=\"has-background\" style=\"background-color:#f8f2f2\"><thead><tr><th><mark class=\"has-inline-color has-vivid-red-color\" style=\"background-color: rgba(0, 0, 0, 0);\"><strong>Auteur<\/strong><\/mark><\/th><\/tr><\/thead><tbody><tr><td><strong><strong>Jean-Fran\u00e7ois Lambert<\/strong><\/strong><\/td><\/tr><\/tbody><\/table><\/figure>\n\n\n\n<figure class=\"wp-block-table\"><table><thead><tr><th><mark class=\"has-inline-color has-vivid-red-color\" style=\"background-color: rgba(0, 0, 0, 0);\"><strong>R\u00e9f\u00e9rence<\/strong><\/mark><\/th><\/tr><\/thead><tbody><tr><td><strong>RA004-02<\/strong><br><strong>Regards<\/strong><br>Journ\u00e9es d&rsquo;Automne 2013<\/td><\/tr><\/tbody><\/table><\/figure>\n\n\n\n<figure class=\"wp-block-table\"><table><thead><tr><th><mark class=\"has-inline-color has-vivid-red-color\" style=\"background-color: rgba(0, 0, 0, 0);\"><strong>Cat\u00e9gories<\/strong><\/mark><\/th><\/tr><\/thead><tbody><tr><td>Neurosciences<\/td><\/tr><\/tbody><\/table><\/figure>\n<\/div>\n<\/div>\n","protected":false},"excerpt":{"rendered":"<p>Nous utilisons, certes, nos yeux pour d\u00e9tecter des objets dans l\u2019environnement, les observer et suivre leurs d\u00e9placements, mais c\u2019est le regard qui questionne le monde et non le monde qui s\u2019impose au regard : je vais o\u00f9 je regarde plus que je regarde o\u00f9 je vais.Mais les mouvements des yeux&hellip;<\/p>\n","protected":false},"author":2,"featured_media":0,"comment_status":"closed","ping_status":"open","sticky":false,"template":"","format":"standard","meta":{"pmpro_default_level":"","ngg_post_thumbnail":0,"footnotes":""},"categories":[40],"tags":[515,711,704],"class_list":["post-3415","post","type-post","status-publish","format-standard","hentry","category-lambert-jean-francois","tag-neurosciences","tag-ra004-02","tag-regards","pmpro-has-access"],"_links":{"self":[{"href":"https:\/\/bibliotheque-sfpe-at.com\/index.php\/wp-json\/wp\/v2\/posts\/3415","targetHints":{"allow":["GET"]}}],"collection":[{"href":"https:\/\/bibliotheque-sfpe-at.com\/index.php\/wp-json\/wp\/v2\/posts"}],"about":[{"href":"https:\/\/bibliotheque-sfpe-at.com\/index.php\/wp-json\/wp\/v2\/types\/post"}],"author":[{"embeddable":true,"href":"https:\/\/bibliotheque-sfpe-at.com\/index.php\/wp-json\/wp\/v2\/users\/2"}],"replies":[{"embeddable":true,"href":"https:\/\/bibliotheque-sfpe-at.com\/index.php\/wp-json\/wp\/v2\/comments?post=3415"}],"version-history":[{"count":2,"href":"https:\/\/bibliotheque-sfpe-at.com\/index.php\/wp-json\/wp\/v2\/posts\/3415\/revisions"}],"predecessor-version":[{"id":4382,"href":"https:\/\/bibliotheque-sfpe-at.com\/index.php\/wp-json\/wp\/v2\/posts\/3415\/revisions\/4382"}],"wp:attachment":[{"href":"https:\/\/bibliotheque-sfpe-at.com\/index.php\/wp-json\/wp\/v2\/media?parent=3415"}],"wp:term":[{"taxonomy":"category","embeddable":true,"href":"https:\/\/bibliotheque-sfpe-at.com\/index.php\/wp-json\/wp\/v2\/categories?post=3415"},{"taxonomy":"post_tag","embeddable":true,"href":"https:\/\/bibliotheque-sfpe-at.com\/index.php\/wp-json\/wp\/v2\/tags?post=3415"}],"curies":[{"name":"wp","href":"https:\/\/api.w.org\/{rel}","templated":true}]}}