{"id":3417,"date":"2025-01-21T18:20:16","date_gmt":"2025-01-21T17:20:16","guid":{"rendered":"https:\/\/sfpe-at.com\/?p=3417"},"modified":"2025-03-19T14:11:10","modified_gmt":"2025-03-19T13:11:10","slug":"de-tous-ses-yeux-la-creature-voit-louvert-le-regard-a-lorigine-de-lacte-createur-chez-rilke","status":"publish","type":"post","link":"https:\/\/bibliotheque-sfpe-at.com\/index.php\/2025\/01\/21\/de-tous-ses-yeux-la-creature-voit-louvert-le-regard-a-lorigine-de-lacte-createur-chez-rilke\/","title":{"rendered":"\u00ab De tous ses yeux la cr\u00e9ature voit l\u2019Ouvert \u00bb : le regard \u00e0 l\u2019origine de l\u2019acte cr\u00e9ateur chez Rilke"},"content":{"rendered":"\n<p><\/p>\n\n\n\n<div class=\"wp-block-columns is-layout-flex wp-container-core-columns-is-layout-28f84493 wp-block-columns-is-layout-flex\">\n<div class=\"wp-block-column is-layout-flow wp-block-column-is-layout-flow\" style=\"flex-basis:66.66%\">\n<p>Ce vers inaugural de la Huitri\u00e8me \u00c9l\u00e9gie \u00e0 Duino est d\u2019autant plus c\u00e9l\u00e9br\u00e9 qu\u2019il a \u00e9t\u00e9 abondamment comment\u00e9 par les philosophes les plus illustres. S\u2019il invite aujourd\u2019hui encore \u00e0 la r\u00e9flexion, c\u2019est parce qu\u2019il interroge \u00e9galement la recherche en psychopathologie de l\u2019expression. En effet, il d\u00e9crit un bonheur mystique o\u00f9, toutes fronti\u00e8res se trouvant abolies, l\u2019individu \u00e9prouve son unit\u00e9 avec le monde. Or d\u2019un tel bonheur, l\u2019\u00eatre humain se trouve exclu : il ne s\u2019identifie pas avec la \u00ab cr\u00e9ature \u00bb qu\u2019\u00e9voque Rilke. Notre regard est celui d\u2019un chasseur, d\u2019un pr\u00e9dateur posant des \u00ab pi\u00e8ges \u00bb ; notre vision performante et clairvoyante r\u00e9duit le champ de notre exp\u00e9rience, elle n\u2019est qu\u2019un regard captif, en grande partie aveugle. Existe-t-il un moyen d\u2019inverser notre vue ?<br>\u00c0 cette question, Rilke a consacr\u00e9 son \u0153uvre enti\u00e8re, et cette \u00c9l\u00e9gie en constitue l\u2019aboutissement ; de mani\u00e8re significative, l\u2019itin\u00e9raire du po\u00e8te accompagne celui de la psychanalyse naissante, engage avec elle un dialogue critique, lui propose une alternative. \u00abVoir l\u2019Ouvert\u00bb est l\u2019un des points les plus sensibles de cette confrontation. Au carrefour de la philosophie, de la po\u00e9tique et de la psychopathologie de l\u2019expression, notre enqu\u00eate pose la question d\u2019un regard qui, davantage qu\u2019une simple vision, serait un acte de cr\u00e9ation.<br>En quoi consiste cette cr\u00e9ation, et quelles en sont les cons\u00e9quences? Loin de s&rsquo;offrir comme une sensation imm\u00e9diate, elle est le fruit d&rsquo;un \u00ab travail \u00bb (terme fr\u00e9quent chez Rilke, repris \u00e0 Van Gogh, C\u00e9zanne et Rodin) ; celui-ci vise \u00e0 une conversion de l\u2019\u00eatre, r\u00e9alisant une inversion des relations regardant-regard\u00e9, \u00e0 l&rsquo;issue de laquelle le po\u00e8te devient \u00ab une porte donnant sur l&rsquo;Ouvert. \u00bb<br>On peut, certes, au nom de la rigueur d\u2019une d\u00e9marche scientifique, d\u00e9battre de la validit\u00e9 d\u2019une affirmation po\u00e9tique. Demeure cependant l\u2019immense fortune artistique de cette affirmation : la descendance de Rilke, \u2014 directe ou indirecte, Klee, Kandinsky, Franz Marc, Georg Trakl \u2014 suffit \u00e0 d\u00e9montrer le caract\u00e8re actif de son regard, de son Schauen ; \u00e0 ce seul titre, elle reste pour nous un sujet de m\u00e9ditation des plus f\u00e9conds.<\/p>\n\n\n\n<p class=\"has-text-color has-link-color wp-elements-0c5dd61414d2cb4c88e3596780dedeb0\" style=\"color:#2753a5\"><strong><em>Pour lire le texte complet <a href=\"\/index.php\/options-dinscription\/\"><mark style=\"background-color:rgba(0, 0, 0, 0)\" class=\"has-inline-color has-vivid-cyan-blue-color\">s&rsquo;inscrire<\/mark><\/a> ou <a href=\"\/index.php\/my-account\/edit-account\/\"><mark style=\"background-color:rgba(0, 0, 0, 0)\" class=\"has-inline-color has-vivid-cyan-blue-color\">se connecter<\/mark><\/a><\/em><\/strong><\/p>\n\n\n\n\n\n<div style=\"height:100px\" aria-hidden=\"true\" class=\"wp-block-spacer\"><\/div>\n\n\n\n<div class=\"wp-block-buttons is-content-justification-center is-layout-flex wp-container-core-buttons-is-layout-a89b3969 wp-block-buttons-is-layout-flex\">\n<div class=\"wp-block-button has-custom-font-size has-small-font-size\"><a class=\"wp-block-button__link has-vivid-red-background-color has-background wp-element-button\" href=\"\/index.php\/2025\/01\/21\/regards\/\" target=\"_blank\" rel=\"noreferrer noopener\">&lt;&#8211; retour<\/a><\/div>\n<\/div>\n<\/div>\n\n\n\n<div class=\"wp-block-column is-layout-flow wp-block-column-is-layout-flow\" style=\"flex-basis:33.33%\">\n<figure class=\"wp-block-table\"><table class=\"has-background\" style=\"background-color:#f8f2f2\"><thead><tr><th><mark class=\"has-inline-color has-vivid-red-color\" style=\"background-color: rgba(0, 0, 0, 0);\"><strong>Auteur<\/strong><\/mark><\/th><\/tr><\/thead><tbody><tr><td><strong><strong>Georges Bloess<\/strong><\/strong><\/td><\/tr><\/tbody><\/table><\/figure>\n\n\n\n<figure class=\"wp-block-table\"><table><thead><tr><th><mark class=\"has-inline-color has-vivid-red-color\" style=\"background-color: rgba(0, 0, 0, 0);\"><strong>R\u00e9f\u00e9rence<\/strong><\/mark><\/th><\/tr><\/thead><tbody><tr><td><strong>RA004-03<\/strong><br><strong>Regards<\/strong><br>Journ\u00e9es d&rsquo;Automne 2013<\/td><\/tr><\/tbody><\/table><\/figure>\n\n\n\n<figure class=\"wp-block-table\"><table><thead><tr><th><mark class=\"has-inline-color has-vivid-red-color\" style=\"background-color: rgba(0, 0, 0, 0);\"><strong>Cat\u00e9gories<\/strong><\/mark><\/th><\/tr><\/thead><tbody><tr><td>Ph\u00e9nom\u00e9nologie<\/td><\/tr><\/tbody><\/table><\/figure>\n<\/div>\n<\/div>\n","protected":false},"excerpt":{"rendered":"<p>Ce vers inaugural de la Huitri\u00e8me \u00c9l\u00e9gie \u00e0 Duino est d\u2019autant plus c\u00e9l\u00e9br\u00e9 qu\u2019il a \u00e9t\u00e9 abondamment comment\u00e9 par les philosophes les plus illustres. S\u2019il invite aujourd\u2019hui encore \u00e0 la r\u00e9flexion, c\u2019est parce qu\u2019il interroge \u00e9galement la recherche en psychopathologie de l\u2019expression. En effet, il d\u00e9crit un bonheur mystique o\u00f9,&hellip;<\/p>\n","protected":false},"author":2,"featured_media":0,"comment_status":"closed","ping_status":"open","sticky":false,"template":"","format":"standard","meta":{"pmpro_default_level":"","ngg_post_thumbnail":0,"footnotes":""},"categories":[70],"tags":[486,712,704],"class_list":["post-3417","post","type-post","status-publish","format-standard","hentry","category-bloess-georges","tag-phenomenologie","tag-ra004-03","tag-regards","pmpro-has-access"],"_links":{"self":[{"href":"https:\/\/bibliotheque-sfpe-at.com\/index.php\/wp-json\/wp\/v2\/posts\/3417","targetHints":{"allow":["GET"]}}],"collection":[{"href":"https:\/\/bibliotheque-sfpe-at.com\/index.php\/wp-json\/wp\/v2\/posts"}],"about":[{"href":"https:\/\/bibliotheque-sfpe-at.com\/index.php\/wp-json\/wp\/v2\/types\/post"}],"author":[{"embeddable":true,"href":"https:\/\/bibliotheque-sfpe-at.com\/index.php\/wp-json\/wp\/v2\/users\/2"}],"replies":[{"embeddable":true,"href":"https:\/\/bibliotheque-sfpe-at.com\/index.php\/wp-json\/wp\/v2\/comments?post=3417"}],"version-history":[{"count":2,"href":"https:\/\/bibliotheque-sfpe-at.com\/index.php\/wp-json\/wp\/v2\/posts\/3417\/revisions"}],"predecessor-version":[{"id":4383,"href":"https:\/\/bibliotheque-sfpe-at.com\/index.php\/wp-json\/wp\/v2\/posts\/3417\/revisions\/4383"}],"wp:attachment":[{"href":"https:\/\/bibliotheque-sfpe-at.com\/index.php\/wp-json\/wp\/v2\/media?parent=3417"}],"wp:term":[{"taxonomy":"category","embeddable":true,"href":"https:\/\/bibliotheque-sfpe-at.com\/index.php\/wp-json\/wp\/v2\/categories?post=3417"},{"taxonomy":"post_tag","embeddable":true,"href":"https:\/\/bibliotheque-sfpe-at.com\/index.php\/wp-json\/wp\/v2\/tags?post=3417"}],"curies":[{"name":"wp","href":"https:\/\/api.w.org\/{rel}","templated":true}]}}