{"id":3421,"date":"2025-01-21T18:25:19","date_gmt":"2025-01-21T17:25:19","guid":{"rendered":"https:\/\/sfpe-at.com\/?p=3421"},"modified":"2025-03-19T14:12:51","modified_gmt":"2025-03-19T13:12:51","slug":"giacometti-un-regard-au-dela","status":"publish","type":"post","link":"https:\/\/bibliotheque-sfpe-at.com\/index.php\/2025\/01\/21\/giacometti-un-regard-au-dela\/","title":{"rendered":"Giacometti : un regard au-del\u00e0"},"content":{"rendered":"\n<p><\/p>\n\n\n\n<div class=\"wp-block-columns is-layout-flex wp-container-core-columns-is-layout-28f84493 wp-block-columns-is-layout-flex\">\n<div class=\"wp-block-column is-layout-flow wp-block-column-is-layout-flow\" style=\"flex-basis:66.66%\">\n<p>Alberto Giacometti, peintre et surtout grand sculpteur de notre XXe si\u00e8cle, doit sa grande originalit\u00e9 \u00e0 la multiplicit\u00e9 des regards que son \u0153uvre et son personnage suscitent.<br>Outre le regard interrogateur, parfois dubitatif mais toujours curieux du spectateur sur ses \u0153uvres, il y a aussi le regard de Giacometti lui-m\u00eame dans sa recherche obstin\u00e9e, bien que toujours insatisfaite, de la propre repr\u00e9sentation du regard de l\u2019autre au sein de la figure humaine avec le d\u00e9sir d\u2019aller au-del\u00e0 du simple regard sur le mod\u00e8le. Le regard a \u00e9t\u00e9 ainsi une de ses deux obsessions, l\u2019autre \u00e9tant la mort d\u2019un proche v\u00e9cue de pr\u00e8s.<br>Il y a aussi le regard analytique (freudien, jungien et ph\u00e9nom\u00e9nologique) comme tentative d\u2019approche explicative face \u00e0 l\u2019\u00e9nigme qui \u00e9mane de certaines de ses sculptures.<br>Nous pr\u00e9senterons ainsi quelques unes des sculptures embl\u00e9matiques du regard chez Giacometti ainsi que celles de la s\u00e9rie bien connue de L\u2019Homme qui marche, tel le devin Tir\u00e9sias avan\u00e7ant seul et aveugle et dont le regard au-del\u00e0 du temps et des \u00e9motions traduit bien l&rsquo;interrogation des profondeurs dont Giacometti se faisait l\u2019\u00e9cho.<\/p>\n\n\n\n<p class=\"has-text-color has-link-color wp-elements-0c5dd61414d2cb4c88e3596780dedeb0\" style=\"color:#2753a5\"><strong><em>Pour lire le texte complet <a href=\"\/index.php\/options-dinscription\/\"><mark style=\"background-color:rgba(0, 0, 0, 0)\" class=\"has-inline-color has-vivid-cyan-blue-color\">s&rsquo;inscrire<\/mark><\/a> ou <a href=\"\/index.php\/my-account\/edit-account\/\"><mark style=\"background-color:rgba(0, 0, 0, 0)\" class=\"has-inline-color has-vivid-cyan-blue-color\">se connecter<\/mark><\/a><\/em><\/strong><\/p>\n\n\n\n\n\n<div style=\"height:100px\" aria-hidden=\"true\" class=\"wp-block-spacer\"><\/div>\n\n\n\n<div class=\"wp-block-buttons is-content-justification-center is-layout-flex wp-container-core-buttons-is-layout-a89b3969 wp-block-buttons-is-layout-flex\">\n<div class=\"wp-block-button has-custom-font-size has-small-font-size\"><a class=\"wp-block-button__link has-vivid-red-background-color has-background wp-element-button\" href=\"\/index.php\/2025\/01\/21\/regards\/\" target=\"_blank\" rel=\"noreferrer noopener\">&lt;&#8211; retour<\/a><\/div>\n<\/div>\n<\/div>\n\n\n\n<div class=\"wp-block-column is-layout-flow wp-block-column-is-layout-flow\" style=\"flex-basis:33.33%\">\n<figure class=\"wp-block-table\"><table class=\"has-background\" style=\"background-color:#f8f2f2\"><thead><tr><th><mark class=\"has-inline-color has-vivid-red-color\" style=\"background-color: rgba(0, 0, 0, 0);\"><strong>Auteur<\/strong><\/mark><\/th><\/tr><\/thead><tbody><tr><td><strong><strong>Ghislaine Reillanne<\/strong><\/strong><\/td><\/tr><\/tbody><\/table><\/figure>\n\n\n\n<figure class=\"wp-block-table\"><table><thead><tr><th><mark class=\"has-inline-color has-vivid-red-color\" style=\"background-color: rgba(0, 0, 0, 0);\"><strong>R\u00e9f\u00e9rence<\/strong><\/mark><\/th><\/tr><\/thead><tbody><tr><td><strong>RA004-05<\/strong><br><strong>Regards<\/strong><br>Journ\u00e9es d&rsquo;Automne 2013<\/td><\/tr><\/tbody><\/table><\/figure>\n\n\n\n<figure class=\"wp-block-table\"><table><thead><tr><th><mark class=\"has-inline-color has-vivid-red-color\" style=\"background-color: rgba(0, 0, 0, 0);\"><strong>Cat\u00e9gories<\/strong><\/mark><\/th><\/tr><\/thead><tbody><tr><td>Psychopathologie de l\u2019expression&nbsp;<br>Sculpture<br>Peinture<\/td><\/tr><\/tbody><\/table><\/figure>\n<\/div>\n<\/div>\n","protected":false},"excerpt":{"rendered":"<p>Alberto Giacometti, peintre et surtout grand sculpteur de notre XXe si\u00e8cle, doit sa grande originalit\u00e9 \u00e0 la multiplicit\u00e9 des regards que son \u0153uvre et son personnage suscitent.Outre le regard interrogateur, parfois dubitatif mais toujours curieux du spectateur sur ses \u0153uvres, il y a aussi le regard de Giacometti lui-m\u00eame dans&hellip;<\/p>\n","protected":false},"author":2,"featured_media":0,"comment_status":"closed","ping_status":"open","sticky":false,"template":"","format":"standard","meta":{"pmpro_default_level":"","ngg_post_thumbnail":0,"footnotes":""},"categories":[91],"tags":[484,488,714,704,495],"class_list":["post-3421","post","type-post","status-publish","format-standard","hentry","category-reillanne-ghislaine","tag-peinture","tag-psychopathologie-de-lexpression","tag-ra004-05","tag-regards","tag-sculpture","pmpro-has-access"],"_links":{"self":[{"href":"https:\/\/bibliotheque-sfpe-at.com\/index.php\/wp-json\/wp\/v2\/posts\/3421","targetHints":{"allow":["GET"]}}],"collection":[{"href":"https:\/\/bibliotheque-sfpe-at.com\/index.php\/wp-json\/wp\/v2\/posts"}],"about":[{"href":"https:\/\/bibliotheque-sfpe-at.com\/index.php\/wp-json\/wp\/v2\/types\/post"}],"author":[{"embeddable":true,"href":"https:\/\/bibliotheque-sfpe-at.com\/index.php\/wp-json\/wp\/v2\/users\/2"}],"replies":[{"embeddable":true,"href":"https:\/\/bibliotheque-sfpe-at.com\/index.php\/wp-json\/wp\/v2\/comments?post=3421"}],"version-history":[{"count":2,"href":"https:\/\/bibliotheque-sfpe-at.com\/index.php\/wp-json\/wp\/v2\/posts\/3421\/revisions"}],"predecessor-version":[{"id":4385,"href":"https:\/\/bibliotheque-sfpe-at.com\/index.php\/wp-json\/wp\/v2\/posts\/3421\/revisions\/4385"}],"wp:attachment":[{"href":"https:\/\/bibliotheque-sfpe-at.com\/index.php\/wp-json\/wp\/v2\/media?parent=3421"}],"wp:term":[{"taxonomy":"category","embeddable":true,"href":"https:\/\/bibliotheque-sfpe-at.com\/index.php\/wp-json\/wp\/v2\/categories?post=3421"},{"taxonomy":"post_tag","embeddable":true,"href":"https:\/\/bibliotheque-sfpe-at.com\/index.php\/wp-json\/wp\/v2\/tags?post=3421"}],"curies":[{"name":"wp","href":"https:\/\/api.w.org\/{rel}","templated":true}]}}