{"id":3423,"date":"2025-01-21T18:28:51","date_gmt":"2025-01-21T17:28:51","guid":{"rendered":"https:\/\/sfpe-at.com\/?p=3423"},"modified":"2025-03-19T14:13:51","modified_gmt":"2025-03-19T13:13:51","slug":"les-regards-de-diane-et-dacteon","status":"publish","type":"post","link":"https:\/\/bibliotheque-sfpe-at.com\/index.php\/2025\/01\/21\/les-regards-de-diane-et-dacteon\/","title":{"rendered":"Les regards de Diane et d\u2019Act\u00e9on"},"content":{"rendered":"\n<p><\/p>\n\n\n\n<div class=\"wp-block-columns is-layout-flex wp-container-core-columns-is-layout-28f84493 wp-block-columns-is-layout-flex\">\n<div class=\"wp-block-column is-layout-flow wp-block-column-is-layout-flow\" style=\"flex-basis:66.66%\">\n<p> \u00ab J\u2019aimerais vous parler d\u2019Act\u00e9on \u00bb, \u00e9crit Pierre Klossowski au d\u00e9but de son magistral essai. En \u00e9cho \u00e0 ces premiers regards dont t\u00e9moigne cette sc\u00e8ne fondamentale des myst\u00e8res de l\u2019art. Regards du regard qui prendraient corps, avant et apr\u00e8s l&rsquo;origine de l\u2019origine, comme \u00e0 Lascaux o\u00f9 Orph\u00e9e rencontre peut-\u00eatre la Gorgone M\u00e9duse.<br>Mythes artistiques intemporels aux sc\u00e8nes primitives r\u00e9invent\u00e9es par les artistes. Du \u00abc\u2019est \u00e0 voir\u00bb au \u00abd\u00e9j\u00e0 vu\u00bb. De m\u00eame que l\u2019a-mateur d\u2019art est \u00abregard\u00e9 en-dedans par ce qu\u2019il voit devant\u00bb (Didi-Huberman), travaill\u00e9 au corps par le d\u00e9sir de voir \u00ab \u00e7a \u00bb ! Quitte \u00e0 devenir \u00ab le chien \u00bb (Rilke \u00e0 propos de C\u00e9zanne) de ces regards en miroir. De m\u00e9tamorphoses en perlaborations.<br>Notre diaporama tentera ainsi de rendre compte, de prunelle en prunelle, de telles mixions objectivantes et subjectivantes. C\u2019est l\u2019engagement du chercheur et l&rsquo;\u00e9thique du psychanalyste, de souvenirs-\u00e9crans partag\u00e9s en r\u00eaveries \u00e9veill\u00e9es.<br>Art\u00e9mis et Act\u00e9on, un clin d\u2019\u0153il aux images affect\u00e9es, avec l\u2019invisible du visible en ligne de mire, entre l\u2019intime et l\u2019obsc\u00e8ne, \u00e0 la crois\u00e9e des regards. Act\u00e9on et Diane, ou la crudit\u00e9 du r\u00e9el confront\u00e9e aux faux-semblants \u00e9dulcor\u00e9s, depuis les pulsions scopiques sublim\u00e9es jusqu\u2019aux ravissements inqui\u00e9tants du sublime.<br>De m\u00eame que tout n\u2019est jamais montr\u00e9. Des \u00ab Horreurs d\u00e9licieuses \u00bb du Beau (Burke) \u00e0 l\u2019unheimlich des \u00ab merveilleuses constructions de l\u2019impalpable\u00bb de la peinture (Baudelaire). Comme dans le duende tauromachique, un art incorrect des yeux dans les yeux.<br>Comme l\u2019exp\u00e9rience esth\u00e9tique vise de ses \u00abrayons sp\u00e9ciaux\u00bb (Proust) le ravi par ce qui le ravit, confondus par ses propres chiens. La proie et l\u2019ombre ! De la s\u00e9quence d&rsquo;Ombra mai fu chez Frears (Schauder) \u00e0 Cl\u00e9rambault suicid\u00e9 devant son miroir, entre Proust guettant l\u2019autre en vain et les auto-portraits visionnaires de Van Gogh.<br>Des sc\u00e8nes de chasse sid\u00e9rantes de Courbet aux miroirs trompeurs de V\u00e9lazquez et des dissections scopiques de Rembrandt aux voyeurismes de L\u2019Empire des sens (Oschima).<br>L\u2019occasion r\u00eav\u00e9e de r\u00e9interroger ensemble les illusions r\u00e9paratrices de l&rsquo;art et la clinique du face-\u00e0-face, l\u2019angoisse de morcellement et la sc\u00e8ne de s\u00e9duction, jusque dans leurs angles morts.<\/p>\n\n\n\n<p class=\"has-text-color has-link-color wp-elements-0c5dd61414d2cb4c88e3596780dedeb0\" style=\"color:#2753a5\"><strong><em>Pour lire le texte complet <a href=\"\/index.php\/options-dinscription\/\"><mark style=\"background-color:rgba(0, 0, 0, 0)\" class=\"has-inline-color has-vivid-cyan-blue-color\">s&rsquo;inscrire<\/mark><\/a> ou <a href=\"\/index.php\/my-account\/edit-account\/\"><mark style=\"background-color:rgba(0, 0, 0, 0)\" class=\"has-inline-color has-vivid-cyan-blue-color\">se connecter<\/mark><\/a><\/em><\/strong><\/p>\n\n\n\n\n\n<div style=\"height:100px\" aria-hidden=\"true\" class=\"wp-block-spacer\"><\/div>\n\n\n\n<div class=\"wp-block-buttons is-content-justification-center is-layout-flex wp-container-core-buttons-is-layout-a89b3969 wp-block-buttons-is-layout-flex\">\n<div class=\"wp-block-button has-custom-font-size has-small-font-size\"><a class=\"wp-block-button__link has-vivid-red-background-color has-background wp-element-button\" href=\"\/index.php\/2025\/01\/21\/regards\/\" target=\"_blank\" rel=\"noreferrer noopener\">&lt;&#8211; retour<\/a><\/div>\n<\/div>\n<\/div>\n\n\n\n<div class=\"wp-block-column is-layout-flow wp-block-column-is-layout-flow\" style=\"flex-basis:33.33%\">\n<figure class=\"wp-block-table\"><table class=\"has-background\" style=\"background-color:#f8f2f2\"><thead><tr><th><mark class=\"has-inline-color has-vivid-red-color\" style=\"background-color: rgba(0, 0, 0, 0);\"><strong>Auteur<\/strong><\/mark><\/th><\/tr><\/thead><tbody><tr><td><strong><strong>Christophe Paradas<\/strong><\/strong><\/td><\/tr><\/tbody><\/table><\/figure>\n\n\n\n<figure class=\"wp-block-table\"><table><thead><tr><th><mark class=\"has-inline-color has-vivid-red-color\" style=\"background-color: rgba(0, 0, 0, 0);\"><strong>R\u00e9f\u00e9rence<\/strong><\/mark><\/th><\/tr><\/thead><tbody><tr><td><strong>RA004-06<\/strong><br><strong>Regards<\/strong><br>Journ\u00e9es d&rsquo;Automne 2013<\/td><\/tr><\/tbody><\/table><\/figure>\n\n\n\n<figure class=\"wp-block-table\"><table><thead><tr><th><mark class=\"has-inline-color has-vivid-red-color\" style=\"background-color: rgba(0, 0, 0, 0);\"><strong>Cat\u00e9gories<\/strong><\/mark><\/th><\/tr><\/thead><tbody><tr><td>Psychanalyse<br>Peinture<\/td><\/tr><\/tbody><\/table><\/figure>\n<\/div>\n<\/div>\n","protected":false},"excerpt":{"rendered":"<p>\u00ab J\u2019aimerais vous parler d\u2019Act\u00e9on \u00bb, \u00e9crit Pierre Klossowski au d\u00e9but de son magistral essai. En \u00e9cho \u00e0 ces premiers regards dont t\u00e9moigne cette sc\u00e8ne fondamentale des myst\u00e8res de l\u2019art. Regards du regard qui prendraient corps, avant et apr\u00e8s l&rsquo;origine de l\u2019origine, comme \u00e0 Lascaux o\u00f9 Orph\u00e9e rencontre peut-\u00eatre la&hellip;<\/p>\n","protected":false},"author":2,"featured_media":0,"comment_status":"closed","ping_status":"open","sticky":false,"template":"","format":"standard","meta":{"pmpro_default_level":"","ngg_post_thumbnail":0,"footnotes":""},"categories":[74],"tags":[484,494,715,704],"class_list":["post-3423","post","type-post","status-publish","format-standard","hentry","category-paradas-christophe","tag-peinture","tag-psychanalyse","tag-ra004-06","tag-regards","pmpro-has-access"],"_links":{"self":[{"href":"https:\/\/bibliotheque-sfpe-at.com\/index.php\/wp-json\/wp\/v2\/posts\/3423","targetHints":{"allow":["GET"]}}],"collection":[{"href":"https:\/\/bibliotheque-sfpe-at.com\/index.php\/wp-json\/wp\/v2\/posts"}],"about":[{"href":"https:\/\/bibliotheque-sfpe-at.com\/index.php\/wp-json\/wp\/v2\/types\/post"}],"author":[{"embeddable":true,"href":"https:\/\/bibliotheque-sfpe-at.com\/index.php\/wp-json\/wp\/v2\/users\/2"}],"replies":[{"embeddable":true,"href":"https:\/\/bibliotheque-sfpe-at.com\/index.php\/wp-json\/wp\/v2\/comments?post=3423"}],"version-history":[{"count":2,"href":"https:\/\/bibliotheque-sfpe-at.com\/index.php\/wp-json\/wp\/v2\/posts\/3423\/revisions"}],"predecessor-version":[{"id":4386,"href":"https:\/\/bibliotheque-sfpe-at.com\/index.php\/wp-json\/wp\/v2\/posts\/3423\/revisions\/4386"}],"wp:attachment":[{"href":"https:\/\/bibliotheque-sfpe-at.com\/index.php\/wp-json\/wp\/v2\/media?parent=3423"}],"wp:term":[{"taxonomy":"category","embeddable":true,"href":"https:\/\/bibliotheque-sfpe-at.com\/index.php\/wp-json\/wp\/v2\/categories?post=3423"},{"taxonomy":"post_tag","embeddable":true,"href":"https:\/\/bibliotheque-sfpe-at.com\/index.php\/wp-json\/wp\/v2\/tags?post=3423"}],"curies":[{"name":"wp","href":"https:\/\/api.w.org\/{rel}","templated":true}]}}