{"id":3429,"date":"2025-01-21T18:37:26","date_gmt":"2025-01-21T17:37:26","guid":{"rendered":"https:\/\/sfpe-at.com\/?p=3429"},"modified":"2025-03-19T14:15:30","modified_gmt":"2025-03-19T13:15:30","slug":"le-regard-de-dieu-dans-le-regard-de-lhomme-lespace-pictural-au-moyen-age","status":"publish","type":"post","link":"https:\/\/bibliotheque-sfpe-at.com\/index.php\/2025\/01\/21\/le-regard-de-dieu-dans-le-regard-de-lhomme-lespace-pictural-au-moyen-age\/","title":{"rendered":"Le regard de Dieu dans le regard de l\u2019homme. L\u2019espace pictural au Moyen \u00c2ge"},"content":{"rendered":"\n<p><\/p>\n\n\n\n<div class=\"wp-block-columns is-layout-flex wp-container-core-columns-is-layout-28f84493 wp-block-columns-is-layout-flex\">\n<div class=\"wp-block-column is-layout-flow wp-block-column-is-layout-flow\" style=\"flex-basis:66.66%\">\n<p>Le Pictural, nous le d\u00e9finissons comme le lieu d&rsquo;un regard, objet de d\u00e9sir du peintre et conqu\u00eate de l&rsquo;absolu dans l&rsquo;espace de l&rsquo;\u0153uvre. Le d\u00e9sir du peintre, pour paraphraser Lacan, nous le d\u00e9finirons comme d\u00e9sir du regard de l&rsquo;Autre.<br>Mais l&rsquo;Autre, au Moyen \u00c2ge, l&rsquo;Autre inaccessible \u00e0 la but\u00e9e du regard, l&rsquo;objet r\u00e9ellement fascinant du d\u00e9sir du peintre, n&rsquo;est pas une pr\u00e9sence, mais une absence : le monde invisible de Dieu. Et si Dieu est tout-puissant, sa toute-puissance s\u2019exprime d\u2019autant plus dans l&rsquo;imaginaire qu&rsquo;elle demeure \u00e0 tout jamais d\u00e9rob\u00e9e au regard.<br>L\u2019An 1033. L\u2019anniversaire de la mort du Christ cristallise la terreur. Le monde visible est le th\u00e9\u00e2tre fabuleux d&rsquo;une imagerie habit\u00e9e d&rsquo;apparitions terrifiantes. Tout est signe. On scrute le ciel pour y d\u00e9celer les signes annonciateurs de l&rsquo;Apocalypse. La nature n&rsquo;est plus qu&rsquo;un vaste r\u00e9pertoire de symboles et la peur m\u00e9tamorphose les apparences en pr\u00e9sence magique et infernale, comme l&rsquo;a montr\u00e9 Georges Duby dans Le Temps des cath\u00e9drales.<br>La vision est ainsi prise en otage par l\u2019imaginaire et ce n\u2019est pas par hasard si les fantasmes m\u00e9di\u00e9vaux se manifestent avant tout dans le visible.<br>Et justement, au sommet du monde divin et invisible, Dieu veille sur les hommes d\u2019un \u0153il omnipr\u00e9sent et tout-puissant. Comme l&rsquo;\u00e9crit Jean Paris: \u00ab Avant tout, Dieu voit. [\u2026 ] Dans tout l&rsquo;art m\u00e9di\u00e9val, jusqu&rsquo;au c\u0153ur de la Renaissance, il va garder ce caract\u00e8re c\u00e9leste du voyant, qui fonde l&rsquo;esprit comme une vari\u00e9t\u00e9 de la lumi\u00e8re. \u00bb (Jean Paris L\u2019Espace et le Regard, \u00e9d. du Seuil, Paris, 1965, p. 22, 23.)<br>En nous aidant de L&rsquo;Ascension (vers 1100) du sacramentaire de Saint-Etienne de Limoges (folio 84), nous montrerons qu\u2019il y a dans cette \u0153uvre, et par les artifices picturaux, une invitation \u00e0 passer du monde terrestre \u00e0 la source surnaturelle du monde c\u00e9leste. Ainsi se r\u00e9v\u00e9lera le d\u00e9sir de l&rsquo;artiste: conqu\u00e9rir le pouvoir d&rsquo;un \u0153il absolu, rendre visible l\u2019invisible, et par l\u00e0 m\u00eame ravir le feu du regard tout-puissant de Dieu. La jouissance, alors interdite par les p\u00e8res de l&rsquo;\u00c9glise, sera d\u00e9sormais possible. Au-del\u00e0 des \u00e9nonc\u00e9s figuratifs et des signes qui font de L\u2019Ascension un lieu de m\u00e9ditation ; dans les intervalles m\u00eames des formes, vides de toute pr\u00e9sence mat\u00e9rielle, le peintre (\u00e0 son insu sans doute) introduit par le ravissement pictural \u2014 et la jouissance qui en d\u00e9coule \u2014, quelque chose d&rsquo;un projet infiniment diabolique : d\u00e9tourner un espace de d\u00e9votion pour en faire un lieu de plaisir esth\u00e9tique.<\/p>\n\n\n\n<p class=\"has-text-color has-link-color wp-elements-0c5dd61414d2cb4c88e3596780dedeb0\" style=\"color:#2753a5\"><strong><em>Pour lire le texte complet <a href=\"\/index.php\/options-dinscription\/\"><mark style=\"background-color:rgba(0, 0, 0, 0)\" class=\"has-inline-color has-vivid-cyan-blue-color\">s&rsquo;inscrire<\/mark><\/a> ou <a href=\"\/index.php\/my-account\/edit-account\/\"><mark style=\"background-color:rgba(0, 0, 0, 0)\" class=\"has-inline-color has-vivid-cyan-blue-color\">se connecter<\/mark><\/a><\/em><\/strong><\/p>\n\n\n\n\n\n<div style=\"height:100px\" aria-hidden=\"true\" class=\"wp-block-spacer\"><\/div>\n\n\n\n<div class=\"wp-block-buttons is-content-justification-center is-layout-flex wp-container-core-buttons-is-layout-a89b3969 wp-block-buttons-is-layout-flex\">\n<div class=\"wp-block-button has-custom-font-size has-small-font-size\"><a class=\"wp-block-button__link has-vivid-red-background-color has-background wp-element-button\" href=\"\/index.php\/2025\/01\/21\/regards\/\" target=\"_blank\" rel=\"noreferrer noopener\">&lt;&#8211; retour<\/a><\/div>\n<\/div>\n<\/div>\n\n\n\n<div class=\"wp-block-column is-layout-flow wp-block-column-is-layout-flow\" style=\"flex-basis:33.33%\">\n<figure class=\"wp-block-table\"><table class=\"has-background\" style=\"background-color:#f8f2f2\"><thead><tr><th><mark class=\"has-inline-color has-vivid-red-color\" style=\"background-color: rgba(0, 0, 0, 0);\"><strong>Auteur<\/strong><\/mark><\/th><\/tr><\/thead><tbody><tr><td><strong><strong>G\u00e9rard Bout\u00e9<\/strong><\/strong><\/td><\/tr><\/tbody><\/table><\/figure>\n\n\n\n<figure class=\"wp-block-table\"><table><thead><tr><th><mark class=\"has-inline-color has-vivid-red-color\" style=\"background-color: rgba(0, 0, 0, 0);\"><strong>R\u00e9f\u00e9rence<\/strong><\/mark><\/th><\/tr><\/thead><tbody><tr><td><strong>RA004-09<\/strong><br><strong>Regards<\/strong><br>Journ\u00e9es d&rsquo;Automne 2013<\/td><\/tr><\/tbody><\/table><\/figure>\n\n\n\n<figure class=\"wp-block-table\"><table><thead><tr><th><mark class=\"has-inline-color has-vivid-red-color\" style=\"background-color: rgba(0, 0, 0, 0);\"><strong>Cat\u00e9gories<\/strong><\/mark><\/th><\/tr><\/thead><tbody><tr><td>Art<\/td><\/tr><\/tbody><\/table><\/figure>\n<\/div>\n<\/div>\n","protected":false},"excerpt":{"rendered":"<p>Le Pictural, nous le d\u00e9finissons comme le lieu d&rsquo;un regard, objet de d\u00e9sir du peintre et conqu\u00eate de l&rsquo;absolu dans l&rsquo;espace de l&rsquo;\u0153uvre. Le d\u00e9sir du peintre, pour paraphraser Lacan, nous le d\u00e9finirons comme d\u00e9sir du regard de l&rsquo;Autre.Mais l&rsquo;Autre, au Moyen \u00c2ge, l&rsquo;Autre inaccessible \u00e0 la but\u00e9e du regard,&hellip;<\/p>\n","protected":false},"author":2,"featured_media":0,"comment_status":"closed","ping_status":"open","sticky":false,"template":"","format":"standard","meta":{"pmpro_default_level":"","ngg_post_thumbnail":0,"footnotes":""},"categories":[68],"tags":[483,718,704],"class_list":["post-3429","post","type-post","status-publish","format-standard","hentry","category-boute-gerard","tag-art","tag-ra004-09","tag-regards","pmpro-has-access"],"_links":{"self":[{"href":"https:\/\/bibliotheque-sfpe-at.com\/index.php\/wp-json\/wp\/v2\/posts\/3429","targetHints":{"allow":["GET"]}}],"collection":[{"href":"https:\/\/bibliotheque-sfpe-at.com\/index.php\/wp-json\/wp\/v2\/posts"}],"about":[{"href":"https:\/\/bibliotheque-sfpe-at.com\/index.php\/wp-json\/wp\/v2\/types\/post"}],"author":[{"embeddable":true,"href":"https:\/\/bibliotheque-sfpe-at.com\/index.php\/wp-json\/wp\/v2\/users\/2"}],"replies":[{"embeddable":true,"href":"https:\/\/bibliotheque-sfpe-at.com\/index.php\/wp-json\/wp\/v2\/comments?post=3429"}],"version-history":[{"count":2,"href":"https:\/\/bibliotheque-sfpe-at.com\/index.php\/wp-json\/wp\/v2\/posts\/3429\/revisions"}],"predecessor-version":[{"id":4389,"href":"https:\/\/bibliotheque-sfpe-at.com\/index.php\/wp-json\/wp\/v2\/posts\/3429\/revisions\/4389"}],"wp:attachment":[{"href":"https:\/\/bibliotheque-sfpe-at.com\/index.php\/wp-json\/wp\/v2\/media?parent=3429"}],"wp:term":[{"taxonomy":"category","embeddable":true,"href":"https:\/\/bibliotheque-sfpe-at.com\/index.php\/wp-json\/wp\/v2\/categories?post=3429"},{"taxonomy":"post_tag","embeddable":true,"href":"https:\/\/bibliotheque-sfpe-at.com\/index.php\/wp-json\/wp\/v2\/tags?post=3429"}],"curies":[{"name":"wp","href":"https:\/\/api.w.org\/{rel}","templated":true}]}}