{"id":3431,"date":"2025-01-21T18:40:45","date_gmt":"2025-01-21T17:40:45","guid":{"rendered":"https:\/\/sfpe-at.com\/?p=3431"},"modified":"2025-03-19T14:16:10","modified_gmt":"2025-03-19T13:16:10","slug":"la-toile-retournee-du-peintre-paradoxes-du-regard-dans-les-menines-1656-de-diego-velasquez","status":"publish","type":"post","link":"https:\/\/bibliotheque-sfpe-at.com\/index.php\/2025\/01\/21\/la-toile-retournee-du-peintre-paradoxes-du-regard-dans-les-menines-1656-de-diego-velasquez\/","title":{"rendered":"La toile retourn\u00e9e du peintre. Paradoxes du regard dans Les M\u00e9nines (1656) de Diego V\u00e9lasquez"},"content":{"rendered":"\n<p><\/p>\n\n\n\n<div class=\"wp-block-columns is-layout-flex wp-container-core-columns-is-layout-28f84493 wp-block-columns-is-layout-flex\">\n<div class=\"wp-block-column is-layout-flow wp-block-column-is-layout-flow\" style=\"flex-basis:66.66%\">\n<p>Chef d\u2019\u0153uvre de l\u2019art baroque, Opus magnus de V\u00e9lasquez, \u00ab th\u00e9ologie de la peinture \u00bb pour certains, Les M\u00e9nines n\u2019ont rien perdu de leur pouvoir de fascination. Le tableau a connu une vari\u00e9t\u00e9 de grilles de lecture et une fortune critique exceptionnelles. Mais comment lire la fascination que cette toile exerce \u00e0 travers les si\u00e8cles? Mise en abyme propre \u00e0 l\u2019auto-r\u00e9f\u00e9rence, po\u00efesis de l\u2019acte de peindre, vertiges de l\u2019espace repr\u00e9sent\u00e9, \u00e9nigme de la repr\u00e9sentation \u2014 la complexit\u00e9 et la subtilit\u00e9 de la composition des M\u00e9nines ont donn\u00e9 lieu \u00e0 une kyrielle d\u2019interpr\u00e9tations et d\u2019\u00e9tudes interdisciplinaires.<br>Ainsi, Foucault explore dans Les Mots et les Choses (1966) les espaces paradoxaux du pouvoir que repr\u00e9sente selon lui, ce tableau. Toujours en 1966 \u2014 les 11,18 et 25 mai \u2014 Lacan en a fait le contenu de trois de ses s\u00e9minaires. Manuela Mena Marqu\u00e9s (1984), la conservatrice en chef du Prado, estime avoir trouv\u00e9 un repeint lors de la restauration du tableau en 1984. Des philosophes tels que Searle (1980) et des historiens d\u2019art tels que Clark (1960), Damisch (1987), Stoichita (1993) et Arasse (2003) ont consacr\u00e9 des \u00e9tudes importantes, quoique contradictoires, aux M\u00e9nines. Th\u00e9voz (1996) aborde le paradoxe inh\u00e9rent \u00e0 tout auto-portrait, Masson (2001) interroge la circulation du regard. Des recherches g\u00e9om\u00e9triques consultables sur youtube permettent de visiter en 3 D une simulation de l\u2019espace peint; une publicit\u00e9 espagnole r\u00e9cente reconstitue la constellation, d\u00e9sormais mythique, des personnages\u2026<br>Afin d\u2019introduire dans cette pluralit\u00e9 de discours, de m\u00e9thodes et de regards un axe nouveau, nous proposons de commenter plus en d\u00e9tail la copie qu\u2019en a r\u00e9alis\u00e9e l\u2019assistant et gendre de V\u00e9lasquez, Juan Bautista Martinez del Mazo. La comparaison entre copie et original nous permettra-t-elle de saisir diff\u00e9remment l\u2019\u00e9nigme des M\u00e9nines? Notre analyse pourra-t-elle nous renseigner plus avant sur le processus de cr\u00e9ation, le \u00ab sc\u00e9nario de production \u00bb (Stoichita, 1993) des M\u00e9nines? Enfin, pourrons-nous comprendre diff\u00e9remment le scandale visuel qui semble en \u00eatre \u00e0 l\u2019origine ?<\/p>\n\n\n\n<p class=\"has-text-color has-link-color wp-elements-0c5dd61414d2cb4c88e3596780dedeb0\" style=\"color:#2753a5\"><strong><em>Pour lire le texte complet <a href=\"\/index.php\/options-dinscription\/\"><mark style=\"background-color:rgba(0, 0, 0, 0)\" class=\"has-inline-color has-vivid-cyan-blue-color\">s&rsquo;inscrire<\/mark><\/a> ou <a href=\"\/index.php\/my-account\/edit-account\/\"><mark style=\"background-color:rgba(0, 0, 0, 0)\" class=\"has-inline-color has-vivid-cyan-blue-color\">se connecter<\/mark><\/a><\/em><\/strong><\/p>\n\n\n\n\n\n<div style=\"height:100px\" aria-hidden=\"true\" class=\"wp-block-spacer\"><\/div>\n\n\n\n<div class=\"wp-block-buttons is-content-justification-center is-layout-flex wp-container-core-buttons-is-layout-a89b3969 wp-block-buttons-is-layout-flex\">\n<div class=\"wp-block-button has-custom-font-size has-small-font-size\"><a class=\"wp-block-button__link has-vivid-red-background-color has-background wp-element-button\" href=\"\/index.php\/2025\/01\/21\/regards\/\" target=\"_blank\" rel=\"noreferrer noopener\">&lt;&#8211; retour<\/a><\/div>\n<\/div>\n<\/div>\n\n\n\n<div class=\"wp-block-column is-layout-flow wp-block-column-is-layout-flow\" style=\"flex-basis:33.33%\">\n<figure class=\"wp-block-table\"><table class=\"has-background\" style=\"background-color:#f8f2f2\"><thead><tr><th><mark class=\"has-inline-color has-vivid-red-color\" style=\"background-color: rgba(0, 0, 0, 0);\"><strong>Auteur<\/strong><\/mark><\/th><\/tr><\/thead><tbody><tr><td><strong><strong>Silke Schauder<\/strong><\/strong><\/td><\/tr><\/tbody><\/table><\/figure>\n\n\n\n<figure class=\"wp-block-table\"><table><thead><tr><th><mark class=\"has-inline-color has-vivid-red-color\" style=\"background-color: rgba(0, 0, 0, 0);\"><strong>R\u00e9f\u00e9rence<\/strong><\/mark><\/th><\/tr><\/thead><tbody><tr><td><strong>RA004-10<\/strong><br><strong>Regards<\/strong><br>Journ\u00e9es d&rsquo;Automne 2013<\/td><\/tr><\/tbody><\/table><\/figure>\n\n\n\n<figure class=\"wp-block-table\"><table><thead><tr><th><mark class=\"has-inline-color has-vivid-red-color\" style=\"background-color: rgba(0, 0, 0, 0);\"><strong>Cat\u00e9gories<\/strong><\/mark><\/th><\/tr><\/thead><tbody><tr><td>Art<br>Peinture<\/td><\/tr><\/tbody><\/table><\/figure>\n<\/div>\n<\/div>\n","protected":false},"excerpt":{"rendered":"<p>Chef d\u2019\u0153uvre de l\u2019art baroque, Opus magnus de V\u00e9lasquez, \u00ab th\u00e9ologie de la peinture \u00bb pour certains, Les M\u00e9nines n\u2019ont rien perdu de leur pouvoir de fascination. Le tableau a connu une vari\u00e9t\u00e9 de grilles de lecture et une fortune critique exceptionnelles. Mais comment lire la fascination que cette toile&hellip;<\/p>\n","protected":false},"author":2,"featured_media":0,"comment_status":"closed","ping_status":"open","sticky":false,"template":"","format":"standard","meta":{"pmpro_default_level":"","ngg_post_thumbnail":0,"footnotes":""},"categories":[73],"tags":[483,484,719,704],"class_list":["post-3431","post","type-post","status-publish","format-standard","hentry","category-schauder-silke","tag-art","tag-peinture","tag-ra004-10","tag-regards","pmpro-has-access"],"_links":{"self":[{"href":"https:\/\/bibliotheque-sfpe-at.com\/index.php\/wp-json\/wp\/v2\/posts\/3431","targetHints":{"allow":["GET"]}}],"collection":[{"href":"https:\/\/bibliotheque-sfpe-at.com\/index.php\/wp-json\/wp\/v2\/posts"}],"about":[{"href":"https:\/\/bibliotheque-sfpe-at.com\/index.php\/wp-json\/wp\/v2\/types\/post"}],"author":[{"embeddable":true,"href":"https:\/\/bibliotheque-sfpe-at.com\/index.php\/wp-json\/wp\/v2\/users\/2"}],"replies":[{"embeddable":true,"href":"https:\/\/bibliotheque-sfpe-at.com\/index.php\/wp-json\/wp\/v2\/comments?post=3431"}],"version-history":[{"count":2,"href":"https:\/\/bibliotheque-sfpe-at.com\/index.php\/wp-json\/wp\/v2\/posts\/3431\/revisions"}],"predecessor-version":[{"id":4390,"href":"https:\/\/bibliotheque-sfpe-at.com\/index.php\/wp-json\/wp\/v2\/posts\/3431\/revisions\/4390"}],"wp:attachment":[{"href":"https:\/\/bibliotheque-sfpe-at.com\/index.php\/wp-json\/wp\/v2\/media?parent=3431"}],"wp:term":[{"taxonomy":"category","embeddable":true,"href":"https:\/\/bibliotheque-sfpe-at.com\/index.php\/wp-json\/wp\/v2\/categories?post=3431"},{"taxonomy":"post_tag","embeddable":true,"href":"https:\/\/bibliotheque-sfpe-at.com\/index.php\/wp-json\/wp\/v2\/tags?post=3431"}],"curies":[{"name":"wp","href":"https:\/\/api.w.org\/{rel}","templated":true}]}}