{"id":3437,"date":"2025-01-21T18:47:38","date_gmt":"2025-01-21T17:47:38","guid":{"rendered":"https:\/\/sfpe-at.com\/?p=3437"},"modified":"2025-03-19T14:18:07","modified_gmt":"2025-03-19T13:18:07","slug":"letre-pour-soi-et-letre-pour-lautre-a-ladolescence-construire-son-identite-sous-le-regard-dautrui","status":"publish","type":"post","link":"https:\/\/bibliotheque-sfpe-at.com\/index.php\/2025\/01\/21\/letre-pour-soi-et-letre-pour-lautre-a-ladolescence-construire-son-identite-sous-le-regard-dautrui\/","title":{"rendered":"L\u2019\u00eatre-pour-soi et l\u2019\u00eatre-pour-l\u2019autre \u00e0 l\u2019adolescence : construire son identit\u00e9 sous le regard d\u2019autrui"},"content":{"rendered":"\n<p><\/p>\n\n\n\n<div class=\"wp-block-columns is-layout-flex wp-container-core-columns-is-layout-28f84493 wp-block-columns-is-layout-flex\">\n<div class=\"wp-block-column is-layout-flow wp-block-column-is-layout-flow\" style=\"flex-basis:66.66%\">\n<p>La dialectique de l\u2019\u00eatre-pour-soi et de l\u2019\u00eatre-pour-autrui est particuli\u00e8rement virulente \u00e0 l&rsquo;adolescence, \u00e9poque \u00e0 laquelle l\u2019une des t\u00e2ches majeures consiste \u00e0 construire une repr\u00e9sentation coh\u00e9rente de soi-m\u00eame et d\u2019autrui.<br>Diff\u00e9rentes approches th\u00e9oriques de l&rsquo;adolescence, et en particulier les approches d\u2019ob\u00e9dience psycho dynamique, socio-behavioriste, humaniste et syst\u00e9mique, s\u2019accordent \u00e0 souligner que, tant que la qu\u00eate d&rsquo;identit\u00e9 n&rsquo;a pas abouti, les adolescents demeurent particuli\u00e8rement vuln\u00e9rables au regard d\u2019autrui, ce dont t\u00e9moignent les ph\u00e9nom\u00e8nes groupaux \u00e0 l&rsquo;int\u00e9rieur de la culture adolescente.<br>Nous analyserons quelques tableaux cliniques signalant une stagnation du processus de subjectivation \u00e0 l\u2019adolescence et s\u2019accompagnant d&rsquo;une difficult\u00e9 \u00e0 affronter le regard d\u2019autrui et d&rsquo;un sentiment de honte caract\u00e9ristique, \u00e0 savoir les pathologies de l&rsquo;image corporelle, la suradaptation, le manqu\u00e9 d&rsquo;assertivit\u00e9, l\u2019\u00e9rythrophobie et la phobie sociale,<br>En nous fondant sur la litt\u00e9rature internationale, nous discuterons des indications de la psychoth\u00e9rapie \u00e0 m\u00e9diation artistique par rapport \u00e0 ces tableaux. Comme le passage par une m\u00e9diation artistique permet de maintenir la bonne distance entre l\u2019adolescent et le th\u00e9rapeute, d\u2019\u00e9laborer les conflits relationnels et intrapsychiques sur un mode indirect et non intrusif et de d\u00e9velopper l\u2019estime de soi gr\u00e2ce \u00e0 la d\u00e9couverte de ses ressources personnelles, elle peut constituer un accompagnement pertinent pour la r\u00e9solution de la crise de l&rsquo;adolescence, qu&rsquo;elle soit normale ou pathologique.<\/p>\n\n\n\n<p class=\"has-text-color has-link-color wp-elements-0c5dd61414d2cb4c88e3596780dedeb0\" style=\"color:#2753a5\"><strong><em>Pour lire le texte complet <a href=\"\/index.php\/options-dinscription\/\"><mark style=\"background-color:rgba(0, 0, 0, 0)\" class=\"has-inline-color has-vivid-cyan-blue-color\">s&rsquo;inscrire<\/mark><\/a> ou <a href=\"\/index.php\/my-account\/edit-account\/\"><mark style=\"background-color:rgba(0, 0, 0, 0)\" class=\"has-inline-color has-vivid-cyan-blue-color\">se connecter<\/mark><\/a><\/em><\/strong><\/p>\n\n\n\n\n\n<div style=\"height:100px\" aria-hidden=\"true\" class=\"wp-block-spacer\"><\/div>\n\n\n\n<div class=\"wp-block-buttons is-content-justification-center is-layout-flex wp-container-core-buttons-is-layout-a89b3969 wp-block-buttons-is-layout-flex\">\n<div class=\"wp-block-button has-custom-font-size has-small-font-size\"><a class=\"wp-block-button__link has-vivid-red-background-color has-background wp-element-button\" href=\"\/index.php\/2025\/01\/21\/regards\/\" target=\"_blank\" rel=\"noreferrer noopener\">&lt;&#8211; retour<\/a><\/div>\n<\/div>\n<\/div>\n\n\n\n<div class=\"wp-block-column is-layout-flow wp-block-column-is-layout-flow\" style=\"flex-basis:33.33%\">\n<figure class=\"wp-block-table\"><table class=\"has-background\" style=\"background-color:#f8f2f2\"><thead><tr><th><mark class=\"has-inline-color has-vivid-red-color\" style=\"background-color: rgba(0, 0, 0, 0);\"><strong>Auteur<\/strong><\/mark><\/th><\/tr><\/thead><tbody><tr><td><strong><strong>Lony Schiltz<\/strong><\/strong><\/td><\/tr><\/tbody><\/table><\/figure>\n\n\n\n<figure class=\"wp-block-table\"><table><thead><tr><th><mark class=\"has-inline-color has-vivid-red-color\" style=\"background-color: rgba(0, 0, 0, 0);\"><strong>R\u00e9f\u00e9rence<\/strong><\/mark><\/th><\/tr><\/thead><tbody><tr><td><strong>RA004-13<\/strong><br><strong>Regards<\/strong><br>Journ\u00e9es d&rsquo;Automne 2013<\/td><\/tr><\/tbody><\/table><\/figure>\n\n\n\n<figure class=\"wp-block-table\"><table><thead><tr><th><mark class=\"has-inline-color has-vivid-red-color\" style=\"background-color: rgba(0, 0, 0, 0);\"><strong>Cat\u00e9gories<\/strong><\/mark><\/th><\/tr><\/thead><tbody><tr><td>Psychologie<br>Cas clinique<\/td><\/tr><\/tbody><\/table><\/figure>\n<\/div>\n<\/div>\n","protected":false},"excerpt":{"rendered":"<p>La dialectique de l\u2019\u00eatre-pour-soi et de l\u2019\u00eatre-pour-autrui est particuli\u00e8rement virulente \u00e0 l&rsquo;adolescence, \u00e9poque \u00e0 laquelle l\u2019une des t\u00e2ches majeures consiste \u00e0 construire une repr\u00e9sentation coh\u00e9rente de soi-m\u00eame et d\u2019autrui.Diff\u00e9rentes approches th\u00e9oriques de l&rsquo;adolescence, et en particulier les approches d\u2019ob\u00e9dience psycho dynamique, socio-behavioriste, humaniste et syst\u00e9mique, s\u2019accordent \u00e0 souligner que, tant&hellip;<\/p>\n","protected":false},"author":2,"featured_media":0,"comment_status":"closed","ping_status":"open","sticky":false,"template":"","format":"standard","meta":{"pmpro_default_level":"","ngg_post_thumbnail":0,"footnotes":""},"categories":[98],"tags":[493,498,722,704],"class_list":["post-3437","post","type-post","status-publish","format-standard","hentry","category-schiltz-lony","tag-cas-clinique","tag-psychologie","tag-ra004-13","tag-regards","pmpro-has-access"],"_links":{"self":[{"href":"https:\/\/bibliotheque-sfpe-at.com\/index.php\/wp-json\/wp\/v2\/posts\/3437","targetHints":{"allow":["GET"]}}],"collection":[{"href":"https:\/\/bibliotheque-sfpe-at.com\/index.php\/wp-json\/wp\/v2\/posts"}],"about":[{"href":"https:\/\/bibliotheque-sfpe-at.com\/index.php\/wp-json\/wp\/v2\/types\/post"}],"author":[{"embeddable":true,"href":"https:\/\/bibliotheque-sfpe-at.com\/index.php\/wp-json\/wp\/v2\/users\/2"}],"replies":[{"embeddable":true,"href":"https:\/\/bibliotheque-sfpe-at.com\/index.php\/wp-json\/wp\/v2\/comments?post=3437"}],"version-history":[{"count":2,"href":"https:\/\/bibliotheque-sfpe-at.com\/index.php\/wp-json\/wp\/v2\/posts\/3437\/revisions"}],"predecessor-version":[{"id":4393,"href":"https:\/\/bibliotheque-sfpe-at.com\/index.php\/wp-json\/wp\/v2\/posts\/3437\/revisions\/4393"}],"wp:attachment":[{"href":"https:\/\/bibliotheque-sfpe-at.com\/index.php\/wp-json\/wp\/v2\/media?parent=3437"}],"wp:term":[{"taxonomy":"category","embeddable":true,"href":"https:\/\/bibliotheque-sfpe-at.com\/index.php\/wp-json\/wp\/v2\/categories?post=3437"},{"taxonomy":"post_tag","embeddable":true,"href":"https:\/\/bibliotheque-sfpe-at.com\/index.php\/wp-json\/wp\/v2\/tags?post=3437"}],"curies":[{"name":"wp","href":"https:\/\/api.w.org\/{rel}","templated":true}]}}