{"id":3441,"date":"2025-01-21T18:51:49","date_gmt":"2025-01-21T17:51:49","guid":{"rendered":"https:\/\/sfpe-at.com\/?p=3441"},"modified":"2025-03-19T14:19:44","modified_gmt":"2025-03-19T13:19:44","slug":"du-regard-ou-la-question-de-la-place-en-art-therapie","status":"publish","type":"post","link":"https:\/\/bibliotheque-sfpe-at.com\/index.php\/2025\/01\/21\/du-regard-ou-la-question-de-la-place-en-art-therapie\/","title":{"rendered":"Du regard ou la question de la place en art-th\u00e9rapie"},"content":{"rendered":"\n<p><\/p>\n\n\n\n<div class=\"wp-block-columns is-layout-flex wp-container-core-columns-is-layout-28f84493 wp-block-columns-is-layout-flex\">\n<div class=\"wp-block-column is-layout-flow wp-block-column-is-layout-flow\" style=\"flex-basis:66.66%\">\n<p>D\u2019un croisement scopique \u00e0 un \u00e9change en passant par un vecteur d\u2019\u00e9motions, le regard est un dispositif qui maintient l\u2019individu debout dans le monde sensible. Mais, telle une faille, le regard est aussi une ouverture dans laquelle on peut tomber. Conna\u00eetre la faille, c\u2019est de ce fait apprendre \u00e0 se tenir debout une fois \u00e9prouv\u00e9e l\u2019exp\u00e9rience de la chute sans pour autant d\u00e9faillir. Mais quand la d\u00e9faillance envahit le dispositif, l\u2019individu n\u2019arrive plus \u00e0 trouver sa place dans le maintien du regard. Comme un grain de poussi\u00e8re, il est \u00e9vinc\u00e9 de l\u2019oeil par le battement de paupi\u00e8re.<br>Peut-il d\u00e8s lors rencontrer un autre regard capable de remplacer le dispositif d\u00e9faillant ? Et que signifie remplacer ? Comment aborder cet autre regard ? Il ne saurait \u00eatre question de faire \u00e0 la place ou de prendre la place de l\u2019individu, mais de lui apporter un soutien, en \u00e9tant juste \u00e0 c\u00f4t\u00e9. Tel est le regard qu\u2019adopte l\u2019art-th\u00e9rapeute en posant un certain cadre \u00e0 sa pratique qui s&rsquo;appuie sur la technique et le corps.<br>L\u2019enjeu de cette pratique art-th\u00e9rapeutique est d\u2019aider l\u2019individu \u00e0 renouer avec l\u2019action et la m\u00e9moire du corps. Ainsi une pr\u00e9sence pourra restaurer le maintien du regard, en r\u00e9cup\u00e9rant le sens de son dispositif qui n\u2019est autre qu\u2019un langage d\u2019appareil r\u00e9v\u00e9l\u00e9 par une subjectivit\u00e9. Le regard n\u2019est-il pas alors l\u2019acc\u00e8s aux racines du langage?<\/p>\n\n\n\n<p class=\"has-text-color has-link-color wp-elements-0c5dd61414d2cb4c88e3596780dedeb0\" style=\"color:#2753a5\"><strong><em>Pour lire le texte complet <a href=\"\/index.php\/options-dinscription\/\"><mark style=\"background-color:rgba(0, 0, 0, 0)\" class=\"has-inline-color has-vivid-cyan-blue-color\">s&rsquo;inscrire<\/mark><\/a> ou <a href=\"\/index.php\/my-account\/edit-account\/\"><mark style=\"background-color:rgba(0, 0, 0, 0)\" class=\"has-inline-color has-vivid-cyan-blue-color\">se connecter<\/mark><\/a><\/em><\/strong><\/p>\n\n\n\n\n\n<div style=\"height:100px\" aria-hidden=\"true\" class=\"wp-block-spacer\"><\/div>\n\n\n\n<div class=\"wp-block-buttons is-content-justification-center is-layout-flex wp-container-core-buttons-is-layout-a89b3969 wp-block-buttons-is-layout-flex\">\n<div class=\"wp-block-button has-custom-font-size has-small-font-size\"><a class=\"wp-block-button__link has-vivid-red-background-color has-background wp-element-button\" href=\"\/index.php\/2025\/01\/21\/regards\/\" target=\"_blank\" rel=\"noreferrer noopener\">&lt;&#8211; retour<\/a><\/div>\n<\/div>\n<\/div>\n\n\n\n<div class=\"wp-block-column is-layout-flow wp-block-column-is-layout-flow\" style=\"flex-basis:33.33%\">\n<figure class=\"wp-block-table\"><table class=\"has-background\" style=\"background-color:#f8f2f2\"><thead><tr><th><mark class=\"has-inline-color has-vivid-red-color\" style=\"background-color: rgba(0, 0, 0, 0);\"><strong>Auteur<\/strong><\/mark><\/th><\/tr><\/thead><tbody><tr><td><strong><strong>Carole Madelaine-Dupuich<\/strong><\/strong><\/td><\/tr><\/tbody><\/table><\/figure>\n\n\n\n<figure class=\"wp-block-table\"><table><thead><tr><th><mark class=\"has-inline-color has-vivid-red-color\" style=\"background-color: rgba(0, 0, 0, 0);\"><strong>R\u00e9f\u00e9rence<\/strong><\/mark><\/th><\/tr><\/thead><tbody><tr><td><strong>RA004-15<\/strong><br><strong>Regards<\/strong><br>Journ\u00e9es d&rsquo;Automne 2013<\/td><\/tr><\/tbody><\/table><\/figure>\n\n\n\n<figure class=\"wp-block-table\"><table><thead><tr><th><mark class=\"has-inline-color has-vivid-red-color\" style=\"background-color: rgba(0, 0, 0, 0);\"><strong>Cat\u00e9gories<\/strong><\/mark><\/th><\/tr><\/thead><tbody><tr><td>Art-th\u00e9rapie<\/td><\/tr><\/tbody><\/table><\/figure>\n<\/div>\n<\/div>\n","protected":false},"excerpt":{"rendered":"<p>D\u2019un croisement scopique \u00e0 un \u00e9change en passant par un vecteur d\u2019\u00e9motions, le regard est un dispositif qui maintient l\u2019individu debout dans le monde sensible. Mais, telle une faille, le regard est aussi une ouverture dans laquelle on peut tomber. Conna\u00eetre la faille, c\u2019est de ce fait apprendre \u00e0 se&hellip;<\/p>\n","protected":false},"author":2,"featured_media":0,"comment_status":"closed","ping_status":"open","sticky":false,"template":"","format":"standard","meta":{"pmpro_default_level":"","ngg_post_thumbnail":0,"footnotes":""},"categories":[191],"tags":[492,724,704],"class_list":["post-3441","post","type-post","status-publish","format-standard","hentry","category-madelaine-dupuich-carole","tag-art-therapie","tag-ra004-15","tag-regards","pmpro-has-access"],"_links":{"self":[{"href":"https:\/\/bibliotheque-sfpe-at.com\/index.php\/wp-json\/wp\/v2\/posts\/3441","targetHints":{"allow":["GET"]}}],"collection":[{"href":"https:\/\/bibliotheque-sfpe-at.com\/index.php\/wp-json\/wp\/v2\/posts"}],"about":[{"href":"https:\/\/bibliotheque-sfpe-at.com\/index.php\/wp-json\/wp\/v2\/types\/post"}],"author":[{"embeddable":true,"href":"https:\/\/bibliotheque-sfpe-at.com\/index.php\/wp-json\/wp\/v2\/users\/2"}],"replies":[{"embeddable":true,"href":"https:\/\/bibliotheque-sfpe-at.com\/index.php\/wp-json\/wp\/v2\/comments?post=3441"}],"version-history":[{"count":2,"href":"https:\/\/bibliotheque-sfpe-at.com\/index.php\/wp-json\/wp\/v2\/posts\/3441\/revisions"}],"predecessor-version":[{"id":4395,"href":"https:\/\/bibliotheque-sfpe-at.com\/index.php\/wp-json\/wp\/v2\/posts\/3441\/revisions\/4395"}],"wp:attachment":[{"href":"https:\/\/bibliotheque-sfpe-at.com\/index.php\/wp-json\/wp\/v2\/media?parent=3441"}],"wp:term":[{"taxonomy":"category","embeddable":true,"href":"https:\/\/bibliotheque-sfpe-at.com\/index.php\/wp-json\/wp\/v2\/categories?post=3441"},{"taxonomy":"post_tag","embeddable":true,"href":"https:\/\/bibliotheque-sfpe-at.com\/index.php\/wp-json\/wp\/v2\/tags?post=3441"}],"curies":[{"name":"wp","href":"https:\/\/api.w.org\/{rel}","templated":true}]}}