{"id":3447,"date":"2025-01-21T18:58:46","date_gmt":"2025-01-21T17:58:46","guid":{"rendered":"https:\/\/sfpe-at.com\/?p=3447"},"modified":"2025-03-19T14:21:19","modified_gmt":"2025-03-19T13:21:19","slug":"du-corps-broye-a-sa-reconstruction-par-le-miroir-fonctions-du-reflet-et-de-lautoportrait-chez-frida-kahlo","status":"publish","type":"post","link":"https:\/\/bibliotheque-sfpe-at.com\/index.php\/2025\/01\/21\/du-corps-broye-a-sa-reconstruction-par-le-miroir-fonctions-du-reflet-et-de-lautoportrait-chez-frida-kahlo\/","title":{"rendered":"Du corps broy\u00e9 \u00e0 sa reconstruction par le miroir : fonctions du reflet et de l\u2019autoportrait chez Frida Kahlo"},"content":{"rendered":"\n<p><\/p>\n\n\n\n<div class=\"wp-block-columns is-layout-flex wp-container-core-columns-is-layout-28f84493 wp-block-columns-is-layout-flex\">\n<div class=\"wp-block-column is-layout-flow wp-block-column-is-layout-flow\" style=\"flex-basis:66.66%\">\n<p>Les productions artistiques de Frida Kahlo (1907-1954) nous semblent illustrer un art convoqu\u00e9 comme moyen de survivance face \u00e0 la d\u00e9ch\u00e9ance du corps. Son exemple nous permet aussi d\u2019aborder les suppl\u00e9ances face \u00e0 l\u2019effroi et la sid\u00e9ration g\u00e9n\u00e9r\u00e9s par divers \u00e9v\u00e9nements traumatiques ayant valeur de confrontation avec la mort: maladie, grave accident dont elle sort miraculeusement vivante, trahisons, abandons, st\u00e9rilit\u00e9.<br>Nous nous proposons d\u2019analyser la fonction du miroir install\u00e9 lors de sa convalescence au-dessus de son lit et ses pinceaux comme des tentatives de recoudre un corps et une colonne vert\u00e9brale qui ne tenaient plus. Un moi auxiliaire est figur\u00e9 tout autant par une amie imaginaire invent\u00e9e durant l\u2019enfance marqu\u00e9e par la maladie, par ses nombreux corsets que par ses multiples reflets d\u2019elle-m\u00eame offerts par son miroir et diffract\u00e9s dans des autoportraits, t\u00e9moins de sa f\u00e9minit\u00e9 bless\u00e9e. Dans ses combats contre l\u2019oppression, son engagement dans l\u2019id\u00e9ologie r\u00e9volutionnaire et son int\u00e9r\u00eat pour les mythes pr\u00e9hispaniques, elle voit en Diego Rivera son double, ce qui participe aux \u00e9lans passionnels de leur relation affective. Pour tous deux, la peinture s\u2019av\u00e8re synonyme de n\u00e9cessit\u00e9, voire de survie.<br>Cette artiste mexicaine participe \u00e0 une d\u00e9construction de l\u2019id\u00e9alisation du corps f\u00e9minin, comme expression du beau et destin\u00e9 \u00e0 \u00eatre contempl\u00e9. Au contraire, l\u2019exhibition masochiste de ses souffrances tant physiques qu\u2019affectives \u2014 o\u00f9 les trous et la peau arrach\u00e9e l\u2019emportent sur la surface \u2014 contribue \u00e0 l\u2019\u00e9rotisation de la douleur et signe une tentative d\u2019int\u00e9gration des traumas.<\/p>\n\n\n\n<p class=\"has-text-color has-link-color wp-elements-0c5dd61414d2cb4c88e3596780dedeb0\" style=\"color:#2753a5\"><strong><em>Pour lire le texte complet <a href=\"\/index.php\/options-dinscription\/\"><mark style=\"background-color:rgba(0, 0, 0, 0)\" class=\"has-inline-color has-vivid-cyan-blue-color\">s&rsquo;inscrire<\/mark><\/a> ou <a href=\"\/index.php\/my-account\/edit-account\/\"><mark style=\"background-color:rgba(0, 0, 0, 0)\" class=\"has-inline-color has-vivid-cyan-blue-color\">se connecter<\/mark><\/a><\/em><\/strong><\/p>\n\n\n\n\n\n<div style=\"height:100px\" aria-hidden=\"true\" class=\"wp-block-spacer\"><\/div>\n\n\n\n<div class=\"wp-block-buttons is-content-justification-center is-layout-flex wp-container-core-buttons-is-layout-a89b3969 wp-block-buttons-is-layout-flex\">\n<div class=\"wp-block-button has-custom-font-size has-small-font-size\"><a class=\"wp-block-button__link has-vivid-red-background-color has-background wp-element-button\" href=\"\/index.php\/2025\/01\/21\/regards\/\" target=\"_blank\" rel=\"noreferrer noopener\">&lt;&#8211; retour<\/a><\/div>\n<\/div>\n<\/div>\n\n\n\n<div class=\"wp-block-column is-layout-flow wp-block-column-is-layout-flow\" style=\"flex-basis:33.33%\">\n<figure class=\"wp-block-table\"><table class=\"has-background\" style=\"background-color:#f8f2f2\"><thead><tr><th><mark class=\"has-inline-color has-vivid-red-color\" style=\"background-color: rgba(0, 0, 0, 0);\"><strong>Auteur<\/strong><\/mark><\/th><\/tr><\/thead><tbody><tr><td><strong><strong>Anne-Val\u00e9rie Mazoyer<\/strong><\/strong><\/td><\/tr><\/tbody><\/table><\/figure>\n\n\n\n<figure class=\"wp-block-table\"><table><thead><tr><th><mark class=\"has-inline-color has-vivid-red-color\" style=\"background-color: rgba(0, 0, 0, 0);\"><strong>R\u00e9f\u00e9rence<\/strong><\/mark><\/th><\/tr><\/thead><tbody><tr><td><strong>RA004-18<\/strong><br><strong>Regards<\/strong><br>Journ\u00e9es d&rsquo;Automne 2013<\/td><\/tr><\/tbody><\/table><\/figure>\n\n\n\n<figure class=\"wp-block-table\"><table><thead><tr><th><mark class=\"has-inline-color has-vivid-red-color\" style=\"background-color: rgba(0, 0, 0, 0);\"><strong>Cat\u00e9gories<\/strong><\/mark><\/th><\/tr><\/thead><tbody><tr><td>Psychanalyse<br>Peinture<\/td><\/tr><\/tbody><\/table><\/figure>\n<\/div>\n<\/div>\n","protected":false},"excerpt":{"rendered":"<p>Les productions artistiques de Frida Kahlo (1907-1954) nous semblent illustrer un art convoqu\u00e9 comme moyen de survivance face \u00e0 la d\u00e9ch\u00e9ance du corps. Son exemple nous permet aussi d\u2019aborder les suppl\u00e9ances face \u00e0 l\u2019effroi et la sid\u00e9ration g\u00e9n\u00e9r\u00e9s par divers \u00e9v\u00e9nements traumatiques ayant valeur de confrontation avec la mort: maladie,&hellip;<\/p>\n","protected":false},"author":2,"featured_media":0,"comment_status":"closed","ping_status":"open","sticky":false,"template":"","format":"standard","meta":{"pmpro_default_level":"","ngg_post_thumbnail":0,"footnotes":""},"categories":[66],"tags":[484,494,727,704],"class_list":["post-3447","post","type-post","status-publish","format-standard","hentry","category-mazoyer-anne-valerie","tag-peinture","tag-psychanalyse","tag-ra004-18","tag-regards","pmpro-has-access"],"_links":{"self":[{"href":"https:\/\/bibliotheque-sfpe-at.com\/index.php\/wp-json\/wp\/v2\/posts\/3447","targetHints":{"allow":["GET"]}}],"collection":[{"href":"https:\/\/bibliotheque-sfpe-at.com\/index.php\/wp-json\/wp\/v2\/posts"}],"about":[{"href":"https:\/\/bibliotheque-sfpe-at.com\/index.php\/wp-json\/wp\/v2\/types\/post"}],"author":[{"embeddable":true,"href":"https:\/\/bibliotheque-sfpe-at.com\/index.php\/wp-json\/wp\/v2\/users\/2"}],"replies":[{"embeddable":true,"href":"https:\/\/bibliotheque-sfpe-at.com\/index.php\/wp-json\/wp\/v2\/comments?post=3447"}],"version-history":[{"count":2,"href":"https:\/\/bibliotheque-sfpe-at.com\/index.php\/wp-json\/wp\/v2\/posts\/3447\/revisions"}],"predecessor-version":[{"id":4398,"href":"https:\/\/bibliotheque-sfpe-at.com\/index.php\/wp-json\/wp\/v2\/posts\/3447\/revisions\/4398"}],"wp:attachment":[{"href":"https:\/\/bibliotheque-sfpe-at.com\/index.php\/wp-json\/wp\/v2\/media?parent=3447"}],"wp:term":[{"taxonomy":"category","embeddable":true,"href":"https:\/\/bibliotheque-sfpe-at.com\/index.php\/wp-json\/wp\/v2\/categories?post=3447"},{"taxonomy":"post_tag","embeddable":true,"href":"https:\/\/bibliotheque-sfpe-at.com\/index.php\/wp-json\/wp\/v2\/tags?post=3447"}],"curies":[{"name":"wp","href":"https:\/\/api.w.org\/{rel}","templated":true}]}}