{"id":3449,"date":"2025-01-21T19:04:46","date_gmt":"2025-01-21T18:04:46","guid":{"rendered":"https:\/\/sfpe-at.com\/?p=3449"},"modified":"2025-03-19T14:21:53","modified_gmt":"2025-03-19T13:21:53","slug":"le-coup-doeil-a-la-derobee-regarder-la-musique","status":"publish","type":"post","link":"https:\/\/bibliotheque-sfpe-at.com\/index.php\/2025\/01\/21\/le-coup-doeil-a-la-derobee-regarder-la-musique\/","title":{"rendered":"Le coup d\u2019\u0153il \u00e0 la d\u00e9rob\u00e9e : regarder la musique"},"content":{"rendered":"\n<p><\/p>\n\n\n\n<div class=\"wp-block-columns is-layout-flex wp-container-core-columns-is-layout-28f84493 wp-block-columns-is-layout-flex\">\n<div class=\"wp-block-column is-layout-flow wp-block-column-is-layout-flow\" style=\"flex-basis:66.66%\">\n<p>Notre r\u00e9flexion proc\u00e8de d&rsquo;une convergence fructueuse entre trois parcours: d&rsquo;une musicienne, d&rsquo;un photographe et d&rsquo;un psychologue. \u00c0 l&rsquo;occasion de s\u00e9quences musicales de rue, propos\u00e9es sans nulle contrepartie par la violoncelliste au c\u0153ur de l&rsquo;espace urbain, des \u00e9changes brefs ou soutenus de regards entre l&rsquo;interpr\u00e8te et son auditoire ont rev\u00eatu une importance croissante pour la musicienne, en mesure de toucher un public d&rsquo;une r\u00e9ceptivit\u00e9 beaucoup plus imm\u00e9diate et d&rsquo;une autre nature qu&rsquo;au milieu de la salle de concert.<br>Le photographe, pour sa part, a pu saisir quelques-uns de ces instants fugitifs durant lesquels la musique d\u00e9soriente et oriente le regard, d\u00e9tourn\u00e9 provisoirement depuis une activit\u00e9 banale quotidienne, une fausse urgence ou une errance, \u00e0 la fois citadine et d&rsquo;existence, vers un moment d&rsquo;une haute note \u00e9motionnelle qui ouvre sur une attraction interpersonnelle \u00e0 l&rsquo;intensit\u00e9 d\u00e9cupl\u00e9e, le plus souvent muette mais d&rsquo;une rare \u00e9l\u00e9vation.<br>La propension d&rsquo;une situation \u00e0 suspendre fugacement l&rsquo;action en cours pour lui restituer un sens ou la replacer dans un contexte plus signifiant o\u00f9 la pr\u00e9sence vivante au monde s&rsquo;intensifie a retenu aussi la pr\u00e9occupation du psychologue et conduit ainsi les trois partenaires \u00e0 une r\u00e9vision conjointe de leurs vocations respectives. Un point commun entre elles r\u00e9side dans leur capacit\u00e9 \u00e0 retenir subrepticement un temps fondateur d&rsquo;individuation et de personnalisation o\u00f9 le miroir d&rsquo;autrui, comme d\u00e9positaire, joue un r\u00f4le ambigu mais pr\u00e9pond\u00e9rant autant de diff\u00e9renciation que d&rsquo;identification dont le bref \u00e9change de regards porte la trace. Elle s&rsquo;av\u00e8re susceptible de transmuer ce moment fugitif du frisson \u00e9motionnel en conviction ou illusion de rencontre vraie, rehauss\u00e9e d&rsquo;un sursaut d&rsquo;\u00e9ternit\u00e9.<br>Remarque: l&rsquo;expos\u00e9 de la communication sera illustr\u00e9 des photographies de ces s\u00e9quences en pr\u00e9sence de leur auteur ainsi que, de la part de la violoncelliste, par un moment musical susceptible de points d&rsquo;orgue renouvel\u00e9s pendant la dur\u00e9e du colloque.<\/p>\n\n\n\n<p class=\"has-text-color has-link-color wp-elements-0c5dd61414d2cb4c88e3596780dedeb0\" style=\"color:#2753a5\"><strong><em>Pour lire le texte complet <a href=\"\/index.php\/options-dinscription\/\"><mark style=\"background-color:rgba(0, 0, 0, 0)\" class=\"has-inline-color has-vivid-cyan-blue-color\">s&rsquo;inscrire<\/mark><\/a> ou <a href=\"\/index.php\/my-account\/edit-account\/\"><mark style=\"background-color:rgba(0, 0, 0, 0)\" class=\"has-inline-color has-vivid-cyan-blue-color\">se connecter<\/mark><\/a><\/em><\/strong><\/p>\n\n\n\n\n\n<div style=\"height:100px\" aria-hidden=\"true\" class=\"wp-block-spacer\"><\/div>\n\n\n\n<div class=\"wp-block-buttons is-content-justification-center is-layout-flex wp-container-core-buttons-is-layout-a89b3969 wp-block-buttons-is-layout-flex\">\n<div class=\"wp-block-button has-custom-font-size has-small-font-size\"><a class=\"wp-block-button__link has-vivid-red-background-color has-background wp-element-button\" href=\"\/index.php\/2025\/01\/21\/regards\/\" target=\"_blank\" rel=\"noreferrer noopener\">&lt;&#8211; retour<\/a><\/div>\n<\/div>\n<\/div>\n\n\n\n<div class=\"wp-block-column is-layout-flow wp-block-column-is-layout-flow\" style=\"flex-basis:33.33%\">\n<figure class=\"wp-block-table\"><table class=\"has-background\" style=\"background-color:#f8f2f2\"><thead><tr><th><mark class=\"has-inline-color has-vivid-red-color\" style=\"background-color: rgba(0, 0, 0, 0);\"><strong>Auteur<\/strong><\/mark><\/th><\/tr><\/thead><tbody><tr><td><strong><strong>Jean-Marie Barth\u00e9l\u00e9my<\/strong><\/strong><br><strong>Simon Cholat<br>C\u00e9cile P\u00e9rot<br>Guillaume Rossigneux<\/strong><\/td><\/tr><\/tbody><\/table><\/figure>\n\n\n\n<figure class=\"wp-block-table\"><table><thead><tr><th><mark class=\"has-inline-color has-vivid-red-color\" style=\"background-color: rgba(0, 0, 0, 0);\"><strong>R\u00e9f\u00e9rence<\/strong><\/mark><\/th><\/tr><\/thead><tbody><tr><td><strong>RA004-19<\/strong><br><strong>Regards<\/strong><br>Journ\u00e9es d&rsquo;Automne 2013<\/td><\/tr><\/tbody><\/table><\/figure>\n\n\n\n<figure class=\"wp-block-table\"><table><thead><tr><th><mark class=\"has-inline-color has-vivid-red-color\" style=\"background-color: rgba(0, 0, 0, 0);\"><strong>Cat\u00e9gories<\/strong><\/mark><\/th><\/tr><\/thead><tbody><tr><td>Psychologie<br>Musique<br>Photographie<br>Dispositifs de m\u00e9diation<\/td><\/tr><\/tbody><\/table><\/figure>\n<\/div>\n<\/div>\n","protected":false},"excerpt":{"rendered":"<p>Notre r\u00e9flexion proc\u00e8de d&rsquo;une convergence fructueuse entre trois parcours: d&rsquo;une musicienne, d&rsquo;un photographe et d&rsquo;un psychologue. \u00c0 l&rsquo;occasion de s\u00e9quences musicales de rue, propos\u00e9es sans nulle contrepartie par la violoncelliste au c\u0153ur de l&rsquo;espace urbain, des \u00e9changes brefs ou soutenus de regards entre l&rsquo;interpr\u00e8te et son auditoire ont rev\u00eatu une&hellip;<\/p>\n","protected":false},"author":2,"featured_media":0,"comment_status":"closed","ping_status":"open","sticky":false,"template":"","format":"standard","meta":{"pmpro_default_level":"","ngg_post_thumbnail":0,"footnotes":""},"categories":[31,705,66,706,707],"tags":[505,538,514,498,728,704],"class_list":["post-3449","post","type-post","status-publish","format-standard","hentry","category-barthelemy-jean-marie","category-cholat-simon","category-mazoyer-anne-valerie","category-perot-cecile","category-rossigneux-guillaume","tag-dispositif-de-mediation","tag-musique","tag-photographie","tag-psychologie","tag-ra004-19","tag-regards","pmpro-has-access"],"_links":{"self":[{"href":"https:\/\/bibliotheque-sfpe-at.com\/index.php\/wp-json\/wp\/v2\/posts\/3449","targetHints":{"allow":["GET"]}}],"collection":[{"href":"https:\/\/bibliotheque-sfpe-at.com\/index.php\/wp-json\/wp\/v2\/posts"}],"about":[{"href":"https:\/\/bibliotheque-sfpe-at.com\/index.php\/wp-json\/wp\/v2\/types\/post"}],"author":[{"embeddable":true,"href":"https:\/\/bibliotheque-sfpe-at.com\/index.php\/wp-json\/wp\/v2\/users\/2"}],"replies":[{"embeddable":true,"href":"https:\/\/bibliotheque-sfpe-at.com\/index.php\/wp-json\/wp\/v2\/comments?post=3449"}],"version-history":[{"count":2,"href":"https:\/\/bibliotheque-sfpe-at.com\/index.php\/wp-json\/wp\/v2\/posts\/3449\/revisions"}],"predecessor-version":[{"id":4399,"href":"https:\/\/bibliotheque-sfpe-at.com\/index.php\/wp-json\/wp\/v2\/posts\/3449\/revisions\/4399"}],"wp:attachment":[{"href":"https:\/\/bibliotheque-sfpe-at.com\/index.php\/wp-json\/wp\/v2\/media?parent=3449"}],"wp:term":[{"taxonomy":"category","embeddable":true,"href":"https:\/\/bibliotheque-sfpe-at.com\/index.php\/wp-json\/wp\/v2\/categories?post=3449"},{"taxonomy":"post_tag","embeddable":true,"href":"https:\/\/bibliotheque-sfpe-at.com\/index.php\/wp-json\/wp\/v2\/tags?post=3449"}],"curies":[{"name":"wp","href":"https:\/\/api.w.org\/{rel}","templated":true}]}}