{"id":3451,"date":"2025-01-21T19:07:58","date_gmt":"2025-01-21T18:07:58","guid":{"rendered":"https:\/\/sfpe-at.com\/?p=3451"},"modified":"2025-03-19T14:22:27","modified_gmt":"2025-03-19T13:22:27","slug":"regards-photographiques","status":"publish","type":"post","link":"https:\/\/bibliotheque-sfpe-at.com\/index.php\/2025\/01\/21\/regards-photographiques\/","title":{"rendered":"Regard(s) photographique(s)"},"content":{"rendered":"\n<p><\/p>\n\n\n\n<div class=\"wp-block-columns is-layout-flex wp-container-core-columns-is-layout-28f84493 wp-block-columns-is-layout-flex\">\n<div class=\"wp-block-column is-layout-flow wp-block-column-is-layout-flow\" style=\"flex-basis:66.66%\">\n<p>L\u2019emploi de la photographie comme support d\u2019une psychoth\u00e9rapie permet de se rendre compte de toute la subjectivit\u00e9 des regards mais aussi de l\u2019\u00e9troite d\u00e9pendance que ceux-ci entretiennent avec les modes sociales et culturelles en cours.<br>Si le regard met en lumi\u00e8re l\u2019histoire personnelle du spectateur de l\u2019image, ses empathies, ses d\u00e9sirs comme ses refus, on ne peut que souligner aussi combien les mentalit\u00e9s \u00e9voluent et, conjointement, les fa\u00e7ons d\u2019appr\u00e9hender l\u2019image, de les aimer ou de les rejeter.<br>Parmi les m\u00e9dias qui nous sont propos\u00e9s, la photographie, par ses caract\u00e9ristiques propres, est sans doute bien plac\u00e9e pour une \u00e9tude des regards qu\u2019ils soient individuels ou collectifs.<br>Mon objet serait ici de mettre en rapport l\u2019\u00e9volution de la photographie (c\u2019est-\u00e0-dire son histoire) et la vision que l\u2019on a du monde avec ses r\u00e9alit\u00e9s qui seraient toujours \u00e0 repenser en fonction du regard qu\u2019on lui porte .<br>Le regard photographique pourrait alors montrer que par ses m\u00e9tamorphoses, il arrive \u00e0 nous donner une id\u00e9e de la fugacit\u00e9, de l\u2019impermanence et de la vuln\u00e9rabilit\u00e9 de notre pens\u00e9e ; reflet ou origine de notre regard.<br>Dans ce cas, l\u2019instantan\u00e9 photographique ne serait pas seulement le produit de la technique mais l\u2019image \u00e0 proprement parler de notre perception des choses , toujours en mouvement, dont le m\u00e9dium essaierait vainement d\u2019en saisir des traces afin que l\u2019esprit puisse s\u2019y reposer ne serait-ce qu\u2019un instant.<\/p>\n\n\n\n<p class=\"has-text-color has-link-color wp-elements-0c5dd61414d2cb4c88e3596780dedeb0\" style=\"color:#2753a5\"><strong><em>Pour lire le texte complet <a href=\"\/index.php\/options-dinscription\/\"><mark style=\"background-color:rgba(0, 0, 0, 0)\" class=\"has-inline-color has-vivid-cyan-blue-color\">s&rsquo;inscrire<\/mark><\/a> ou <a href=\"\/index.php\/my-account\/edit-account\/\"><mark style=\"background-color:rgba(0, 0, 0, 0)\" class=\"has-inline-color has-vivid-cyan-blue-color\">se connecter<\/mark><\/a><\/em><\/strong><\/p>\n\n\n\n\n\n<div style=\"height:100px\" aria-hidden=\"true\" class=\"wp-block-spacer\"><\/div>\n\n\n\n<div class=\"wp-block-buttons is-content-justification-center is-layout-flex wp-container-core-buttons-is-layout-a89b3969 wp-block-buttons-is-layout-flex\">\n<div class=\"wp-block-button has-custom-font-size has-small-font-size\"><a class=\"wp-block-button__link has-vivid-red-background-color has-background wp-element-button\" href=\"\/index.php\/2025\/01\/21\/regards\/\" target=\"_blank\" rel=\"noreferrer noopener\">&lt;&#8211; retour<\/a><\/div>\n<\/div>\n<\/div>\n\n\n\n<div class=\"wp-block-column is-layout-flow wp-block-column-is-layout-flow\" style=\"flex-basis:33.33%\">\n<figure class=\"wp-block-table\"><table class=\"has-background\" style=\"background-color:#f8f2f2\"><thead><tr><th><mark class=\"has-inline-color has-vivid-red-color\" style=\"background-color: rgba(0, 0, 0, 0);\"><strong>Auteur<\/strong><\/mark><\/th><\/tr><\/thead><tbody><tr><td><strong>Gilles Perriot<\/strong><\/td><\/tr><\/tbody><\/table><\/figure>\n\n\n\n<figure class=\"wp-block-table\"><table><thead><tr><th><mark class=\"has-inline-color has-vivid-red-color\" style=\"background-color: rgba(0, 0, 0, 0);\"><strong>R\u00e9f\u00e9rence<\/strong><\/mark><\/th><\/tr><\/thead><tbody><tr><td><strong>RA004-20<\/strong><br><strong>Regards<\/strong><br>Journ\u00e9es d&rsquo;Automne 2013<\/td><\/tr><\/tbody><\/table><\/figure>\n\n\n\n<figure class=\"wp-block-table\"><table><thead><tr><th><mark class=\"has-inline-color has-vivid-red-color\" style=\"background-color: rgba(0, 0, 0, 0);\"><strong>Cat\u00e9gories<\/strong><\/mark><\/th><\/tr><\/thead><tbody><tr><td>Esth\u00e9tique<br>Art-th\u00e9rapie<br>Photographie<br>Dispositif de m\u00e9diation<\/td><\/tr><\/tbody><\/table><\/figure>\n<\/div>\n<\/div>\n","protected":false},"excerpt":{"rendered":"<p>L\u2019emploi de la photographie comme support d\u2019une psychoth\u00e9rapie permet de se rendre compte de toute la subjectivit\u00e9 des regards mais aussi de l\u2019\u00e9troite d\u00e9pendance que ceux-ci entretiennent avec les modes sociales et culturelles en cours.Si le regard met en lumi\u00e8re l\u2019histoire personnelle du spectateur de l\u2019image, ses empathies, ses d\u00e9sirs&hellip;<\/p>\n","protected":false},"author":2,"featured_media":0,"comment_status":"closed","ping_status":"open","sticky":false,"template":"","format":"standard","meta":{"pmpro_default_level":"","ngg_post_thumbnail":0,"footnotes":""},"categories":[224],"tags":[492,505,491,514,729,704],"class_list":["post-3451","post","type-post","status-publish","format-standard","hentry","category-perriot-gilles","tag-art-therapie","tag-dispositif-de-mediation","tag-esthetique","tag-photographie","tag-ra004-20","tag-regards","pmpro-has-access"],"_links":{"self":[{"href":"https:\/\/bibliotheque-sfpe-at.com\/index.php\/wp-json\/wp\/v2\/posts\/3451","targetHints":{"allow":["GET"]}}],"collection":[{"href":"https:\/\/bibliotheque-sfpe-at.com\/index.php\/wp-json\/wp\/v2\/posts"}],"about":[{"href":"https:\/\/bibliotheque-sfpe-at.com\/index.php\/wp-json\/wp\/v2\/types\/post"}],"author":[{"embeddable":true,"href":"https:\/\/bibliotheque-sfpe-at.com\/index.php\/wp-json\/wp\/v2\/users\/2"}],"replies":[{"embeddable":true,"href":"https:\/\/bibliotheque-sfpe-at.com\/index.php\/wp-json\/wp\/v2\/comments?post=3451"}],"version-history":[{"count":2,"href":"https:\/\/bibliotheque-sfpe-at.com\/index.php\/wp-json\/wp\/v2\/posts\/3451\/revisions"}],"predecessor-version":[{"id":4400,"href":"https:\/\/bibliotheque-sfpe-at.com\/index.php\/wp-json\/wp\/v2\/posts\/3451\/revisions\/4400"}],"wp:attachment":[{"href":"https:\/\/bibliotheque-sfpe-at.com\/index.php\/wp-json\/wp\/v2\/media?parent=3451"}],"wp:term":[{"taxonomy":"category","embeddable":true,"href":"https:\/\/bibliotheque-sfpe-at.com\/index.php\/wp-json\/wp\/v2\/categories?post=3451"},{"taxonomy":"post_tag","embeddable":true,"href":"https:\/\/bibliotheque-sfpe-at.com\/index.php\/wp-json\/wp\/v2\/tags?post=3451"}],"curies":[{"name":"wp","href":"https:\/\/api.w.org\/{rel}","templated":true}]}}