{"id":3457,"date":"2025-01-21T19:17:34","date_gmt":"2025-01-21T18:17:34","guid":{"rendered":"https:\/\/sfpe-at.com\/?p=3457"},"modified":"2025-03-19T14:24:20","modified_gmt":"2025-03-19T13:24:20","slug":"lemotion-esthetique-comme-voie-therapeutique-regard-sur-le-lien-par-la-mediation-plastique","status":"publish","type":"post","link":"https:\/\/bibliotheque-sfpe-at.com\/index.php\/2025\/01\/21\/lemotion-esthetique-comme-voie-therapeutique-regard-sur-le-lien-par-la-mediation-plastique\/","title":{"rendered":"L\u2019\u00e9motion esth\u00e9tique comme voie th\u00e9rapeutique : regard sur le lien par la m\u00e9diation plastique"},"content":{"rendered":"\n<p><\/p>\n\n\n\n<div class=\"wp-block-columns is-layout-flex wp-container-core-columns-is-layout-28f84493 wp-block-columns-is-layout-flex\">\n<div class=\"wp-block-column is-layout-flow wp-block-column-is-layout-flow\" style=\"flex-basis:66.66%\">\n<p>Mon intervention a pour objet de pr\u00e9senter la pertinence de l\u2019approche art- th\u00e9rapeutique par le lien transf\u00e9rentiel que g\u00e9n\u00e8re l\u2019\u00e9motion esth\u00e9tique entre le sujet, le medium et l\u2019art-th\u00e9rapeute. Mais qu\u2019est-ce que l\u2019\u00e9motion esth\u00e9tique et quand et comment se manifeste-t-elle?<br>\u00c0 travers une r\u00e9f\u00e9rence au livre d\u2019Annie Franck (2007), Beaut\u00e9s et transferts, qui est entr\u00e9 en r\u00e9sonance avec mon exp\u00e9rience de l\u2019\u00e9motion esth\u00e9tique en atelier d\u2019Art-th\u00e9rapie, je propose de d\u00e9finir ce surgissement particulier \u00e0 la situation de cr\u00e9ation, o\u00f9 deux regards, celui de l\u2019art-th\u00e9-rapeute, et celui du sujet, se rencontrent \u00e0 la naissance de la forme sur l\u2019espace de la feuille. Ce ph\u00e9nom\u00e8ne particulier se situe au c\u0153ur du lien entre les v\u00e9cus esth\u00e9tiques et \u00e9motionnels de chacun d\u2019eux, et fait \u00e9cho \u00e0 leur histoire.<br>Nous parcourrons les th\u00e9ories de Guy Lavall\u00e9e, sur \u00abl\u2019enveloppe visuelle du Moi\u00bb, inspir\u00e9e du \u00abMoi-Peau\u00bb de Didier Anzieu, de Freud \u00e0 propos de la \u00ab pulsion scopique \u00bb, mais aussi de Green, de Lacan, de Winnicott, de Dolto sur le stade du miroir dans le d\u00e9veloppement de l\u2019enfant. Elles nous am\u00e8neront \u00e0 mettre en lien pulsion scopique, regard en miroir et regard esth\u00e9tique, dont il m\u2019est apparu dans la pratique clinique, que l\u2019\u00e9motion esth\u00e9tique repr\u00e9sentait une synth\u00e8se. Cette approche ouvre tout le champ des possibles quant \u00e0 la prise en charge, en art-th\u00e9rapie, des sujets ayant subi des carences dans leur petite enfance.<br>Pour illustrer mon propos, je pr\u00e9senterai quelques extraits de situations cliniques aupr\u00e8s d\u2019adolescents en ateliers d\u2019art-th\u00e9rapie. Nous verrons comment ils ont pu \u00e9laborer, sur l\u2019espace-miroir de la feuille, leur image du corps jusqu\u2019\u00e0 leur corps pulsionnel, de fa\u00e7on indirecte, sublim\u00e9e, sous le regard-miroir de l\u2019art-th\u00e9rapeute.<\/p>\n\n\n\n<p class=\"has-text-color has-link-color wp-elements-0c5dd61414d2cb4c88e3596780dedeb0\" style=\"color:#2753a5\"><strong><em>Pour lire le texte complet <a href=\"\/index.php\/options-dinscription\/\"><mark style=\"background-color:rgba(0, 0, 0, 0)\" class=\"has-inline-color has-vivid-cyan-blue-color\">s&rsquo;inscrire<\/mark><\/a> ou <a href=\"\/index.php\/my-account\/edit-account\/\"><mark style=\"background-color:rgba(0, 0, 0, 0)\" class=\"has-inline-color has-vivid-cyan-blue-color\">se connecter<\/mark><\/a><\/em><\/strong><\/p>\n\n\n\n\n\n<div style=\"height:100px\" aria-hidden=\"true\" class=\"wp-block-spacer\"><\/div>\n\n\n\n<div class=\"wp-block-buttons is-content-justification-center is-layout-flex wp-container-core-buttons-is-layout-a89b3969 wp-block-buttons-is-layout-flex\">\n<div class=\"wp-block-button has-custom-font-size has-small-font-size\"><a class=\"wp-block-button__link has-vivid-red-background-color has-background wp-element-button\" href=\"\/index.php\/2025\/01\/21\/regards\/\" target=\"_blank\" rel=\"noreferrer noopener\">&lt;&#8211; retour<\/a><\/div>\n<\/div>\n<\/div>\n\n\n\n<div class=\"wp-block-column is-layout-flow wp-block-column-is-layout-flow\" style=\"flex-basis:33.33%\">\n<figure class=\"wp-block-table\"><table class=\"has-background\" style=\"background-color:#f8f2f2\"><thead><tr><th><mark class=\"has-inline-color has-vivid-red-color\" style=\"background-color: rgba(0, 0, 0, 0);\"><strong>Auteur<\/strong><\/mark><\/th><\/tr><\/thead><tbody><tr><td><strong>G\u00e9raldine Canet<\/strong><\/td><\/tr><\/tbody><\/table><\/figure>\n\n\n\n<figure class=\"wp-block-table\"><table><thead><tr><th><mark class=\"has-inline-color has-vivid-red-color\" style=\"background-color: rgba(0, 0, 0, 0);\"><strong>R\u00e9f\u00e9rence<\/strong><\/mark><\/th><\/tr><\/thead><tbody><tr><td><strong>RA004-23<\/strong><br><strong>Regards<\/strong><br>Journ\u00e9es d&rsquo;Automne 2013<\/td><\/tr><\/tbody><\/table><\/figure>\n\n\n\n<figure class=\"wp-block-table\"><table><thead><tr><th><mark class=\"has-inline-color has-vivid-red-color\" style=\"background-color: rgba(0, 0, 0, 0);\"><strong>Cat\u00e9gories<\/strong><\/mark><\/th><\/tr><\/thead><tbody><tr><td>Art-th\u00e9rapie<\/td><\/tr><\/tbody><\/table><\/figure>\n<\/div>\n<\/div>\n","protected":false},"excerpt":{"rendered":"<p>Mon intervention a pour objet de pr\u00e9senter la pertinence de l\u2019approche art- th\u00e9rapeutique par le lien transf\u00e9rentiel que g\u00e9n\u00e8re l\u2019\u00e9motion esth\u00e9tique entre le sujet, le medium et l\u2019art-th\u00e9rapeute. Mais qu\u2019est-ce que l\u2019\u00e9motion esth\u00e9tique et quand et comment se manifeste-t-elle?\u00c0 travers une r\u00e9f\u00e9rence au livre d\u2019Annie Franck (2007), Beaut\u00e9s et transferts,&hellip;<\/p>\n","protected":false},"author":2,"featured_media":0,"comment_status":"closed","ping_status":"open","sticky":false,"template":"","format":"standard","meta":{"pmpro_default_level":"","ngg_post_thumbnail":0,"footnotes":""},"categories":[153],"tags":[492,732,704],"class_list":["post-3457","post","type-post","status-publish","format-standard","hentry","category-canet-geraldine","tag-art-therapie","tag-ra004-23","tag-regards","pmpro-has-access"],"_links":{"self":[{"href":"https:\/\/bibliotheque-sfpe-at.com\/index.php\/wp-json\/wp\/v2\/posts\/3457","targetHints":{"allow":["GET"]}}],"collection":[{"href":"https:\/\/bibliotheque-sfpe-at.com\/index.php\/wp-json\/wp\/v2\/posts"}],"about":[{"href":"https:\/\/bibliotheque-sfpe-at.com\/index.php\/wp-json\/wp\/v2\/types\/post"}],"author":[{"embeddable":true,"href":"https:\/\/bibliotheque-sfpe-at.com\/index.php\/wp-json\/wp\/v2\/users\/2"}],"replies":[{"embeddable":true,"href":"https:\/\/bibliotheque-sfpe-at.com\/index.php\/wp-json\/wp\/v2\/comments?post=3457"}],"version-history":[{"count":2,"href":"https:\/\/bibliotheque-sfpe-at.com\/index.php\/wp-json\/wp\/v2\/posts\/3457\/revisions"}],"predecessor-version":[{"id":4403,"href":"https:\/\/bibliotheque-sfpe-at.com\/index.php\/wp-json\/wp\/v2\/posts\/3457\/revisions\/4403"}],"wp:attachment":[{"href":"https:\/\/bibliotheque-sfpe-at.com\/index.php\/wp-json\/wp\/v2\/media?parent=3457"}],"wp:term":[{"taxonomy":"category","embeddable":true,"href":"https:\/\/bibliotheque-sfpe-at.com\/index.php\/wp-json\/wp\/v2\/categories?post=3457"},{"taxonomy":"post_tag","embeddable":true,"href":"https:\/\/bibliotheque-sfpe-at.com\/index.php\/wp-json\/wp\/v2\/tags?post=3457"}],"curies":[{"name":"wp","href":"https:\/\/api.w.org\/{rel}","templated":true}]}}