{"id":3459,"date":"2025-01-21T19:20:05","date_gmt":"2025-01-21T18:20:05","guid":{"rendered":"https:\/\/sfpe-at.com\/?p=3459"},"modified":"2025-03-19T14:25:16","modified_gmt":"2025-03-19T13:25:16","slug":"lart-therapeute-en-regards-projection-refraction-et-diffraction","status":"publish","type":"post","link":"https:\/\/bibliotheque-sfpe-at.com\/index.php\/2025\/01\/21\/lart-therapeute-en-regards-projection-refraction-et-diffraction\/","title":{"rendered":"L\u2019art-th\u00e9rapeute en regards : projection, r\u00e9fraction et diffraction"},"content":{"rendered":"\n<p><\/p>\n\n\n\n<div class=\"wp-block-columns is-layout-flex wp-container-core-columns-is-layout-28f84493 wp-block-columns-is-layout-flex\">\n<div class=\"wp-block-column is-layout-flow wp-block-column-is-layout-flow\" style=\"flex-basis:66.66%\">\n<p>Mais qui regarde qui en art-th\u00e9rapie? Et pourquoi, et comment?<br>Dans ces formes de travail cherchant le juste milieu entre une relative objectivit\u00e9 des sciences humaines (m\u00e9dicale, philosophique, sociologique, anthropologique\u2026) et l\u2019ineffable d\u2019un imaginaire artistique (singulier, psychopathologique, brut, outsider, cru\u2026) \u2014 examinons la circulation des regards \u00e0 l\u2019int\u00e9rieur et autour de l\u2019atelier d\u2019art-th\u00e9rapie.<br>Plus d\u2019une surprise nous attend car, projectif, r\u00e9fractaire, diffractif, le regard n\u2019en fait qu\u2019\u00e0 sa t\u00eate! Entre concepts et r\u00e9alit\u00e9s, ouvrons l\u2019\u0153il et chassons pr\u00e9jug\u00e9s et post-jug\u00e9s.<br>Nous avons l\u2019habitude, en tant que soignants, de poser nos regards sur ceux qui viennent nous rencontrer en demandant un soutien moral. Ce regard se doit d\u2019\u00eatre bienveillant, empathique, adapt\u00e9.<br>Nous avons aussi l\u2019habitude d\u2019\u00e9changer entre professionnels pour situer nos regards dans une coh\u00e9rence d\u2019ensemble.<br>Mais quel est le regard que ces personnes portent sur nous, soignants ?<br>Comment ces regards traversent-ils le prisme art-th\u00e9rapeutique, entre la fonction et la personne de l\u2019art-th\u00e9rapeute ? Celui-ci est un artiste et un th\u00e9rapeute, aussi un homme, une femme\u2026<br>Le portrait de l\u2019art-th\u00e9rapeute par le patient est-il aussi un autoportrait du regardant ou patient?<br>Et le portrait du patient par l\u2019art-th\u00e9rapeute est-il aussi un autoportrait?<br>Et l\u2019autoportrait du patient?<br>Et celui de l\u2019art-th\u00e9rapeute?<br>Et\u2026 ?<br>\u00c0 partir de quelques exemples issus d\u2019ateliers d\u2019art-th\u00e9rapie avec les arts plastiques et la marionnette, nous pouvons r\u00e9fl\u00e9chir autour des notions de projection, de r\u00e9fraction, de diffraction en th\u00e9rapie. Puisque nos regards sont des allers et retours entre le soi et le monde, une plong\u00e9e dans leur dynamique nous permet de vivre le mouvement perp\u00e9tuel\u2026<\/p>\n\n\n\n<p class=\"has-text-color has-link-color wp-elements-0c5dd61414d2cb4c88e3596780dedeb0\" style=\"color:#2753a5\"><strong><em>Pour lire le texte complet <a href=\"\/index.php\/options-dinscription\/\"><mark style=\"background-color:rgba(0, 0, 0, 0)\" class=\"has-inline-color has-vivid-cyan-blue-color\">s&rsquo;inscrire<\/mark><\/a> ou <a href=\"\/index.php\/my-account\/edit-account\/\"><mark style=\"background-color:rgba(0, 0, 0, 0)\" class=\"has-inline-color has-vivid-cyan-blue-color\">se connecter<\/mark><\/a><\/em><\/strong><\/p>\n\n\n\n\n\n<div style=\"height:100px\" aria-hidden=\"true\" class=\"wp-block-spacer\"><\/div>\n\n\n\n<div class=\"wp-block-buttons is-content-justification-center is-layout-flex wp-container-core-buttons-is-layout-a89b3969 wp-block-buttons-is-layout-flex\">\n<div class=\"wp-block-button has-custom-font-size has-small-font-size\"><a class=\"wp-block-button__link has-vivid-red-background-color has-background wp-element-button\" href=\"\/index.php\/2025\/01\/21\/regards\/\" target=\"_blank\" rel=\"noreferrer noopener\">&lt;&#8211; retour<\/a><\/div>\n<\/div>\n<\/div>\n\n\n\n<div class=\"wp-block-column is-layout-flow wp-block-column-is-layout-flow\" style=\"flex-basis:33.33%\">\n<figure class=\"wp-block-table\"><table class=\"has-background\" style=\"background-color:#f8f2f2\"><thead><tr><th><mark class=\"has-inline-color has-vivid-red-color\" style=\"background-color: rgba(0, 0, 0, 0);\"><strong>Auteur<\/strong><\/mark><\/th><\/tr><\/thead><tbody><tr><td><strong>Irina Katz-Mazilu<\/strong><\/td><\/tr><\/tbody><\/table><\/figure>\n\n\n\n<figure class=\"wp-block-table\"><table><thead><tr><th><mark class=\"has-inline-color has-vivid-red-color\" style=\"background-color: rgba(0, 0, 0, 0);\"><strong>R\u00e9f\u00e9rence<\/strong><\/mark><\/th><\/tr><\/thead><tbody><tr><td><strong>RA004-24<\/strong><br><strong>Regards<\/strong><br>Journ\u00e9es d&rsquo;Automne 2013<\/td><\/tr><\/tbody><\/table><\/figure>\n\n\n\n<figure class=\"wp-block-table\"><table><thead><tr><th><mark class=\"has-inline-color has-vivid-red-color\" style=\"background-color: rgba(0, 0, 0, 0);\"><strong>Cat\u00e9gories<\/strong><\/mark><\/th><\/tr><\/thead><tbody><tr><td>Art-th\u00e9rapie<\/td><\/tr><\/tbody><\/table><\/figure>\n<\/div>\n<\/div>\n","protected":false},"excerpt":{"rendered":"<p>Mais qui regarde qui en art-th\u00e9rapie? Et pourquoi, et comment?Dans ces formes de travail cherchant le juste milieu entre une relative objectivit\u00e9 des sciences humaines (m\u00e9dicale, philosophique, sociologique, anthropologique\u2026) et l\u2019ineffable d\u2019un imaginaire artistique (singulier, psychopathologique, brut, outsider, cru\u2026) \u2014 examinons la circulation des regards \u00e0 l\u2019int\u00e9rieur et autour de&hellip;<\/p>\n","protected":false},"author":2,"featured_media":0,"comment_status":"closed","ping_status":"open","sticky":false,"template":"","format":"standard","meta":{"pmpro_default_level":"","ngg_post_thumbnail":0,"footnotes":""},"categories":[81],"tags":[492,733,704],"class_list":["post-3459","post","type-post","status-publish","format-standard","hentry","category-katz-mazilu-irina","tag-art-therapie","tag-ra004-24","tag-regards","pmpro-has-access"],"_links":{"self":[{"href":"https:\/\/bibliotheque-sfpe-at.com\/index.php\/wp-json\/wp\/v2\/posts\/3459","targetHints":{"allow":["GET"]}}],"collection":[{"href":"https:\/\/bibliotheque-sfpe-at.com\/index.php\/wp-json\/wp\/v2\/posts"}],"about":[{"href":"https:\/\/bibliotheque-sfpe-at.com\/index.php\/wp-json\/wp\/v2\/types\/post"}],"author":[{"embeddable":true,"href":"https:\/\/bibliotheque-sfpe-at.com\/index.php\/wp-json\/wp\/v2\/users\/2"}],"replies":[{"embeddable":true,"href":"https:\/\/bibliotheque-sfpe-at.com\/index.php\/wp-json\/wp\/v2\/comments?post=3459"}],"version-history":[{"count":2,"href":"https:\/\/bibliotheque-sfpe-at.com\/index.php\/wp-json\/wp\/v2\/posts\/3459\/revisions"}],"predecessor-version":[{"id":4404,"href":"https:\/\/bibliotheque-sfpe-at.com\/index.php\/wp-json\/wp\/v2\/posts\/3459\/revisions\/4404"}],"wp:attachment":[{"href":"https:\/\/bibliotheque-sfpe-at.com\/index.php\/wp-json\/wp\/v2\/media?parent=3459"}],"wp:term":[{"taxonomy":"category","embeddable":true,"href":"https:\/\/bibliotheque-sfpe-at.com\/index.php\/wp-json\/wp\/v2\/categories?post=3459"},{"taxonomy":"post_tag","embeddable":true,"href":"https:\/\/bibliotheque-sfpe-at.com\/index.php\/wp-json\/wp\/v2\/tags?post=3459"}],"curies":[{"name":"wp","href":"https:\/\/api.w.org\/{rel}","templated":true}]}}