{"id":3465,"date":"2016-01-08T20:17:01","date_gmt":"2016-01-08T19:17:01","guid":{"rendered":"https:\/\/sfpe-at.com\/?p=3465"},"modified":"2025-01-21T21:56:16","modified_gmt":"2025-01-21T20:56:16","slug":"mythes","status":"publish","type":"post","link":"https:\/\/bibliotheque-sfpe-at.com\/index.php\/2016\/01\/08\/mythes\/","title":{"rendered":"Mythes"},"content":{"rendered":"<div class=\"wp-block-image\">\n<figure class=\"alignright size-large is-resized\"><a href=\"https:\/\/bibliotheque-sfpe-at.com\/wp-content\/uploads\/2025\/01\/RA007-Mythes.jpg\"><img loading=\"lazy\" decoding=\"async\" width=\"724\" height=\"1024\" src=\"https:\/\/bibliotheque-sfpe-at.com\/wp-content\/uploads\/2025\/01\/RA007-Mythes-724x1024.jpg\" alt=\"\" class=\"wp-image-3466\" style=\"width:350px\" srcset=\"https:\/\/bibliotheque-sfpe-at.com\/wp-content\/uploads\/2025\/01\/RA007-Mythes-724x1024.jpg 724w, https:\/\/bibliotheque-sfpe-at.com\/wp-content\/uploads\/2025\/01\/RA007-Mythes-212x300.jpg 212w, https:\/\/bibliotheque-sfpe-at.com\/wp-content\/uploads\/2025\/01\/RA007-Mythes-768x1086.jpg 768w, https:\/\/bibliotheque-sfpe-at.com\/wp-content\/uploads\/2025\/01\/RA007-Mythes-241x340.jpg 241w, https:\/\/bibliotheque-sfpe-at.com\/wp-content\/uploads\/2025\/01\/RA007-Mythes-425x600.jpg 425w, https:\/\/bibliotheque-sfpe-at.com\/wp-content\/uploads\/2025\/01\/RA007-Mythes-600x848.jpg 600w, https:\/\/bibliotheque-sfpe-at.com\/wp-content\/uploads\/2025\/01\/RA007-Mythes.jpg 849w\" sizes=\"auto, (max-width: 724px) 100vw, 724px\" \/><\/a><\/figure>\n<\/div>\n\n\n<p><\/p>\n\n\n\n<p>Cosmogonie, th\u00e9ogonie, anthropogonie, autant de mythes pour cerner diff\u00e9rents lieux et temps d\u2019origine. Nous tenterons de voir ce qui se cache sous ces termes, \u00e0 la fois des choses identiques dans leur structure et des choses diff\u00e9rentes dans leur signification.<br>On peut en effet facilement rassembler les grands mythes fondateurs de l\u2019humanit\u00e9, qu&rsquo;ils soient grecs, nordiques, asiatiques, africains, mayas ou aborig\u00e8nes\u2026 diff\u00e9rents toutefois selon la culture et la religion de chaque contr\u00e9e.<br>Mais ces grands mythes ont-ils quelque chose en commun avec la \u00ab mythification \u00bb de diff\u00e9rentes personnalit\u00e9s civiles, militaires ou religieuses apr\u00e8s leur mort ? Et ces mythifications dat\u00e9es historiquement n\u2019ont-elles pas \u00e9t\u00e9 souvent l&rsquo;objet d\u2019un d\u00e9tournement ult\u00e9rieur, d\u2019une inversion satirique avoisinant la mystification?<br>Et que dire de l\u2019affabulation tendant \u00e0 devenir un mythe comme un essai d&rsquo;explication d\u2019un ph\u00e9nom\u00e8ne naturel incompr\u00e9hensible \u00e0 une \u00e9poque donn\u00e9e, ou encore l\u2019hypoth\u00e8se d\u00e9lirante de l\u2019origine d\u2019une r\u00e9alit\u00e9 ? Que penser \u00e9galement des mythes individuels, sc\u00e9narios de notre rapport actuel au monde ?<br>Nous tenterons de r\u00e9pondre \u00e0 ces diff\u00e9rentes questions en rencontrant, au passage, la repr\u00e9sentation de ces mythes dans tous les arts et leur utilisation dans les th\u00e9rapies m\u00e9diatis\u00e9es.<\/p>\n\n\n\n<p><\/p>\n\n\n<div class='pt-cv-wrapper'> <div class=\"pt-cv-view pt-cv-blockgrid iscvblock iscvreal grid1 layout2 cveffect-zoomin\" id=\"pt-cv-view-3i0h7lt2\"><div data-id=\"pt-cv-page-1\" class=\"pt-cv-page\" data-cvc=\"4\"><div class=\" pt-cv-content-item pt-cv-1-col\" ><div class=\"pt-cv-taxoterm above_title\"><a href='https:\/\/bibliotheque-sfpe-at.com\/index.php\/category\/auteurs\/catonne-jean-philippe\/' title='Catonn\u00e9 Jean-Philippe' class='pt-cv-tax-catonne-jean-philippe'>Catonn\u00e9 Jean-Philippe<\/a><\/div>\n<h4 class=\"pt-cv-title\"><a href=\"https:\/\/bibliotheque-sfpe-at.com\/index.php\/2025\/01\/21\/definition-et-illustration\/\" class=\"_self\" target=\"_self\" >D\u00e9finition et illustration<\/a><\/h4>\n<div class=\"pt-cv-content\">Nous pensons tous avoir une connaissance du mythe. Encore faudrait-il la pr\u00e9ciser ! Comment proc\u00e9der pour cerner au mieux la notion ? R\u00e9flexe : d\u2019embl\u00e9e nous nous tournonsvers l\u2019\u00e9tymologie. Que dit-elle ? Le mythe traduit le grec \u03bc\u1fe6\u03b8\u03bf\u03c2. Maisencore ? On apprend que ce terme &#8230;<\/div>\n<div class=\"pt-cv-rmwrap\"><a href=\"https:\/\/bibliotheque-sfpe-at.com\/index.php\/2025\/01\/21\/definition-et-illustration\/\" class=\"_self pt-cv-readmore btn btn-success\" target=\"_self\" >Lire La Suite\u2026<\/a><\/div><\/div>\n<div class=\" pt-cv-content-item pt-cv-1-col\" ><div class=\"pt-cv-taxoterm above_title\"><a href='https:\/\/bibliotheque-sfpe-at.com\/index.php\/category\/auteurs\/vasseur-alain\/' title='Vasseur Alain' class='pt-cv-tax-vasseur-alain'>Vasseur Alain<\/a><\/div>\n<h4 class=\"pt-cv-title\"><a href=\"https:\/\/bibliotheque-sfpe-at.com\/index.php\/2025\/01\/21\/la-quete-et-leveil-de-la-perception-par-lart-et-la-creationau-travers-du-prisme-du-mythe\/\" class=\"_self\" target=\"_self\" >La qu\u00eate et l\u2019\u00e9veil de la perception par l\u2019art et la cr\u00e9ation\u2026au travers du prisme du mythe<\/a><\/h4>\n<div class=\"pt-cv-content\">Les mythes traitent souvent des questions se posant dans la soci\u00e9t\u00e9 qui les v\u00e9hicule. Ils ont un lien direct avec la structure religieuse et sociale du peuple. Ils mettent en lumi\u00e8re une qu\u00eate, ou, plus directement, la qu\u00eate d\u2019un h\u00e9ros que l&rsquo;on pourrait qualifier de &#8230;<\/div>\n<div class=\"pt-cv-rmwrap\"><a href=\"https:\/\/bibliotheque-sfpe-at.com\/index.php\/2025\/01\/21\/la-quete-et-leveil-de-la-perception-par-lart-et-la-creationau-travers-du-prisme-du-mythe\/\" class=\"_self pt-cv-readmore btn btn-success\" target=\"_self\" >Lire La Suite\u2026<\/a><\/div><\/div>\n<div class=\" pt-cv-content-item pt-cv-1-col\" ><div class=\"pt-cv-taxoterm above_title\"><a href='https:\/\/bibliotheque-sfpe-at.com\/index.php\/category\/auteurs\/granier-francois\/' title='Granier Fran\u00e7ois' class='pt-cv-tax-granier-francois'>Granier Fran\u00e7ois<\/a><\/div>\n<h4 class=\"pt-cv-title\"><a href=\"https:\/\/bibliotheque-sfpe-at.com\/index.php\/2025\/01\/21\/le-mythe-pinel\/\" class=\"_self\" target=\"_self\" >Le mythe Pinel<\/a><\/h4>\n<div class=\"pt-cv-content\">Le \u00ab Mythe \u00bb Pinel est un de ces rares exemples o\u00f9 l&rsquo;on peut assister \u00e0 la fabrication naissante d&rsquo;un mythe. Et ce tant avec la documentation historique de sa biographie qu\u2019avec la connaissance de l&rsquo;imaginaire du moment.Comment donc a \u00e9t\u00e9 construit ce mythe ? &#8230;<\/div>\n<div class=\"pt-cv-rmwrap\"><a href=\"https:\/\/bibliotheque-sfpe-at.com\/index.php\/2025\/01\/21\/le-mythe-pinel\/\" class=\"_self pt-cv-readmore btn btn-success\" target=\"_self\" >Lire La Suite\u2026<\/a><\/div><\/div>\n<div class=\" pt-cv-content-item pt-cv-1-col\" ><div class=\"pt-cv-taxoterm above_title\"><a href='https:\/\/bibliotheque-sfpe-at.com\/index.php\/category\/auteurs\/lambert-jean-francois\/' title='Lambert Jean-Fran\u00e7ois' class='pt-cv-tax-lambert-jean-francois'>Lambert Jean-Fran\u00e7ois<\/a><\/div>\n<h4 class=\"pt-cv-title\"><a href=\"https:\/\/bibliotheque-sfpe-at.com\/index.php\/2025\/01\/21\/imagerie-cerebrale-et-neurophysiologie\/\" class=\"_self\" target=\"_self\" >Imagerie c\u00e9r\u00e9brale et neurophysiologie<\/a><\/h4>\n<div class=\"pt-cv-content\">Les avanc\u00e9es spectaculaires de l&rsquo;imagerie c\u00e9r\u00e9brale ont conduit \u00e0 reconsid\u00e9rer profond\u00e9ment le statut du cerveau dans la mani\u00e8re de concevoir la personne humaine et ses productions.On assiste ainsi, depuis quelques ann\u00e9es, \u00e0 une prolif\u00e9ration de sous-disciplines pr\u00e9tendant rendre compte de nos comportements et de notre &#8230;<\/div>\n<div class=\"pt-cv-rmwrap\"><a href=\"https:\/\/bibliotheque-sfpe-at.com\/index.php\/2025\/01\/21\/imagerie-cerebrale-et-neurophysiologie\/\" class=\"_self pt-cv-readmore btn btn-success\" target=\"_self\" >Lire La Suite\u2026<\/a><\/div><\/div>\n<div class=\" pt-cv-content-item pt-cv-1-col\" ><div class=\"pt-cv-taxoterm above_title\"><a href='https:\/\/bibliotheque-sfpe-at.com\/index.php\/category\/auteurs\/catonne-jean-philippe\/' title='Catonn\u00e9 Jean-Philippe' class='pt-cv-tax-catonne-jean-philippe'>Catonn\u00e9 Jean-Philippe<\/a><\/div>\n<h4 class=\"pt-cv-title\"><a href=\"https:\/\/bibliotheque-sfpe-at.com\/index.php\/2025\/01\/21\/platon-le-mythe-et-lamour\/\" class=\"_self\" target=\"_self\" >Platon, le mythe et l\u2019amour<\/a><\/h4>\n<div class=\"pt-cv-content\">Les humanit\u00e9s classiques nous mettent en pr\u00e9sence de mythes. Ces r\u00e9cits fondateurs d\u00e9notent un niveau \u00e9lev\u00e9 de civilisation, aussi bien pour I&rsquo;Inde que la Chine, l\u2019\u00c9gypte ou la Perse. Cela vaut pour la Gr\u00e8ce. Quelle serait notre vision du monde grec sans les mythes expos\u00e9s &#8230;<\/div>\n<div class=\"pt-cv-rmwrap\"><a href=\"https:\/\/bibliotheque-sfpe-at.com\/index.php\/2025\/01\/21\/platon-le-mythe-et-lamour\/\" class=\"_self pt-cv-readmore btn btn-success\" target=\"_self\" >Lire La Suite\u2026<\/a><\/div><\/div>\n<div class=\" pt-cv-content-item pt-cv-1-col\" ><div class=\"pt-cv-taxoterm above_title\"><a href='https:\/\/bibliotheque-sfpe-at.com\/index.php\/category\/auteurs\/morin-bompart-michelle\/' title='Morin-Bompart Michelle' class='pt-cv-tax-morin-bompart-michelle'>Morin-Bompart Michelle<\/a><\/div>\n<h4 class=\"pt-cv-title\"><a href=\"https:\/\/bibliotheque-sfpe-at.com\/index.php\/2025\/01\/21\/le-mythe-de-don-juan\/\" class=\"_self\" target=\"_self\" >Le mythe de Don Juan<\/a><\/h4>\n<div class=\"pt-cv-content\">Au XVIIe si\u00e8cle, le libertin d\u00e9signait un esprit libre vis-\u00e0-vis de la religion chr\u00e9tienne. Il est devenu \u00ab celui qui est d\u00e9r\u00e9gl\u00e9 dans ses m\u0153urs, dans sa conduite; et s\u2019adonne sans retenue, sans pudeur, aux plaisirs de la chair \u00bb (Robert).Ce personnage \u00e0 la sexualit\u00e9 &#8230;<\/div>\n<div class=\"pt-cv-rmwrap\"><a href=\"https:\/\/bibliotheque-sfpe-at.com\/index.php\/2025\/01\/21\/le-mythe-de-don-juan\/\" class=\"_self pt-cv-readmore btn btn-success\" target=\"_self\" >Lire La Suite\u2026<\/a><\/div><\/div>\n<div class=\" pt-cv-content-item pt-cv-1-col\" ><div class=\"pt-cv-taxoterm above_title\"><a href='https:\/\/bibliotheque-sfpe-at.com\/index.php\/category\/auteurs\/boyer-labrouche-annie\/' title='Boyer-Labrouche Annie' class='pt-cv-tax-boyer-labrouche-annie'>Boyer-Labrouche Annie<\/a><\/div>\n<h4 class=\"pt-cv-title\"><a href=\"https:\/\/bibliotheque-sfpe-at.com\/index.php\/2025\/01\/21\/casanova-un-mystificateur\/\" class=\"_self\" target=\"_self\" >Casanova, un mystificateur ?<\/a><\/h4>\n<div class=\"pt-cv-content\">Les mythes doivent-ils \u00eatre consid\u00e9r\u00e9s comme des cr\u00e9ations purement humaines ou r\u00e9v\u00e8lent-ils objectivement la face cach\u00e9e de la nature ?Giacomo Casanova, l&rsquo;homme, n&rsquo;est s\u00fbrement pas un mythe, mais en mettant \u00e0 nu, dans les M\u00e9moires, sa face cach\u00e9e \u2014 dont il se r\u00e9jouit et qu&rsquo;il &#8230;<\/div>\n<div class=\"pt-cv-rmwrap\"><a href=\"https:\/\/bibliotheque-sfpe-at.com\/index.php\/2025\/01\/21\/casanova-un-mystificateur\/\" class=\"_self pt-cv-readmore btn btn-success\" target=\"_self\" >Lire La Suite\u2026<\/a><\/div><\/div>\n<div class=\" pt-cv-content-item pt-cv-1-col\" ><div class=\"pt-cv-taxoterm above_title\"><a href='https:\/\/bibliotheque-sfpe-at.com\/index.php\/category\/auteurs\/pierlot-pascal\/' title='Pierlot Pascal' class='pt-cv-tax-pierlot-pascal'>Pierlot Pascal<\/a><\/div>\n<h4 class=\"pt-cv-title\"><a href=\"https:\/\/bibliotheque-sfpe-at.com\/index.php\/2025\/01\/21\/interpretations-romantiques-et-freudiennes-du-mythe-de-faust\/\" class=\"_self\" target=\"_self\" >Interpr\u00e9tations romantiques et freudiennes du mythe de Faust<\/a><\/h4>\n<div class=\"pt-cv-content\">Personnage historique dont l&rsquo;existence a \u00e9t\u00e9 t\u00e9moign\u00e9e en Allemagne entre 1480 et 1540, le premier texte, ouvrant la l\u00e9gende, est celui d\u2019un r\u00e9cit populaire \u00e0 interpr\u00e9tation th\u00e9ologique ou Volksbuch, le Faustbuch de Spiess \u00e0 Frankfurt en 1587 sous le titre Histoire du Dr Johann Faust, &#8230;<\/div>\n<div class=\"pt-cv-rmwrap\"><a href=\"https:\/\/bibliotheque-sfpe-at.com\/index.php\/2025\/01\/21\/interpretations-romantiques-et-freudiennes-du-mythe-de-faust\/\" class=\"_self pt-cv-readmore btn btn-success\" target=\"_self\" >Lire La Suite\u2026<\/a><\/div><\/div>\n<div class=\" pt-cv-content-item pt-cv-1-col\" ><div class=\"pt-cv-taxoterm above_title\"><a href='https:\/\/bibliotheque-sfpe-at.com\/index.php\/category\/auteurs\/reillanne-ghislaine\/' title='Reillanne Ghislaine' class='pt-cv-tax-reillanne-ghislaine'>Reillanne Ghislaine<\/a><\/div>\n<h4 class=\"pt-cv-title\"><a href=\"https:\/\/bibliotheque-sfpe-at.com\/index.php\/2025\/01\/21\/de-fil-en-aiguilleles-metamorphoses-darachne\/\" class=\"_self\" target=\"_self\" >De fil en aiguille\u2026les m\u00e9tamorphoses d\u2019Arachn\u00e9<\/a><\/h4>\n<div class=\"pt-cv-content\">C&rsquo;est pour avoir os\u00e9 d\u00e9fier la d\u00e9esse Ath\u00e9na dans son art du tissage que la jeune tisserande Arachn\u00e9fut punie et se retrouva transform\u00e9e en araign\u00e9e. Sa toile, d&rsquo;une finesse incomparable, tiss\u00e9e m\u00e9ticuleusement fil \u00e0 fil, lui valut ainsi de devenir la patronne de la cr\u00e9ation &#8230;<\/div>\n<div class=\"pt-cv-rmwrap\"><a href=\"https:\/\/bibliotheque-sfpe-at.com\/index.php\/2025\/01\/21\/de-fil-en-aiguilleles-metamorphoses-darachne\/\" class=\"_self pt-cv-readmore btn btn-success\" target=\"_self\" >Lire La Suite\u2026<\/a><\/div><\/div>\n<div class=\" pt-cv-content-item pt-cv-1-col\" ><div class=\"pt-cv-taxoterm above_title\"><a href='https:\/\/bibliotheque-sfpe-at.com\/index.php\/category\/auteurs\/deschamps-valerie\/' title='Deschamps Val\u00e9rie' class='pt-cv-tax-deschamps-valerie'>Deschamps Val\u00e9rie<\/a><\/div>\n<h4 class=\"pt-cv-title\"><a href=\"https:\/\/bibliotheque-sfpe-at.com\/index.php\/2025\/01\/21\/du-mythe-de-baubo-a-gustave-courbet-mythes-mystere-et-erotisme\/\" class=\"_self\" target=\"_self\" >Du mythe de Baubo \u00e0 Gustave Courbet : mythes, myst\u00e8re et \u00e9rotisme<\/a><\/h4>\n<div class=\"pt-cv-content\">Lorsque D\u00e9m\u00e9ter porte le deuil sans fin de sa fille Pers\u00e9phone, seule Baubo, par un geste d&rsquo;exhibition sexuelle, parvient \u00e0 la faire rire et \u00e0 reprendre go\u00fbt \u00e0 la vie.Georges Devereux questionne ce sujet de la monstration du sexe f\u00e9minin et y associe l\u2019\u00e9nigme des &#8230;<\/div>\n<div class=\"pt-cv-rmwrap\"><a href=\"https:\/\/bibliotheque-sfpe-at.com\/index.php\/2025\/01\/21\/du-mythe-de-baubo-a-gustave-courbet-mythes-mystere-et-erotisme\/\" class=\"_self pt-cv-readmore btn btn-success\" target=\"_self\" >Lire La Suite\u2026<\/a><\/div><\/div>\n<div class=\" pt-cv-content-item pt-cv-1-col\" ><div class=\"pt-cv-taxoterm above_title\"><a href='https:\/\/bibliotheque-sfpe-at.com\/index.php\/category\/auteurs\/lamblin-berlende\/' title='Lamblin Berlende' class='pt-cv-tax-lamblin-berlende'>Lamblin Berlende<\/a><\/div>\n<h4 class=\"pt-cv-title\"><a href=\"https:\/\/bibliotheque-sfpe-at.com\/index.php\/2025\/01\/21\/ingres-ou-le-mythe-fondateur-de-la-difference\/\" class=\"_self\" target=\"_self\" >Ingres ou \u00ab\u00a0le mythe fondateur de la diff\u00e9rence\u00a0\u00bb<\/a><\/h4>\n<div class=\"pt-cv-content\">C\u2019est au personnage d&rsquo;angoisse du Sphinx qu\u2019\u0152dipe, deux fois bless\u00e9 au pied, va r\u00e9pondre \u00e0 la question, \u00e9nigme qui pourrait provoquer sa d\u00e9voration et sa mort. Il donne la \u00ab bonne r\u00e9ponse \u00bb, qui est celle de l\u2019entr\u00e9e du sujet dans la parole.Dans le m\u00eame &#8230;<\/div>\n<div class=\"pt-cv-rmwrap\"><a href=\"https:\/\/bibliotheque-sfpe-at.com\/index.php\/2025\/01\/21\/ingres-ou-le-mythe-fondateur-de-la-difference\/\" class=\"_self pt-cv-readmore btn btn-success\" target=\"_self\" >Lire La Suite\u2026<\/a><\/div><\/div>\n<div class=\" pt-cv-content-item pt-cv-1-col\" ><div class=\"pt-cv-taxoterm above_title\"><a href='https:\/\/bibliotheque-sfpe-at.com\/index.php\/category\/auteurs\/bloess-georges\/' title='Bloess Georges' class='pt-cv-tax-bloess-georges'>Bloess Georges<\/a><\/div>\n<h4 class=\"pt-cv-title\"><a href=\"https:\/\/bibliotheque-sfpe-at.com\/index.php\/2025\/01\/21\/entre-mythe-collectif-mythe-individuel-et-mythe-de-lartiste-litineraire-createur-de-max-beckmann\/\" class=\"_self\" target=\"_self\" >Entre mythe collectif, mythe individuel et mythe de l\u2019artiste : l\u2019itin\u00e9raire cr\u00e9ateur de Max Beckmann<\/a><\/h4>\n<div class=\"pt-cv-content\">\u00ab Mythe \u00bb : ce simple mot demeure charg\u00e9 d\u2019une puissante ambivalence, exer\u00e7ant tour \u00e0 tour fascination et r\u00e9pulsion. Toute l\u2019histoire duXX* si\u00e8cle semble avoir \u00e9t\u00e9 soumise aux passions contradictoires que ce terme a suscit\u00e9es dans le domaine intellectuel. Une pens\u00e9e \u00ab critique \u00bb s\u2019\u00e9tait &#8230;<\/div>\n<div class=\"pt-cv-rmwrap\"><a href=\"https:\/\/bibliotheque-sfpe-at.com\/index.php\/2025\/01\/21\/entre-mythe-collectif-mythe-individuel-et-mythe-de-lartiste-litineraire-createur-de-max-beckmann\/\" class=\"_self pt-cv-readmore btn btn-success\" target=\"_self\" >Lire La Suite\u2026<\/a><\/div><\/div>\n<div class=\" pt-cv-content-item pt-cv-1-col\" ><div class=\"pt-cv-taxoterm above_title\"><a href='https:\/\/bibliotheque-sfpe-at.com\/index.php\/category\/auteurs\/marnier-jean-paul\/' title='Marnier Jean-Paul' class='pt-cv-tax-marnier-jean-paul'>Marnier Jean-Paul<\/a><\/div>\n<h4 class=\"pt-cv-title\"><a href=\"https:\/\/bibliotheque-sfpe-at.com\/index.php\/2025\/01\/21\/lajax-de-sophocle-ou-la-mise-a-mort-du-heros-mycenien\/\" class=\"_self\" target=\"_self\" >L\u2019Ajax de Sophocle, ou la mise \u00e0 mort du h\u00e9ros myc\u00e9nien<\/a><\/h4>\n<div class=\"pt-cv-content\">Seuls sept trag\u00e9dies et un drame satyrique, parmi la centaine de pi\u00e8ces composant l&rsquo;\u0153uvre sophocl\u00e9enne, ont pu \u00eatre conserv\u00e9s jusqu&rsquo;\u00e0 nos jours. Parmi elles, l&rsquo;Ajax est, apr\u00e8s Antigone, la plus ancienne et la plus hom\u00e9rique de toutes, tant par son style que par son th\u00e8me.La &#8230;<\/div>\n<div class=\"pt-cv-rmwrap\"><a href=\"https:\/\/bibliotheque-sfpe-at.com\/index.php\/2025\/01\/21\/lajax-de-sophocle-ou-la-mise-a-mort-du-heros-mycenien\/\" class=\"_self pt-cv-readmore btn btn-success\" target=\"_self\" >Lire La Suite\u2026<\/a><\/div><\/div>\n<div class=\" pt-cv-content-item pt-cv-1-col\" ><div class=\"pt-cv-taxoterm above_title\"><a href='https:\/\/bibliotheque-sfpe-at.com\/index.php\/category\/auteurs\/boute-gerard\/' title='Bout\u00e9 G\u00e9rard' class='pt-cv-tax-boute-gerard'>Bout\u00e9 G\u00e9rard<\/a><\/div>\n<h4 class=\"pt-cv-title\"><a href=\"https:\/\/bibliotheque-sfpe-at.com\/index.php\/2025\/01\/21\/quand-le-mythe-revisite-la-realite\/\" class=\"_self\" target=\"_self\" >Quand le mythe revisite la r\u00e9alit\u00e9<\/a><\/h4>\n<div class=\"pt-cv-content\">Mai 1998. Lors de travaux de r\u00e9fection du manoir de l&rsquo;\u00e9crivain PatrickCauvin, dans le Maine-et-Loire, sont retrouv\u00e9s les fragments d&rsquo;un journal ancien r\u00e9dig\u00e9 en espagnol. Mais, plus encore, sont mis au jour quelques tableaux, croquis, partitions musicales.La traduction du journal r\u00e9v\u00e8le un personnage fabuleux : &#8230;<\/div>\n<div class=\"pt-cv-rmwrap\"><a href=\"https:\/\/bibliotheque-sfpe-at.com\/index.php\/2025\/01\/21\/quand-le-mythe-revisite-la-realite\/\" class=\"_self pt-cv-readmore btn btn-success\" target=\"_self\" >Lire La Suite\u2026<\/a><\/div><\/div>\n<div class=\" pt-cv-content-item pt-cv-1-col\" ><div class=\"pt-cv-taxoterm above_title\"><a href='https:\/\/bibliotheque-sfpe-at.com\/index.php\/category\/auteurs\/schauder-silke\/' title='Schauder Silke' class='pt-cv-tax-schauder-silke'>Schauder Silke<\/a><\/div>\n<h4 class=\"pt-cv-title\"><a href=\"https:\/\/bibliotheque-sfpe-at.com\/index.php\/2025\/01\/21\/otto-rank-serrurier-de-lame\/\" class=\"_self\" target=\"_self\" >Otto Rank, serrurier de l\u2019\u00e2me<\/a><\/h4>\n<div class=\"pt-cv-content\">Dans ma communication, je propose de revisiter les apports d&rsquo;Otto Rank (1884-1939) qui, tant par son \u0153uvre que par sa trajectoire nous permettra d\u2019interroger la notion de mythe. L\u2019histoire de sa vie se lit comme un conte de f\u00e9es \u00e0 la fin tragique. D\u00e8s son &#8230;<\/div>\n<div class=\"pt-cv-rmwrap\"><a href=\"https:\/\/bibliotheque-sfpe-at.com\/index.php\/2025\/01\/21\/otto-rank-serrurier-de-lame\/\" class=\"_self pt-cv-readmore btn btn-success\" target=\"_self\" >Lire La Suite\u2026<\/a><\/div><\/div>\n<div class=\" pt-cv-content-item pt-cv-1-col\" ><div class=\"pt-cv-taxoterm above_title\"><a href='https:\/\/bibliotheque-sfpe-at.com\/index.php\/category\/auteurs\/goldberg-michel\/' title='Goldberg Michel' class='pt-cv-tax-goldberg-michel'>Goldberg Michel<\/a><a href='https:\/\/bibliotheque-sfpe-at.com\/index.php\/category\/auteurs\/masson-celine\/' title='Masson C\u00e9line' class='pt-cv-tax-masson-celine'>Masson C\u00e9line<\/a><\/div>\n<h4 class=\"pt-cv-title\"><a href=\"https:\/\/bibliotheque-sfpe-at.com\/index.php\/2025\/01\/21\/la-construction-dun-mythe-alimente-par-la-haine\/\" class=\"_self\" target=\"_self\" >La construction d\u2019un mythe aliment\u00e9 par la haine<\/a><\/h4>\n<div class=\"pt-cv-content\">Depuis plusieurs mill\u00e9naires, l&rsquo;antis\u00e9mitisme persiste avec force dans des syst\u00e8mes sociaux tr\u00e8s diff\u00e9rents (esclavagiste, f\u00e9odal, r\u00e9volutionnaire, d\u00e9mocratique, totalitaire), dans des cultures religieuses, ath\u00e9es ou la\u00efques, dans des milieux socioculturels ais\u00e9s ou modestes ainsi que dans des groupes sociaux puissants ou exploit\u00e9s. Une telle \u00ab r\u00e9ussite\u00bb &#8230;<\/div>\n<div class=\"pt-cv-rmwrap\"><a href=\"https:\/\/bibliotheque-sfpe-at.com\/index.php\/2025\/01\/21\/la-construction-dun-mythe-alimente-par-la-haine\/\" class=\"_self pt-cv-readmore btn btn-success\" target=\"_self\" >Lire La Suite\u2026<\/a><\/div><\/div>\n<div class=\" pt-cv-content-item pt-cv-1-col\" ><div class=\"pt-cv-taxoterm above_title\"><a href='https:\/\/bibliotheque-sfpe-at.com\/index.php\/category\/auteurs\/barthelemy-jean-marie\/' title='Barth\u00e9l\u00e9my Jean-Marie' class='pt-cv-tax-barthelemy-jean-marie'>Barth\u00e9l\u00e9my Jean-Marie<\/a><\/div>\n<h4 class=\"pt-cv-title\"><a href=\"https:\/\/bibliotheque-sfpe-at.com\/index.php\/2025\/01\/21\/narcisse-et-meduse-antagonistes-ou-complementaires\/\" class=\"_self\" target=\"_self\" >Narcisse et M\u00e9duse antagonistes ou compl\u00e9mentaires ?<\/a><\/h4>\n<div class=\"pt-cv-content\">Les mythiques figures de Narcisse et M\u00e9duse, toutes deux ambigu\u00ebs dans leur masculinit\u00e9 et f\u00e9minit\u00e9 d\u00e9voy\u00e9es, s&rsquo;affichent traditionnellement contrast\u00e9es en vertu des potentialit\u00e9s soit d\u2019attraction soit de r\u00e9pulsion qu\u2019elles sollicitent. Tandis que Narcisse, alangui dans son paysage bucolique, nous convie \u00e0 l&rsquo;abandon paisible d&rsquo;une s\u00e9r\u00e9nit\u00e9 &#8230;<\/div>\n<div class=\"pt-cv-rmwrap\"><a href=\"https:\/\/bibliotheque-sfpe-at.com\/index.php\/2025\/01\/21\/narcisse-et-meduse-antagonistes-ou-complementaires\/\" class=\"_self pt-cv-readmore btn btn-success\" target=\"_self\" >Lire La Suite\u2026<\/a><\/div><\/div>\n<div class=\" pt-cv-content-item pt-cv-1-col\" ><div class=\"pt-cv-taxoterm above_title\"><a href='https:\/\/bibliotheque-sfpe-at.com\/index.php\/category\/auteurs\/paradas-christophe\/' title='Paradas Christophe' class='pt-cv-tax-paradas-christophe'>Paradas Christophe<\/a><\/div>\n<h4 class=\"pt-cv-title\"><a href=\"https:\/\/bibliotheque-sfpe-at.com\/index.php\/2025\/01\/21\/du-ca-voir-dacteon-au-bain-de-diane\/\" class=\"_self\" target=\"_self\" >Du \u00ab\u00a0\u00e7a-voir\u00a0\u00bb d\u2019Act\u00e9on au bain de Diane<\/a><\/h4>\n<div class=\"pt-cv-content\">Il s&rsquo;agit d&rsquo;interroger, sans m\u00e9nagement, certains mythes originaires de l&rsquo;art, ombres et lumi\u00e8res avec lesquelles on n&rsquo;en a jamais vraiment fini. Une mythologie de toutes humanit\u00e9s, des pulsions cr\u00e9atrices pr\u00e9historiques aux sublimations artistiques vertigineuses, autant d&rsquo;\u00e9critures de vie \u00e0 l&rsquo;\u0153uvre : des itin\u00e9raires tragiques des &#8230;<\/div>\n<div class=\"pt-cv-rmwrap\"><a href=\"https:\/\/bibliotheque-sfpe-at.com\/index.php\/2025\/01\/21\/du-ca-voir-dacteon-au-bain-de-diane\/\" class=\"_self pt-cv-readmore btn btn-success\" target=\"_self\" >Lire La Suite\u2026<\/a><\/div><\/div>\n<div class=\" pt-cv-content-item pt-cv-1-col\" ><div class=\"pt-cv-taxoterm above_title\"><a href='https:\/\/bibliotheque-sfpe-at.com\/index.php\/category\/auteurs\/lazes-dekramer-michele\/' title='Laz\u00e8s-Dekramer Mich\u00e8le' class='pt-cv-tax-lazes-dekramer-michele'>Laz\u00e8s-Dekramer Mich\u00e8le<\/a><\/div>\n<h4 class=\"pt-cv-title\"><a href=\"https:\/\/bibliotheque-sfpe-at.com\/index.php\/2025\/01\/21\/orphee-et-la-voie-interieure-de-lincontournable-transgression-de-lartiste-face-a-sa-liberte\/\" class=\"_self\" target=\"_self\" >Orph\u00e9e et la Voie-int\u00e9rieure, de l\u2019incontournable transgression de l\u2019artiste face \u00e0 sa libert\u00e9<\/a><\/h4>\n<div class=\"pt-cv-content\">Le mythe n&rsquo;est pas r\u00e9alit\u00e9 mais son image fondatrice nous incite \u00e0 une d\u00e9marche personnelle tendant \u00e0 lib\u00e9rer la ligne-force inconnue de nous-m\u00eame.Une proth\u00e8se du fantastique en qu\u00eate de la m\u00e9tamorphose du Je en Soi, un espace psychologique o\u00f9 l&rsquo;art serait le truchement par lequel, &#8230;<\/div>\n<div class=\"pt-cv-rmwrap\"><a href=\"https:\/\/bibliotheque-sfpe-at.com\/index.php\/2025\/01\/21\/orphee-et-la-voie-interieure-de-lincontournable-transgression-de-lartiste-face-a-sa-liberte\/\" class=\"_self pt-cv-readmore btn btn-success\" target=\"_self\" >Lire La Suite\u2026<\/a><\/div><\/div>\n<div class=\" pt-cv-content-item pt-cv-1-col\" ><div class=\"pt-cv-taxoterm above_title\"><a href='https:\/\/bibliotheque-sfpe-at.com\/index.php\/category\/auteurs\/sicard-marie\/' title='Sicard Marie' class='pt-cv-tax-sicard-marie'>Sicard Marie<\/a><\/div>\n<h4 class=\"pt-cv-title\"><a href=\"https:\/\/bibliotheque-sfpe-at.com\/index.php\/2025\/01\/21\/orphee-les-yeux-dans-les-yeux-regards-croises-de-clermont-de-loise-a-livry-gargan-ecriture-et-image\/\" class=\"_self\" target=\"_self\" >\u00ab\u00a0Orph\u00e9e les yeux dans les yeux, regards crois\u00e9s de Clermont-de-l\u2019Oise \u00e0 Livry-Gargan\u00a0\u00bb \u00c9criture et image<\/a><\/h4>\n<div class=\"pt-cv-content\">Je souhaiterais pr\u00e9senter un travail men\u00e9 en ateliers d&rsquo;\u00e9criture et de photographie, qui utilise la m\u00e9diation du mythe d\u2019Orph\u00e9e.L\u2019exp\u00e9rience a \u00e9t\u00e9 r\u00e9alis\u00e9e en partenariat avec le coll\u00e8ge \u00c9douard Herriot de Livry-Gargan (une classe de 4e de fran\u00e7ais\/photographie\/vid\u00e9o) et l&rsquo;Art et Th\u00e9rapie &#8211; CHI de Clermont &#8230;<\/div>\n<div class=\"pt-cv-rmwrap\"><a href=\"https:\/\/bibliotheque-sfpe-at.com\/index.php\/2025\/01\/21\/orphee-les-yeux-dans-les-yeux-regards-croises-de-clermont-de-loise-a-livry-gargan-ecriture-et-image\/\" class=\"_self pt-cv-readmore btn btn-success\" target=\"_self\" >Lire La Suite\u2026<\/a><\/div><\/div>\n<div class=\" pt-cv-content-item pt-cv-1-col\" ><div class=\"pt-cv-taxoterm above_title\"><a href='https:\/\/bibliotheque-sfpe-at.com\/index.php\/category\/auteurs\/bareil-guerin-michele\/' title='Bareil-Gu\u00e9rin Mich\u00e8le' class='pt-cv-tax-bareil-guerin-michele'>Bareil-Gu\u00e9rin Mich\u00e8le<\/a><a href='https:\/\/bibliotheque-sfpe-at.com\/index.php\/category\/auteurs\/klein-jean-pierre\/' title='Klein Jean-Pierre' class='pt-cv-tax-klein-jean-pierre'>Klein Jean-Pierre<\/a><a href='https:\/\/bibliotheque-sfpe-at.com\/index.php\/category\/auteurs\/madelaine-dupuich-carole\/' title='Madelaine-Dupuich Carole' class='pt-cv-tax-madelaine-dupuich-carole'>Madelaine-Dupuich Carole<\/a><a href='https:\/\/bibliotheque-sfpe-at.com\/index.php\/category\/auteurs\/mourtada-youssef\/' title='Mourtada Youssef' class='pt-cv-tax-mourtada-youssef'>Mourtada Youssef<\/a><a href='https:\/\/bibliotheque-sfpe-at.com\/index.php\/category\/auteurs\/royol-jean-pierre\/' title='Royol Jean-Pierre' class='pt-cv-tax-royol-jean-pierre'>Royol Jean-Pierre<\/a><a href='https:\/\/bibliotheque-sfpe-at.com\/index.php\/category\/auteurs\/sens-dominique\/' title='Sens Dominique' class='pt-cv-tax-sens-dominique'>Sens Dominique<\/a><\/div>\n<h4 class=\"pt-cv-title\"><a href=\"https:\/\/bibliotheque-sfpe-at.com\/index.php\/2025\/01\/21\/table-ronde-mythe-et-art-therapie-extraits-des-interventions-des-six-conferenciers\/\" class=\"_self\" target=\"_self\" >Table ronde : mythe et art-th\u00e9rapie, extraits des interventions des six conf\u00e9renciers<\/a><\/h4>\n<div class=\"pt-cv-content\">Je souhaiterais pr\u00e9senter un travail men\u00e9 en ateliers d&rsquo;\u00e9criture et de photographie, qui utilise la m\u00e9diation du mythe d\u2019Orph\u00e9e.L\u2019exp\u00e9rience a \u00e9t\u00e9 r\u00e9alis\u00e9e en partenariat avec le coll\u00e8ge \u00c9douard Herriot de Livry-Gargan (une classe de 4e de fran\u00e7ais\/photographie\/vid\u00e9o) et l&rsquo;Art et Th\u00e9rapie &#8211; CHI de Clermont &#8230;<\/div>\n<div class=\"pt-cv-rmwrap\"><a href=\"https:\/\/bibliotheque-sfpe-at.com\/index.php\/2025\/01\/21\/table-ronde-mythe-et-art-therapie-extraits-des-interventions-des-six-conferenciers\/\" class=\"_self pt-cv-readmore btn btn-success\" target=\"_self\" >Lire La Suite\u2026<\/a><\/div><\/div>\n<div class=\" pt-cv-content-item pt-cv-1-col\" ><div class=\"pt-cv-taxoterm above_title\"><a href='https:\/\/bibliotheque-sfpe-at.com\/index.php\/category\/auteurs\/schiltz-lony\/' title='Schiltz Lony' class='pt-cv-tax-schiltz-lony'>Schiltz Lony<\/a><\/div>\n<h4 class=\"pt-cv-title\"><a href=\"https:\/\/bibliotheque-sfpe-at.com\/index.php\/2025\/01\/21\/quete-didentite-et-construction-de-mythes-personnels-a-ladolescence\/\" class=\"_self\" target=\"_self\" >Qu\u00eate d\u2019identit\u00e9 et construction de mythes personnels \u00e0 l\u2019adolescence<\/a><\/h4>\n<div class=\"pt-cv-content\">Au cours de la qu\u00eate d&rsquo;identit\u00e9 de l\u2019adolescence, la construction d&rsquo;une repr\u00e9sentation coh\u00e9rente de soi-m\u00eame et d\u2019autrui peut passer par la construction de mythes personnels. Ces mythes sont \u00e0 l\u2019origine des figures arch\u00e9typales apparaissant dans les histoires \u00e9crites par les jeunes.Nous allons illustrer nos r\u00e9flexions &#8230;<\/div>\n<div class=\"pt-cv-rmwrap\"><a href=\"https:\/\/bibliotheque-sfpe-at.com\/index.php\/2025\/01\/21\/quete-didentite-et-construction-de-mythes-personnels-a-ladolescence\/\" class=\"_self pt-cv-readmore btn btn-success\" target=\"_self\" >Lire La Suite\u2026<\/a><\/div><\/div>\n<div class=\" pt-cv-content-item pt-cv-1-col\" ><div class=\"pt-cv-taxoterm above_title\"><a href='https:\/\/bibliotheque-sfpe-at.com\/index.php\/category\/auteurs\/verlinden-tanja\/' title='Verlinden Tanja' class='pt-cv-tax-verlinden-tanja'>Verlinden Tanja<\/a><\/div>\n<h4 class=\"pt-cv-title\"><a href=\"https:\/\/bibliotheque-sfpe-at.com\/index.php\/2025\/01\/21\/mythologie-et-art-therapie-une-experience-plastique-aupres-dun-public-dadultes-en-situation-de-precarite-sociale\/\" class=\"_self\" target=\"_self\" >Mythologie et art-th\u00e9rapie : une exp\u00e9rience plastique aupr\u00e8s d\u2019un public d\u2019adultes en situation de pr\u00e9carit\u00e9 sociale<\/a><\/h4>\n<div class=\"pt-cv-content\">Au regard des r\u00e9cits mythologiques empreints d\u2019autant d&rsquo;id\u00e9als de beaut\u00e9, de justice, de d\u00e9passement et d\u2019aventure, il semble bien que les Grecs ont invent\u00e9 leurs dieux \u00e0 leur mesure, celle d\u2019\u00eatres parlants et d\u00e9sirants. En humanisant les dieux, ils s&rsquo;en lib\u00e8rent au profit d\u2019un apaisement &#8230;<\/div>\n<div class=\"pt-cv-rmwrap\"><a href=\"https:\/\/bibliotheque-sfpe-at.com\/index.php\/2025\/01\/21\/mythologie-et-art-therapie-une-experience-plastique-aupres-dun-public-dadultes-en-situation-de-precarite-sociale\/\" class=\"_self pt-cv-readmore btn btn-success\" target=\"_self\" >Lire La Suite\u2026<\/a><\/div><\/div>\n<div class=\" pt-cv-content-item pt-cv-1-col\" ><div class=\"pt-cv-taxoterm above_title\"><a href='https:\/\/bibliotheque-sfpe-at.com\/index.php\/category\/auteurs\/boissiere-anne\/' title='Boissi\u00e8re Anne' class='pt-cv-tax-boissiere-anne'>Boissi\u00e8re Anne<\/a><a href='https:\/\/bibliotheque-sfpe-at.com\/index.php\/category\/auteurs\/boulanger-christophe\/' title='Boulanger Christophe' class='pt-cv-tax-boulanger-christophe'>Boulanger Christophe<\/a><a href='https:\/\/bibliotheque-sfpe-at.com\/index.php\/category\/auteurs\/faupin-savine\/' title='Faupin Savine' class='pt-cv-tax-faupin-savine'>Faupin Savine<\/a><\/div>\n<h4 class=\"pt-cv-title\"><a href=\"https:\/\/bibliotheque-sfpe-at.com\/index.php\/2025\/01\/21\/quelques-reflexions-sur-les-mythologies-individuelles\/\" class=\"_self\" target=\"_self\" >Quelques r\u00e9flexions sur les mythologies individuelles<\/a><\/h4>\n<div class=\"pt-cv-content\">La notion de \u00ab mythologie individuelle\u00bb appara\u00eet dans le contexte des ann\u00e9es soixante, notamment chez le critique d\u2019art et commissaire d\u2019exposition Harald Szeemann. Elle,n\u2019est pas sans avoir un c\u00f4t\u00e9 paradoxal. Le mythe, en effet, a vocation \u00e0 structurer l&rsquo;imaginaire d\u2019une collectivit\u00e9 et ne s\u2019applique a &#8230;<\/div>\n<div class=\"pt-cv-rmwrap\"><a href=\"https:\/\/bibliotheque-sfpe-at.com\/index.php\/2025\/01\/21\/quelques-reflexions-sur-les-mythologies-individuelles\/\" class=\"_self pt-cv-readmore btn btn-success\" target=\"_self\" >Lire La Suite\u2026<\/a><\/div><\/div>\n<div class=\" pt-cv-content-item pt-cv-1-col\" ><div class=\"pt-cv-taxoterm above_title\"><a href='https:\/\/bibliotheque-sfpe-at.com\/index.php\/category\/auteurs\/saint-pierre-olivier\/' title='Saint-Pierre Olivier' class='pt-cv-tax-saint-pierre-olivier'>Saint-Pierre Olivier<\/a><\/div>\n<h4 class=\"pt-cv-title\"><a href=\"https:\/\/bibliotheque-sfpe-at.com\/index.php\/2025\/01\/21\/le-mythe-du-pas\/\" class=\"_self\" target=\"_self\" >Le mythe du pas<\/a><\/h4>\n<div class=\"pt-cv-content\">Marc Moret fait des sculptures hideuses possibles, c&rsquo;est son souhait. Il d\u00e9coupe tout objet de son pass\u00e9, l&rsquo;agglom\u00e8re dans une colle. Ces sculptures tentent, selon ses dires, d&rsquo;\u00eatre les plus laides possibles.Il utilise principalement des objets anciens de la ferme dans laquelle il vit, et &#8230;<\/div>\n<div class=\"pt-cv-rmwrap\"><a href=\"https:\/\/bibliotheque-sfpe-at.com\/index.php\/2025\/01\/21\/le-mythe-du-pas\/\" class=\"_self pt-cv-readmore btn btn-success\" target=\"_self\" >Lire La Suite\u2026<\/a><\/div><\/div>\n<div class=\" pt-cv-content-item pt-cv-1-col\" ><div class=\"pt-cv-taxoterm above_title\"><a href='https:\/\/bibliotheque-sfpe-at.com\/index.php\/category\/auteurs\/bounoure-marie-josephe\/' title='Bounoure Marie-Jos\u00e8phe' class='pt-cv-tax-bounoure-marie-josephe'>Bounoure Marie-Jos\u00e8phe<\/a><\/div>\n<h4 class=\"pt-cv-title\"><a href=\"https:\/\/bibliotheque-sfpe-at.com\/index.php\/2025\/01\/21\/sisyphe-lantiheros\/\" class=\"_self\" target=\"_self\" >Sisyphe l\u2019antih\u00e9ros<\/a><\/h4>\n<div class=\"pt-cv-content\">Pour les anciens Grecs, les mythes \u00e9taient des faits historiques lointains. Ils \u00e9taient un socle pour une explication du monde, un rep\u00e8re aussi, sans doute, favorisant la coh\u00e9sion sociale. La religion \u00e9tait m\u00eal\u00e9e au quotidien.Les mythes sont innombrables. Ils ont frapp\u00e9 nos imaginaires d\u2019enfant : &#8230;<\/div>\n<div class=\"pt-cv-rmwrap\"><a href=\"https:\/\/bibliotheque-sfpe-at.com\/index.php\/2025\/01\/21\/sisyphe-lantiheros\/\" class=\"_self pt-cv-readmore btn btn-success\" target=\"_self\" >Lire La Suite\u2026<\/a><\/div><\/div>\n<div class=\" pt-cv-content-item pt-cv-1-col\" ><div class=\"pt-cv-taxoterm above_title\"><a href='https:\/\/bibliotheque-sfpe-at.com\/index.php\/category\/auteurs\/roques-marjorie\/' title='Roques Marjorie' class='pt-cv-tax-roques-marjorie'>Roques Marjorie<\/a><\/div>\n<h4 class=\"pt-cv-title\"><a href=\"https:\/\/bibliotheque-sfpe-at.com\/index.php\/2025\/01\/21\/le-peintre-et-lecrivain-couple-mythique\/\" class=\"_self\" target=\"_self\" >Le peintre et l\u2019\u00e9crivain : couple mythique<\/a><\/h4>\n<div class=\"pt-cv-content\">Dans cette communication, nous traiterons de la sacralisation des peintres par les \u00e9crivains : Antonin Artaud passionn\u00e9 par Van Gogh, Paul Val\u00e9ry par Edgar Degas, Aragon par Matisse. Il sera question aussi de la mythification des \u00e9crivains par les peintres : Manet peignant Zola, Delacroix &#8230;<\/div>\n<div class=\"pt-cv-rmwrap\"><a href=\"https:\/\/bibliotheque-sfpe-at.com\/index.php\/2025\/01\/21\/le-peintre-et-lecrivain-couple-mythique\/\" class=\"_self pt-cv-readmore btn btn-success\" target=\"_self\" >Lire La Suite\u2026<\/a><\/div><\/div>\n<div class=\" pt-cv-content-item pt-cv-1-col\" ><div class=\"pt-cv-taxoterm above_title\"><a href='https:\/\/bibliotheque-sfpe-at.com\/index.php\/category\/auteurs\/mazoyer-anne-valerie\/' title='Mazoyer Anne-Val\u00e9rie' class='pt-cv-tax-mazoyer-anne-valerie'>Mazoyer Anne-Val\u00e9rie<\/a><\/div>\n<h4 class=\"pt-cv-title\"><a href=\"https:\/\/bibliotheque-sfpe-at.com\/index.php\/2025\/01\/21\/invention-et-recreation-du-mythe-comme-perlaboration-du-trauma-chez-toni-morrison\/\" class=\"_self\" target=\"_self\" >Invention et recr\u00e9ation du mythe comme perlaboration du trauma chez Toni Morrison<\/a><\/h4>\n<div class=\"pt-cv-content\">Au d\u00e9but des ann\u00e9es 90, Toni Morrison (1931) est le premier \u00e9crivain nord-am\u00e9ricain \u00e0 obtenir le prix Nobel de litt\u00e9rature.En de\u00e7\u00e0 du r\u00e9cit des 60 millions, et davantage, extermin\u00e9s et victimes de s\u00e9vices odieux, son ambition est de renouer avec le magique, le mythique. La &#8230;<\/div>\n<div class=\"pt-cv-rmwrap\"><a href=\"https:\/\/bibliotheque-sfpe-at.com\/index.php\/2025\/01\/21\/invention-et-recreation-du-mythe-comme-perlaboration-du-trauma-chez-toni-morrison\/\" class=\"_self pt-cv-readmore btn btn-success\" target=\"_self\" >Lire La Suite\u2026<\/a><\/div><\/div>\n<div class=\" pt-cv-content-item pt-cv-1-col\" ><div class=\"pt-cv-taxoterm above_title\"><a href='https:\/\/bibliotheque-sfpe-at.com\/index.php\/category\/auteurs\/ferrieres-pestureau-suzanne\/' title='Ferri\u00e8res-Pestureau Suzanne' class='pt-cv-tax-ferrieres-pestureau-suzanne'>Ferri\u00e8res-Pestureau Suzanne<\/a><\/div>\n<h4 class=\"pt-cv-title\"><a href=\"https:\/\/bibliotheque-sfpe-at.com\/index.php\/2025\/01\/21\/le-mythe-de-landrogyne-revisite-par-matthew-barney\/\" class=\"_self\" target=\"_self\" >Le mythe de l\u2019androgyne revisit\u00e9 par Matthew Barney<\/a><\/h4>\n<div class=\"pt-cv-content\">H\u00e9ritier de l&rsquo;art corporel et du body art, Matthew Bamey met en sc\u00e8ne des figures androgynes et monstrueuses qui \u00e9voquent les anciens r\u00e9cits mythologiques. Ces figures hybrides, th\u00e9\u00e2tralis\u00e9es et esth\u00e9tis\u00e9es dans son \u0153uvre plastique et picturale, alimentent \u00e9galement sa production cin\u00e9matographique. Le cycle de cinq &#8230;<\/div>\n<div class=\"pt-cv-rmwrap\"><a href=\"https:\/\/bibliotheque-sfpe-at.com\/index.php\/2025\/01\/21\/le-mythe-de-landrogyne-revisite-par-matthew-barney\/\" class=\"_self pt-cv-readmore btn btn-success\" target=\"_self\" >Lire La Suite\u2026<\/a><\/div><\/div>\n<div class=\" pt-cv-content-item pt-cv-1-col\" ><div class=\"pt-cv-taxoterm above_title\"><a href='https:\/\/bibliotheque-sfpe-at.com\/index.php\/category\/auteurs\/martineau-jean-pierre\/' title='Martineau Jean-Pierre' class='pt-cv-tax-martineau-jean-pierre'>Martineau Jean-Pierre<\/a><\/div>\n<h4 class=\"pt-cv-title\"><a href=\"https:\/\/bibliotheque-sfpe-at.com\/index.php\/2025\/01\/21\/humeur-et-mythe-du-visage-des-femmes-modeles\/\" class=\"_self\" target=\"_self\" >Humeur et mythe du visage des femmes \u00ab\u00a0mod\u00e8les\u00a0\u00bb<\/a><\/h4>\n<div class=\"pt-cv-content\">Freud (La question de l&rsquo;analyse profane, 1926) ne profana ni l&rsquo;\u00e9thique m\u00e9dicale ni la valeur des sciences de la vie. Il refusa d&rsquo;identifier l&rsquo;analyse \u00e0 un savoir sacralis\u00e9, celui des pasteurs d\u2019\u00e2me, des p\u00e9dagogues, des politiques, mais il accorda une place importante \u00e0 la litt\u00e9rature, &#8230;<\/div>\n<div class=\"pt-cv-rmwrap\"><a href=\"https:\/\/bibliotheque-sfpe-at.com\/index.php\/2025\/01\/21\/humeur-et-mythe-du-visage-des-femmes-modeles\/\" class=\"_self pt-cv-readmore btn btn-success\" target=\"_self\" >Lire La Suite\u2026<\/a><\/div><\/div>\n<div class=\" pt-cv-content-item pt-cv-1-col\" ><div class=\"pt-cv-taxoterm above_title\"><a href='https:\/\/bibliotheque-sfpe-at.com\/index.php\/category\/auteurs\/veyrat-jean-gerald\/' title='Veyrat Jean-G\u00e9rald' class='pt-cv-tax-veyrat-jean-gerald'>Veyrat Jean-G\u00e9rald<\/a><\/div>\n<h4 class=\"pt-cv-title\"><a href=\"https:\/\/bibliotheque-sfpe-at.com\/index.php\/2025\/01\/21\/mythes-et-anti-mythes-au-cinema\/\" class=\"_self\" target=\"_self\" >Mythes et anti-mythes au cin\u00e9ma<\/a><\/h4>\n<div class=\"pt-cv-content\">Sont concern\u00e9s beaucoup de films am\u00e9ricains, comme si les habitants des USA, priv\u00e9s d&rsquo;histoire ancienne de leur pays, compensaient cela par des films.Nous nous proposons donc de rechercher d&rsquo;abord ceux traitant des h\u00e9ros (avec les anti-h\u00e9ros et les monstres), puis les grandes biographies, avec les &#8230;<\/div>\n<div class=\"pt-cv-rmwrap\"><a href=\"https:\/\/bibliotheque-sfpe-at.com\/index.php\/2025\/01\/21\/mythes-et-anti-mythes-au-cinema\/\" class=\"_self pt-cv-readmore btn btn-success\" target=\"_self\" >Lire La Suite\u2026<\/a><\/div><\/div><\/div><\/div> <\/div> <style>\n\n#pt-cv-view-3i0h7lt2 .pt-cv-meta-fields {  }#pt-cv-view-3i0h7lt2 .pt-cv-meta-fields * { font-size: 13px; }#pt-cv-view-3i0h7lt2 .pt-cv-thumb-wrapper:not(.miniwrap) {  }#pt-cv-view-3i0h7lt2 .pt-cv-thumbnail:not(.pt-cv-thumbnailsm) { height: 250px; }#pt-cv-view-3i0h7lt2 .pt-cv-title a { display: block;color: #a83838; }#pt-cv-view-3i0h7lt2 .pt-cv-title:not(.pt-cv-titlesm) a { font-weight: 600;text-decoration: none;font-size: 20px; }#pt-cv-view-3i0h7lt2 .pt-cv-titlesm a { font-weight: 600;font-size: 18px; }#pt-cv-view-3i0h7lt2 .pt-cv-content { font-size: 12px; }#pt-cv-view-3i0h7lt2 .pt-cv-rmwrap {  }#pt-cv-view-3i0h7lt2 .pt-cv-readmore { color: #951a1a;background-color: #ffffff00;font-style: italic;font-size: 12px; }#pt-cv-view-3i0h7lt2 .pt-cv-taxoterm {  }#pt-cv-view-3i0h7lt2 .pt-cv-taxoterm * { color: #9badb7;background-color: #f5f0f057;border-style: solid;font-size: 14px;border-width: 1.5px 1.5px 1.5px 1.5px;border-radius: 8px 8px 8px 8px; }#pt-cv-view-3i0h7lt2 + .pt-cv-pagination-wrapper {  }#pt-cv-view-3i0h7lt2 + .pt-cv-pagination-wrapper a { font-size: 14px; }#pt-cv-view-3i0h7lt2 > .pt-cv-page {grid-template-columns: repeat(4, 1fr);grid-gap: 13px;}\n@media all and (max-width: 1024px) { \n#pt-cv-view-3i0h7lt2 > .pt-cv-page {}\n} \n@media all and (max-width: 767px) { \n#pt-cv-view-3i0h7lt2 > .pt-cv-page {grid-template-columns: repeat(1, 1fr);}\n} <\/style>\n\n\n<p><\/p>\n","protected":false},"excerpt":{"rendered":"<p>Cosmogonie, th\u00e9ogonie, anthropogonie, autant de mythes pour cerner diff\u00e9rents lieux et temps d\u2019origine. Nous tenterons de voir ce qui se cache sous ces termes, \u00e0 la fois des choses identiques dans leur structure et des choses diff\u00e9rentes dans leur signification.On peut en effet facilement rassembler les grands mythes fondateurs de&hellip;<\/p>\n","protected":false},"author":2,"featured_media":3466,"comment_status":"closed","ping_status":"open","sticky":false,"template":"","format":"standard","meta":{"pmpro_default_level":"","ngg_post_thumbnail":0,"footnotes":""},"categories":[736],"tags":[27],"class_list":["post-3465","post","type-post","status-publish","format-standard","has-post-thumbnail","hentry","category-journees-dhiver","tag-apres-2010","pmpro-has-access"],"_links":{"self":[{"href":"https:\/\/bibliotheque-sfpe-at.com\/index.php\/wp-json\/wp\/v2\/posts\/3465","targetHints":{"allow":["GET"]}}],"collection":[{"href":"https:\/\/bibliotheque-sfpe-at.com\/index.php\/wp-json\/wp\/v2\/posts"}],"about":[{"href":"https:\/\/bibliotheque-sfpe-at.com\/index.php\/wp-json\/wp\/v2\/types\/post"}],"author":[{"embeddable":true,"href":"https:\/\/bibliotheque-sfpe-at.com\/index.php\/wp-json\/wp\/v2\/users\/2"}],"replies":[{"embeddable":true,"href":"https:\/\/bibliotheque-sfpe-at.com\/index.php\/wp-json\/wp\/v2\/comments?post=3465"}],"version-history":[{"count":2,"href":"https:\/\/bibliotheque-sfpe-at.com\/index.php\/wp-json\/wp\/v2\/posts\/3465\/revisions"}],"predecessor-version":[{"id":3502,"href":"https:\/\/bibliotheque-sfpe-at.com\/index.php\/wp-json\/wp\/v2\/posts\/3465\/revisions\/3502"}],"wp:featuredmedia":[{"embeddable":true,"href":"https:\/\/bibliotheque-sfpe-at.com\/index.php\/wp-json\/wp\/v2\/media\/3466"}],"wp:attachment":[{"href":"https:\/\/bibliotheque-sfpe-at.com\/index.php\/wp-json\/wp\/v2\/media?parent=3465"}],"wp:term":[{"taxonomy":"category","embeddable":true,"href":"https:\/\/bibliotheque-sfpe-at.com\/index.php\/wp-json\/wp\/v2\/categories?post=3465"},{"taxonomy":"post_tag","embeddable":true,"href":"https:\/\/bibliotheque-sfpe-at.com\/index.php\/wp-json\/wp\/v2\/tags?post=3465"}],"curies":[{"name":"wp","href":"https:\/\/api.w.org\/{rel}","templated":true}]}}