{"id":3503,"date":"2025-01-21T20:30:47","date_gmt":"2025-01-21T19:30:47","guid":{"rendered":"https:\/\/sfpe-at.com\/?p=3503"},"modified":"2025-03-22T11:54:55","modified_gmt":"2025-03-22T10:54:55","slug":"la-quete-et-leveil-de-la-perception-par-lart-et-la-creationau-travers-du-prisme-du-mythe","status":"publish","type":"post","link":"https:\/\/bibliotheque-sfpe-at.com\/index.php\/2025\/01\/21\/la-quete-et-leveil-de-la-perception-par-lart-et-la-creationau-travers-du-prisme-du-mythe\/","title":{"rendered":"La qu\u00eate et l\u2019\u00e9veil de la perception par l\u2019art et la cr\u00e9ation\u2026au travers du prisme du mythe"},"content":{"rendered":"\n<p><\/p>\n\n\n\n<div class=\"wp-block-columns is-layout-flex wp-container-core-columns-is-layout-28f84493 wp-block-columns-is-layout-flex\">\n<div class=\"wp-block-column is-layout-flow wp-block-column-is-layout-flow\" style=\"flex-basis:66.66%\">\n<p>Les mythes traitent souvent des questions se posant dans la soci\u00e9t\u00e9 qui les v\u00e9hicule. Ils ont un lien direct avec la structure religieuse et sociale du peuple. Ils mettent en lumi\u00e8re une qu\u00eate, ou, plus directement, la qu\u00eate d\u2019un h\u00e9ros que l&rsquo;on pourrait qualifier de \u00ab transgression \u00bb (Prom\u00e9th\u00e9e, Ulysse, Icare\u2026).<br>Le mot qu\u00eate vient du latin quaerere : rechercher, demander, questionner. L\u2019homme, insatisfait par essence, mendiant sublime toujours en qu\u00eate, aspire \u00e0 ce qu\u2019il n&rsquo;a pas, voire \u00e0 ce qu&rsquo;il ne pourra jamais avoir (l&rsquo;absolu, l\u2019infinitude, l&rsquo;\u00e9ternit\u00e9). Et il ne cesse de s\u2019interroger sur le monde, les autres et lui-m\u00eame.<br>Qu\u00eate de l\u2019absolu, de l\u2019id\u00e9al, de l\u2019inaccessible \u00e9toile, du Saint Graal, de l\u2019Eldorado, de l\u2019utopie, de la perfection. Qu\u00eate d&rsquo;identit\u00e9, de racines, de l\u2019\u00e9quilibre, du merveilleux, de l\u2019amour, du bonheur. Qu\u00eate de soi, mais \u00e0 jamais sa propre \u00e9nigme, celle de l\u2019humanit\u00e9 (\u0152dipe et le Sphinx).<br>La cr\u00e9ation, artistique et singuli\u00e8re, est toujours \u00e9galement qu\u00eate de soi, et souvent, comme dans les mythes, associ\u00e9e \u00e0 la naissance, \u00e0 l\u2019origine, \u00e0 une recr\u00e9ation du monde, \u00e0 une s\u00e9paration, \u00e0 une fondation, \u00e0 une transformation, \u00e0 un d\u00e9but ou une fin, \u00e0 un temps primordial, \u00e0 une c\u00e9l\u00e9bration, \u00e0 un rituel\u2026<br>Elle se rapporte au pass\u00e9, au pr\u00e9sent, au futur. Elle est, comme un mythe, difficile \u00e0 cerner, tant sont complexes les fonctions attribu\u00e9es \u00e0 celui-ci dans les soci\u00e9t\u00e9s archa\u00efques et traditionnelles. N&rsquo;est-elle pas enfin objet de transgression permanente quand elle veut, comme Prom\u00e9th\u00e9e, apporter le \u00ab feu \u00bb aux hommes ?<\/p>\n\n\n\n<p class=\"has-text-color has-link-color wp-elements-0c5dd61414d2cb4c88e3596780dedeb0\" style=\"color:#2753a5\"><strong><em>Pour lire le texte complet <a href=\"\/index.php\/options-dinscription\/\"><mark style=\"background-color:rgba(0, 0, 0, 0)\" class=\"has-inline-color has-vivid-cyan-blue-color\">s&rsquo;inscrire<\/mark><\/a> ou <a href=\"\/index.php\/my-account\/edit-account\/\"><mark style=\"background-color:rgba(0, 0, 0, 0)\" class=\"has-inline-color has-vivid-cyan-blue-color\">se connecter<\/mark><\/a><\/em><\/strong><\/p>\n\n\n\n\n\n<div style=\"height:100px\" aria-hidden=\"true\" class=\"wp-block-spacer\"><\/div>\n\n\n\n<div class=\"wp-block-buttons is-content-justification-center is-layout-flex wp-container-core-buttons-is-layout-a89b3969 wp-block-buttons-is-layout-flex\">\n<div class=\"wp-block-button has-custom-font-size has-small-font-size\"><a class=\"wp-block-button__link has-vivid-red-background-color has-background wp-element-button\" href=\"\/index.php\/2025\/01\/21\/mythes\/\">&lt;&#8211; retour<\/a><\/div>\n<\/div>\n<\/div>\n\n\n\n<div class=\"wp-block-column is-layout-flow wp-block-column-is-layout-flow\" style=\"flex-basis:33.33%\">\n<figure class=\"wp-block-table\"><table class=\"has-background\" style=\"background-color:#f8f2f2\"><thead><tr><th><mark class=\"has-inline-color has-vivid-red-color\" style=\"background-color: rgba(0, 0, 0, 0);\"><strong>Auteur<\/strong><\/mark><\/th><\/tr><\/thead><tbody><tr><td><strong><strong><strong>Alain Vasseur<\/strong><\/strong><\/strong><\/td><\/tr><\/tbody><\/table><\/figure>\n\n\n\n<figure class=\"wp-block-table\"><table><thead><tr><th><mark class=\"has-inline-color has-vivid-red-color\" style=\"background-color: rgba(0, 0, 0, 0);\"><strong>R\u00e9f\u00e9rence<\/strong><\/mark><\/th><\/tr><\/thead><tbody><tr><td><strong>RA007-02<\/strong><br><strong>Mythes<\/strong><br>Journ\u00e9es d&rsquo;Hiver 2016<\/td><\/tr><\/tbody><\/table><\/figure>\n\n\n\n<figure class=\"wp-block-table\"><table><thead><tr><th><mark class=\"has-inline-color has-vivid-red-color\" style=\"background-color: rgba(0, 0, 0, 0);\"><strong>Cat\u00e9gories<\/strong><\/mark><\/th><\/tr><\/thead><tbody><tr><td>Art-th\u00e9rapie<\/td><\/tr><\/tbody><\/table><\/figure>\n<\/div>\n<\/div>\n","protected":false},"excerpt":{"rendered":"<p>Les mythes traitent souvent des questions se posant dans la soci\u00e9t\u00e9 qui les v\u00e9hicule. Ils ont un lien direct avec la structure religieuse et sociale du peuple. Ils mettent en lumi\u00e8re une qu\u00eate, ou, plus directement, la qu\u00eate d\u2019un h\u00e9ros que l&rsquo;on pourrait qualifier de \u00ab transgression \u00bb (Prom\u00e9th\u00e9e, Ulysse,&hellip;<\/p>\n","protected":false},"author":2,"featured_media":0,"comment_status":"closed","ping_status":"open","sticky":false,"template":"","format":"standard","meta":{"pmpro_default_level":"","ngg_post_thumbnail":0,"footnotes":""},"categories":[124],"tags":[492,737,746],"class_list":["post-3503","post","type-post","status-publish","format-standard","hentry","category-vasseur-alain","tag-art-therapie","tag-mythes","tag-ra007-02","pmpro-has-access"],"_links":{"self":[{"href":"https:\/\/bibliotheque-sfpe-at.com\/index.php\/wp-json\/wp\/v2\/posts\/3503","targetHints":{"allow":["GET"]}}],"collection":[{"href":"https:\/\/bibliotheque-sfpe-at.com\/index.php\/wp-json\/wp\/v2\/posts"}],"about":[{"href":"https:\/\/bibliotheque-sfpe-at.com\/index.php\/wp-json\/wp\/v2\/types\/post"}],"author":[{"embeddable":true,"href":"https:\/\/bibliotheque-sfpe-at.com\/index.php\/wp-json\/wp\/v2\/users\/2"}],"replies":[{"embeddable":true,"href":"https:\/\/bibliotheque-sfpe-at.com\/index.php\/wp-json\/wp\/v2\/comments?post=3503"}],"version-history":[{"count":2,"href":"https:\/\/bibliotheque-sfpe-at.com\/index.php\/wp-json\/wp\/v2\/posts\/3503\/revisions"}],"predecessor-version":[{"id":4463,"href":"https:\/\/bibliotheque-sfpe-at.com\/index.php\/wp-json\/wp\/v2\/posts\/3503\/revisions\/4463"}],"wp:attachment":[{"href":"https:\/\/bibliotheque-sfpe-at.com\/index.php\/wp-json\/wp\/v2\/media?parent=3503"}],"wp:term":[{"taxonomy":"category","embeddable":true,"href":"https:\/\/bibliotheque-sfpe-at.com\/index.php\/wp-json\/wp\/v2\/categories?post=3503"},{"taxonomy":"post_tag","embeddable":true,"href":"https:\/\/bibliotheque-sfpe-at.com\/index.php\/wp-json\/wp\/v2\/tags?post=3503"}],"curies":[{"name":"wp","href":"https:\/\/api.w.org\/{rel}","templated":true}]}}