{"id":3505,"date":"2025-01-21T20:33:33","date_gmt":"2025-01-21T19:33:33","guid":{"rendered":"https:\/\/sfpe-at.com\/?p=3505"},"modified":"2025-03-22T11:55:51","modified_gmt":"2025-03-22T10:55:51","slug":"le-mythe-pinel","status":"publish","type":"post","link":"https:\/\/bibliotheque-sfpe-at.com\/index.php\/2025\/01\/21\/le-mythe-pinel\/","title":{"rendered":"Le mythe Pinel"},"content":{"rendered":"\n<p><\/p>\n\n\n\n<div class=\"wp-block-columns is-layout-flex wp-container-core-columns-is-layout-28f84493 wp-block-columns-is-layout-flex\">\n<div class=\"wp-block-column is-layout-flow wp-block-column-is-layout-flow\" style=\"flex-basis:66.66%\">\n<p>Le \u00ab Mythe \u00bb Pinel est un de ces rares exemples o\u00f9 l&rsquo;on peut assister \u00e0 la fabrication naissante d&rsquo;un mythe. Et ce tant avec la documentation historique de sa biographie qu\u2019avec la connaissance de l&rsquo;imaginaire du moment.<br>Comment donc a \u00e9t\u00e9 construit ce mythe ? par qui, dans quel contexte, dans une sc\u00e9narisation o\u00f9, de plus, l&rsquo;image jouait un r\u00f4le important ?<br>Quels sont les avantages, \u00e0 quels besoins correspond-il pour la soci\u00e9t\u00e9 et pour l\u2019\u00e9volution de la m\u00e9decine, alors que lui-m\u00eame n&rsquo;a pas cherch\u00e9 \u00e0 le forger ?<br>Quels sont les inconv\u00e9nients, de r\u00e9duire Pinel \u00e0 une ic\u00f4ne, le lib\u00e9rateur de la folie de ses cha\u00eenes, ce qui fait oublier, \u00e0 c\u00f4t\u00e9 de cette anecdote, tout le g\u00e9nie de son \u0153uvre (ouvrages, traitement moral, iconographie, d\u00e9but des \u00e9valuations m\u00e9dicales, nouvel enseignement de la sp\u00e9cialit\u00e9) ? Ce qui fait oublier aussi, ce type de cr\u00e9ativit\u00e9 tardive \u00e0 partir de 50 ans, mais qui est le fruit de son \u00e9norme culture polydimensionnelle (familiale, religieuse, scientifique, botaniste, math\u00e9matique, litt\u00e9raire, traducteur angliciste, essayiste\u2026).<br>En outre, comme tout mythe, il tire son origine d\u2019un bassin de culture d\u2019o\u00f9 sont sortis de nombreux autres ali\u00e9nistes novateurs (Esquirol, Falret, Ey\u2026), ce qui interroge tout autant sur les racines de cette culture.<br>Enfin comment expliquer que la psychiatrie ait \u00e9t\u00e9 la seule sp\u00e9cialit\u00e9 \u00e0 devoir se cr\u00e9er un tel mythe ?<\/p>\n\n\n\n<p class=\"has-text-color has-link-color wp-elements-0c5dd61414d2cb4c88e3596780dedeb0\" style=\"color:#2753a5\"><strong><em>Pour lire le texte complet <a href=\"\/index.php\/options-dinscription\/\"><mark style=\"background-color:rgba(0, 0, 0, 0)\" class=\"has-inline-color has-vivid-cyan-blue-color\">s&rsquo;inscrire<\/mark><\/a> ou <a href=\"\/index.php\/my-account\/edit-account\/\"><mark style=\"background-color:rgba(0, 0, 0, 0)\" class=\"has-inline-color has-vivid-cyan-blue-color\">se connecter<\/mark><\/a><\/em><\/strong><\/p>\n\n\n\n\n\n<div style=\"height:100px\" aria-hidden=\"true\" class=\"wp-block-spacer\"><\/div>\n\n\n\n<div class=\"wp-block-buttons is-content-justification-center is-layout-flex wp-container-core-buttons-is-layout-a89b3969 wp-block-buttons-is-layout-flex\">\n<div class=\"wp-block-button has-custom-font-size has-small-font-size\"><a class=\"wp-block-button__link has-vivid-red-background-color has-background wp-element-button\" href=\"\/index.php\/2025\/01\/21\/mythes\/\">&lt;&#8211; retour<\/a><\/div>\n<\/div>\n<\/div>\n\n\n\n<div class=\"wp-block-column is-layout-flow wp-block-column-is-layout-flow\" style=\"flex-basis:33.33%\">\n<figure class=\"wp-block-table\"><table class=\"has-background\" style=\"background-color:#f8f2f2\"><thead><tr><th><mark class=\"has-inline-color has-vivid-red-color\" style=\"background-color: rgba(0, 0, 0, 0);\"><strong>Auteur<\/strong><\/mark><\/th><\/tr><\/thead><tbody><tr><td><strong><strong><strong>Fran\u00e7ois Granier<\/strong><\/strong><\/strong><\/td><\/tr><\/tbody><\/table><\/figure>\n\n\n\n<figure class=\"wp-block-table\"><table><thead><tr><th><mark class=\"has-inline-color has-vivid-red-color\" style=\"background-color: rgba(0, 0, 0, 0);\"><strong>R\u00e9f\u00e9rence<\/strong><\/mark><\/th><\/tr><\/thead><tbody><tr><td><strong>RA007-03<\/strong><br><strong>Mythes<\/strong><br>Journ\u00e9es d&rsquo;Hiver 2016<\/td><\/tr><\/tbody><\/table><\/figure>\n\n\n\n<figure class=\"wp-block-table\"><table><thead><tr><th><mark class=\"has-inline-color has-vivid-red-color\" style=\"background-color: rgba(0, 0, 0, 0);\"><strong>Cat\u00e9gories<\/strong><\/mark><\/th><\/tr><\/thead><tbody><tr><td>Psychiatrie<\/td><\/tr><\/tbody><\/table><\/figure>\n<\/div>\n<\/div>\n","protected":false},"excerpt":{"rendered":"<p>Le \u00ab Mythe \u00bb Pinel est un de ces rares exemples o\u00f9 l&rsquo;on peut assister \u00e0 la fabrication naissante d&rsquo;un mythe. Et ce tant avec la documentation historique de sa biographie qu\u2019avec la connaissance de l&rsquo;imaginaire du moment.Comment donc a \u00e9t\u00e9 construit ce mythe ? par qui, dans quel contexte,&hellip;<\/p>\n","protected":false},"author":2,"featured_media":0,"comment_status":"closed","ping_status":"open","sticky":false,"template":"","format":"standard","meta":{"pmpro_default_level":"","ngg_post_thumbnail":0,"footnotes":""},"categories":[131],"tags":[737,574,747],"class_list":["post-3505","post","type-post","status-publish","format-standard","hentry","category-granier-francois","tag-mythes","tag-psychiatrie","tag-ra007-03","pmpro-has-access"],"_links":{"self":[{"href":"https:\/\/bibliotheque-sfpe-at.com\/index.php\/wp-json\/wp\/v2\/posts\/3505","targetHints":{"allow":["GET"]}}],"collection":[{"href":"https:\/\/bibliotheque-sfpe-at.com\/index.php\/wp-json\/wp\/v2\/posts"}],"about":[{"href":"https:\/\/bibliotheque-sfpe-at.com\/index.php\/wp-json\/wp\/v2\/types\/post"}],"author":[{"embeddable":true,"href":"https:\/\/bibliotheque-sfpe-at.com\/index.php\/wp-json\/wp\/v2\/users\/2"}],"replies":[{"embeddable":true,"href":"https:\/\/bibliotheque-sfpe-at.com\/index.php\/wp-json\/wp\/v2\/comments?post=3505"}],"version-history":[{"count":2,"href":"https:\/\/bibliotheque-sfpe-at.com\/index.php\/wp-json\/wp\/v2\/posts\/3505\/revisions"}],"predecessor-version":[{"id":4464,"href":"https:\/\/bibliotheque-sfpe-at.com\/index.php\/wp-json\/wp\/v2\/posts\/3505\/revisions\/4464"}],"wp:attachment":[{"href":"https:\/\/bibliotheque-sfpe-at.com\/index.php\/wp-json\/wp\/v2\/media?parent=3505"}],"wp:term":[{"taxonomy":"category","embeddable":true,"href":"https:\/\/bibliotheque-sfpe-at.com\/index.php\/wp-json\/wp\/v2\/categories?post=3505"},{"taxonomy":"post_tag","embeddable":true,"href":"https:\/\/bibliotheque-sfpe-at.com\/index.php\/wp-json\/wp\/v2\/tags?post=3505"}],"curies":[{"name":"wp","href":"https:\/\/api.w.org\/{rel}","templated":true}]}}