{"id":3507,"date":"2025-01-21T20:36:16","date_gmt":"2025-01-21T19:36:16","guid":{"rendered":"https:\/\/sfpe-at.com\/?p=3507"},"modified":"2025-03-22T11:56:20","modified_gmt":"2025-03-22T10:56:20","slug":"imagerie-cerebrale-et-neurophysiologie","status":"publish","type":"post","link":"https:\/\/bibliotheque-sfpe-at.com\/index.php\/2025\/01\/21\/imagerie-cerebrale-et-neurophysiologie\/","title":{"rendered":"Imagerie c\u00e9r\u00e9brale et neurophysiologie"},"content":{"rendered":"\n<p><\/p>\n\n\n\n<div class=\"wp-block-columns is-layout-flex wp-container-core-columns-is-layout-28f84493 wp-block-columns-is-layout-flex\">\n<div class=\"wp-block-column is-layout-flow wp-block-column-is-layout-flow\" style=\"flex-basis:66.66%\">\n<p>Les avanc\u00e9es spectaculaires de l&rsquo;imagerie c\u00e9r\u00e9brale ont conduit \u00e0 reconsid\u00e9rer profond\u00e9ment le statut du cerveau dans la mani\u00e8re de concevoir la personne humaine et ses productions.<br>On assiste ainsi, depuis quelques ann\u00e9es, \u00e0 une prolif\u00e9ration de sous-disciplines pr\u00e9tendant rendre compte de nos comportements et de notre activit\u00e9 mentale sur une base exclusivement neuroscientifique.<br>Le cerveau n&rsquo;est plus envisag\u00e9 comme un organe que le sujet poss\u00e8de, mais comme une entit\u00e9 \u00e0 laquelle il s&rsquo;identifie, avec laquelle il se confond. Attribuer les facult\u00e9s d\u2019un sujet (d&rsquo;un esprit) \u00e0 un organe, \u00e0 grand renfort d\u2019imagerie mal comprise, constitue bien une \u00ab affabulation tendant \u00e0 devenir un mythe \u00bb.<br>\u00c0 la diff\u00e9rence des pr\u00e9c\u00e9dents, celui-l\u00e0 pr\u00e9tend fondre tous les autres dans une m\u00eame neuro-explication et promet des lendemains qui chantent.<br>Qu\u2019en est-il vraiment des annonces d\u2019immortalit\u00e9 promise sous peu aux hybrides post-humains ? En quoi ces annonces affectent-elles d\u00e9j\u00e0 nos repr\u00e9sentations de la personne humaine, de ses productions, de ses alt\u00e9rations ?<br>Il s\u2019agira, par des exemples, de pr\u00e9ciser cette composante mythique de l\u2019imagerie c\u00e9r\u00e9brale et d\u2019en souligner les cons\u00e9quences, notamment dans le champ de la psychoth\u00e9rapie.<\/p>\n\n\n\n<p class=\"has-text-color has-link-color wp-elements-0c5dd61414d2cb4c88e3596780dedeb0\" style=\"color:#2753a5\"><strong><em>Pour lire le texte complet <a href=\"\/index.php\/options-dinscription\/\"><mark style=\"background-color:rgba(0, 0, 0, 0)\" class=\"has-inline-color has-vivid-cyan-blue-color\">s&rsquo;inscrire<\/mark><\/a> ou <a href=\"\/index.php\/my-account\/edit-account\/\"><mark style=\"background-color:rgba(0, 0, 0, 0)\" class=\"has-inline-color has-vivid-cyan-blue-color\">se connecter<\/mark><\/a><\/em><\/strong><\/p>\n\n\n\n\n\n<div style=\"height:100px\" aria-hidden=\"true\" class=\"wp-block-spacer\"><\/div>\n\n\n\n<div class=\"wp-block-buttons is-content-justification-center is-layout-flex wp-container-core-buttons-is-layout-a89b3969 wp-block-buttons-is-layout-flex\">\n<div class=\"wp-block-button has-custom-font-size has-small-font-size\"><a class=\"wp-block-button__link has-vivid-red-background-color has-background wp-element-button\" href=\"\/index.php\/2025\/01\/21\/mythes\/\">&lt;&#8211; retour<\/a><\/div>\n<\/div>\n<\/div>\n\n\n\n<div class=\"wp-block-column is-layout-flow wp-block-column-is-layout-flow\" style=\"flex-basis:33.33%\">\n<figure class=\"wp-block-table\"><table class=\"has-background\" style=\"background-color:#f8f2f2\"><thead><tr><th><mark class=\"has-inline-color has-vivid-red-color\" style=\"background-color: rgba(0, 0, 0, 0);\"><strong>Auteur<\/strong><\/mark><\/th><\/tr><\/thead><tbody><tr><td><strong><strong><strong>Jean-Fran\u00e7ois Lambert<\/strong><\/strong><\/strong><\/td><\/tr><\/tbody><\/table><\/figure>\n\n\n\n<figure class=\"wp-block-table\"><table><thead><tr><th><mark class=\"has-inline-color has-vivid-red-color\" style=\"background-color: rgba(0, 0, 0, 0);\"><strong>R\u00e9f\u00e9rence<\/strong><\/mark><\/th><\/tr><\/thead><tbody><tr><td><strong>RA007-04<\/strong><br><strong>Mythes<\/strong><br>Journ\u00e9es d&rsquo;Hiver 2016<\/td><\/tr><\/tbody><\/table><\/figure>\n\n\n\n<figure class=\"wp-block-table\"><table><thead><tr><th><mark class=\"has-inline-color has-vivid-red-color\" style=\"background-color: rgba(0, 0, 0, 0);\"><strong>Cat\u00e9gories<\/strong><\/mark><\/th><\/tr><\/thead><tbody><tr><td>\u00c9pist\u00e9mologie<\/td><\/tr><\/tbody><\/table><\/figure>\n<\/div>\n<\/div>\n","protected":false},"excerpt":{"rendered":"<p>Les avanc\u00e9es spectaculaires de l&rsquo;imagerie c\u00e9r\u00e9brale ont conduit \u00e0 reconsid\u00e9rer profond\u00e9ment le statut du cerveau dans la mani\u00e8re de concevoir la personne humaine et ses productions.On assiste ainsi, depuis quelques ann\u00e9es, \u00e0 une prolif\u00e9ration de sous-disciplines pr\u00e9tendant rendre compte de nos comportements et de notre activit\u00e9 mentale sur une base&hellip;<\/p>\n","protected":false},"author":2,"featured_media":0,"comment_status":"closed","ping_status":"open","sticky":false,"template":"","format":"standard","meta":{"pmpro_default_level":"","ngg_post_thumbnail":0,"footnotes":""},"categories":[40],"tags":[738,737,748],"class_list":["post-3507","post","type-post","status-publish","format-standard","hentry","category-lambert-jean-francois","tag-epistemologie","tag-mythes","tag-ra007-04","pmpro-has-access"],"_links":{"self":[{"href":"https:\/\/bibliotheque-sfpe-at.com\/index.php\/wp-json\/wp\/v2\/posts\/3507","targetHints":{"allow":["GET"]}}],"collection":[{"href":"https:\/\/bibliotheque-sfpe-at.com\/index.php\/wp-json\/wp\/v2\/posts"}],"about":[{"href":"https:\/\/bibliotheque-sfpe-at.com\/index.php\/wp-json\/wp\/v2\/types\/post"}],"author":[{"embeddable":true,"href":"https:\/\/bibliotheque-sfpe-at.com\/index.php\/wp-json\/wp\/v2\/users\/2"}],"replies":[{"embeddable":true,"href":"https:\/\/bibliotheque-sfpe-at.com\/index.php\/wp-json\/wp\/v2\/comments?post=3507"}],"version-history":[{"count":2,"href":"https:\/\/bibliotheque-sfpe-at.com\/index.php\/wp-json\/wp\/v2\/posts\/3507\/revisions"}],"predecessor-version":[{"id":4465,"href":"https:\/\/bibliotheque-sfpe-at.com\/index.php\/wp-json\/wp\/v2\/posts\/3507\/revisions\/4465"}],"wp:attachment":[{"href":"https:\/\/bibliotheque-sfpe-at.com\/index.php\/wp-json\/wp\/v2\/media?parent=3507"}],"wp:term":[{"taxonomy":"category","embeddable":true,"href":"https:\/\/bibliotheque-sfpe-at.com\/index.php\/wp-json\/wp\/v2\/categories?post=3507"},{"taxonomy":"post_tag","embeddable":true,"href":"https:\/\/bibliotheque-sfpe-at.com\/index.php\/wp-json\/wp\/v2\/tags?post=3507"}],"curies":[{"name":"wp","href":"https:\/\/api.w.org\/{rel}","templated":true}]}}