{"id":3509,"date":"2025-01-21T20:40:37","date_gmt":"2025-01-21T19:40:37","guid":{"rendered":"https:\/\/sfpe-at.com\/?p=3509"},"modified":"2025-03-22T11:57:11","modified_gmt":"2025-03-22T10:57:11","slug":"platon-le-mythe-et-lamour","status":"publish","type":"post","link":"https:\/\/bibliotheque-sfpe-at.com\/index.php\/2025\/01\/21\/platon-le-mythe-et-lamour\/","title":{"rendered":"Platon, le mythe et l\u2019amour"},"content":{"rendered":"\n<p><\/p>\n\n\n\n<div class=\"wp-block-columns is-layout-flex wp-container-core-columns-is-layout-28f84493 wp-block-columns-is-layout-flex\">\n<div class=\"wp-block-column is-layout-flow wp-block-column-is-layout-flow\" style=\"flex-basis:66.66%\">\n<p>Les humanit\u00e9s classiques nous mettent en pr\u00e9sence de mythes. Ces r\u00e9cits fondateurs d\u00e9notent un niveau \u00e9lev\u00e9 de civilisation, aussi bien pour I&rsquo;Inde que la Chine, l\u2019\u00c9gypte ou la Perse. Cela vaut pour la Gr\u00e8ce. Quelle serait notre vision du monde grec sans les mythes expos\u00e9s par Hom\u00e8re et H\u00e9siode ?<br>Dans ce monde, quelques si\u00e8cles ensuite, advient la pens\u00e9e scientifique et philosophique. Elle oppose le Ao^o\u00e7 (logos ou raison) au n\u00fcOo\u00e7 (mythe ou r\u00e9cit). Ainsi la r\u00e9alit\u00e9 de la raison fait face \u00e0 la fiction du mythe, la recherche de la v\u00e9rit\u00e9 s&rsquo;oppose au r\u00e9cit fabuleux. Le logos porte le vrai et renvoie le mythe au faux. H\u00e9rodote fait de son roTopia (enqu\u00eate ou histoire) une cr\u00e9ation du logos. Le p\u00e8re de l\u2019Histoire le pr\u00e9tend dans la mesure o\u00f9 son investigation a pour fonction de d\u00e9terminer des causes aux faits.<br>Pourtant la s\u00e9paration radicale entre raison et mythe appara\u00eetra tr\u00e8s tardivement. De plus, la rupture n\u2019exclut pas la continuit\u00e9. Dans la tradition occidentale, Platon en serait l\u2019\u00e9minente figure paradigmatique. Certes, il oppose distinctement le logos et le mythe, la raison v\u00e9ridique et le r\u00e9cit fa\u00e7onn\u00e9, donc fictif. Cependant le mythe demeure comme un compl\u00e9ment de la raison. Cette forme de parole rev\u00eatue de sens s&rsquo;impose pour emporter la conviction. Le mythe r\u00e9siste \u00e0 l\u2019assaut de l&rsquo;argumentation strictement rationnelle. Son pouvoir d\u00e9monstratif tend m\u00eame parfois \u00e0 \u00e9galer le discours vrai.<br>Platon \u00e9crit explicitement donner foi \u00e0 ces r\u00e9cits. Il convient de l\u2019admettre pour un adepte de la raison, disciple de Socrate : la fiction po\u00e9tique que nous appelons mythe atteint son plein effet de r\u00e9el. Platon y recourt largement en parlant du devenir du monde, de la destin\u00e9e des \u00e2mes, de l&rsquo;acc\u00e8s aux Id\u00e9es ou de la condition humaine.<br>Je centrerai mon propos sur cette condition humaine et tout particuli\u00e8rement sur l\u2019amour. Trois ou quatre mythes bien choisis permettront de mettre en lumi\u00e8re l&rsquo;\u00e9rotique platonicienne. Question bibliographie, les \u0153uvres compl\u00e8tes du divin Platon nous tendent les bras. Je pourrais compl\u00e9ter, le cas \u00e9ch\u00e9ant, par des commentaires savants. Je pense \u00e0 deux de mes ma\u00eetres et amis : Jean-Pierre Vernant et Pierre Vidal-Naquet.<\/p>\n\n\n\n<p class=\"has-text-color has-link-color wp-elements-0c5dd61414d2cb4c88e3596780dedeb0\" style=\"color:#2753a5\"><strong><em>Pour lire le texte complet <a href=\"\/index.php\/options-dinscription\/\"><mark style=\"background-color:rgba(0, 0, 0, 0)\" class=\"has-inline-color has-vivid-cyan-blue-color\">s&rsquo;inscrire<\/mark><\/a> ou <a href=\"\/index.php\/my-account\/edit-account\/\"><mark style=\"background-color:rgba(0, 0, 0, 0)\" class=\"has-inline-color has-vivid-cyan-blue-color\">se connecter<\/mark><\/a><\/em><\/strong><\/p>\n\n\n\n\n\n<div style=\"height:100px\" aria-hidden=\"true\" class=\"wp-block-spacer\"><\/div>\n\n\n\n<div class=\"wp-block-buttons is-content-justification-center is-layout-flex wp-container-core-buttons-is-layout-a89b3969 wp-block-buttons-is-layout-flex\">\n<div class=\"wp-block-button has-custom-font-size has-small-font-size\"><a class=\"wp-block-button__link has-vivid-red-background-color has-background wp-element-button\" href=\"\/index.php\/2025\/01\/21\/mythes\/\">&lt;&#8211; retour<\/a><\/div>\n<\/div>\n<\/div>\n\n\n\n<div class=\"wp-block-column is-layout-flow wp-block-column-is-layout-flow\" style=\"flex-basis:33.33%\">\n<figure class=\"wp-block-table\"><table class=\"has-background\" style=\"background-color:#f8f2f2\"><thead><tr><th><mark class=\"has-inline-color has-vivid-red-color\" style=\"background-color: rgba(0, 0, 0, 0);\"><strong>Auteur<\/strong><\/mark><\/th><\/tr><\/thead><tbody><tr><td><strong><strong><strong>Jean-Philippe Catonn\u00e9<\/strong><\/strong><\/strong><\/td><\/tr><\/tbody><\/table><\/figure>\n\n\n\n<figure class=\"wp-block-table\"><table><thead><tr><th><mark class=\"has-inline-color has-vivid-red-color\" style=\"background-color: rgba(0, 0, 0, 0);\"><strong>R\u00e9f\u00e9rence<\/strong><\/mark><\/th><\/tr><\/thead><tbody><tr><td><strong>RA007-05<\/strong><br><strong>Mythes<\/strong><br>Journ\u00e9es d&rsquo;Hiver 2016<\/td><\/tr><\/tbody><\/table><\/figure>\n\n\n\n<figure class=\"wp-block-table\"><table><thead><tr><th><mark class=\"has-inline-color has-vivid-red-color\" style=\"background-color: rgba(0, 0, 0, 0);\"><strong>Cat\u00e9gories<\/strong><\/mark><\/th><\/tr><\/thead><tbody><tr><td>Philosophie<\/td><\/tr><\/tbody><\/table><\/figure>\n<\/div>\n<\/div>\n","protected":false},"excerpt":{"rendered":"<p>Les humanit\u00e9s classiques nous mettent en pr\u00e9sence de mythes. Ces r\u00e9cits fondateurs d\u00e9notent un niveau \u00e9lev\u00e9 de civilisation, aussi bien pour I&rsquo;Inde que la Chine, l\u2019\u00c9gypte ou la Perse. Cela vaut pour la Gr\u00e8ce. Quelle serait notre vision du monde grec sans les mythes expos\u00e9s par Hom\u00e8re et H\u00e9siode ?Dans&hellip;<\/p>\n","protected":false},"author":2,"featured_media":0,"comment_status":"closed","ping_status":"open","sticky":false,"template":"","format":"standard","meta":{"pmpro_default_level":"","ngg_post_thumbnail":0,"footnotes":""},"categories":[58],"tags":[737,487,749],"class_list":["post-3509","post","type-post","status-publish","format-standard","hentry","category-catonne-jean-philippe","tag-mythes","tag-philosophie","tag-ra007-05","pmpro-has-access"],"_links":{"self":[{"href":"https:\/\/bibliotheque-sfpe-at.com\/index.php\/wp-json\/wp\/v2\/posts\/3509","targetHints":{"allow":["GET"]}}],"collection":[{"href":"https:\/\/bibliotheque-sfpe-at.com\/index.php\/wp-json\/wp\/v2\/posts"}],"about":[{"href":"https:\/\/bibliotheque-sfpe-at.com\/index.php\/wp-json\/wp\/v2\/types\/post"}],"author":[{"embeddable":true,"href":"https:\/\/bibliotheque-sfpe-at.com\/index.php\/wp-json\/wp\/v2\/users\/2"}],"replies":[{"embeddable":true,"href":"https:\/\/bibliotheque-sfpe-at.com\/index.php\/wp-json\/wp\/v2\/comments?post=3509"}],"version-history":[{"count":2,"href":"https:\/\/bibliotheque-sfpe-at.com\/index.php\/wp-json\/wp\/v2\/posts\/3509\/revisions"}],"predecessor-version":[{"id":4466,"href":"https:\/\/bibliotheque-sfpe-at.com\/index.php\/wp-json\/wp\/v2\/posts\/3509\/revisions\/4466"}],"wp:attachment":[{"href":"https:\/\/bibliotheque-sfpe-at.com\/index.php\/wp-json\/wp\/v2\/media?parent=3509"}],"wp:term":[{"taxonomy":"category","embeddable":true,"href":"https:\/\/bibliotheque-sfpe-at.com\/index.php\/wp-json\/wp\/v2\/categories?post=3509"},{"taxonomy":"post_tag","embeddable":true,"href":"https:\/\/bibliotheque-sfpe-at.com\/index.php\/wp-json\/wp\/v2\/tags?post=3509"}],"curies":[{"name":"wp","href":"https:\/\/api.w.org\/{rel}","templated":true}]}}