{"id":3515,"date":"2025-01-21T20:47:39","date_gmt":"2025-01-21T19:47:39","guid":{"rendered":"https:\/\/sfpe-at.com\/?p=3515"},"modified":"2025-03-22T11:58:56","modified_gmt":"2025-03-22T10:58:56","slug":"interpretations-romantiques-et-freudiennes-du-mythe-de-faust","status":"publish","type":"post","link":"https:\/\/bibliotheque-sfpe-at.com\/index.php\/2025\/01\/21\/interpretations-romantiques-et-freudiennes-du-mythe-de-faust\/","title":{"rendered":"Interpr\u00e9tations romantiques et freudiennes du mythe de Faust"},"content":{"rendered":"\n<p><\/p>\n\n\n\n<div class=\"wp-block-columns is-layout-flex wp-container-core-columns-is-layout-28f84493 wp-block-columns-is-layout-flex\">\n<div class=\"wp-block-column is-layout-flow wp-block-column-is-layout-flow\" style=\"flex-basis:66.66%\">\n<p>Personnage historique dont l&rsquo;existence a \u00e9t\u00e9 t\u00e9moign\u00e9e en Allemagne entre 1480 et 1540, le premier texte, ouvrant la l\u00e9gende, est celui d\u2019un r\u00e9cit populaire \u00e0 interpr\u00e9tation th\u00e9ologique ou Volksbuch, le Faustbuch de Spiess \u00e0 Frankfurt en 1587 sous le titre Histoire du Dr Johann Faust, c\u00e9l\u00e8bre magicien et enchanteur\u2026<br>Puis vient le drame de Christopher Mariowe La tragique histoire du Dr Faust, jou\u00e9 vers 1594, avant l&rsquo;Urfaust de Goethe commenc\u00e9 en 1770 en plein Sturm und Drang, son premier Faust de 1808 et son second Faust der Trag\u00f4die zweiter Teil entre 1827 et 1832. G\u00e9rard de Nerval le traduit en 1828, ann\u00e9e de la jeune triade fran\u00e7aise faustienne avec Berlioz et Delacroix.<br>Le passage du Faust damn\u00e9 m\u00e9di\u00e9val, savant ayant vendu son \u00e2me au diable pour jouir des plaisirs, au Faust v\u00e9n\u00e9r\u00e9 par le romantisme, figure du h\u00e9ros en qu\u00eate pulsionnelle de toujours plus de savoir et d&rsquo;exp\u00e9riences, aboutira finalement au conflit freudien du d\u00e9sir et de la jouissance : \u00ab Je vacille du d\u00e9sir (Begierde) vers la jouissance (Genuss) et dans la jouissance je regrette le d\u00e9sir. \u00bb<br>Freud parle \u00e0 propos des mythes endo-psychiques d&rsquo;une psychomythologie issue du tr\u00e9sor populaire des l\u00e9gendes et des contes. Il cite abondamment Goethe et Faust en particulier.<br>Sur le plan iconographique, il sera int\u00e9ressant de comparer en particulier les illustrations de Delacroix et de Carus, mais aussi celles de Rembrandt, Kersting, Carosfeld, Corn\u00e9lius, Retzsch, Schaeffer. Delacroix a en effet r\u00e9alis\u00e9 17 lithographies vers 1826 et Cari Gustav Carus dessin\u00e9 en 1851 huit feuilles (dont deux manquent) : Faust dans son cabinet la nuit \u00e0 son pupitre (dont un r\u00eavant), Faust et M\u00e9phisto chevauchant ou montant au sommet du Harz sur le Brocken (lieu de la nuit de Walpurgis), Faust et Wagner avec le barbet, Faust seul dans la for\u00eat au clair de lune.<\/p>\n\n\n\n<p class=\"has-text-color has-link-color wp-elements-0c5dd61414d2cb4c88e3596780dedeb0\" style=\"color:#2753a5\"><strong><em>Pour lire le texte complet <a href=\"\/index.php\/options-dinscription\/\"><mark style=\"background-color:rgba(0, 0, 0, 0)\" class=\"has-inline-color has-vivid-cyan-blue-color\">s&rsquo;inscrire<\/mark><\/a> ou <a href=\"\/index.php\/my-account\/edit-account\/\"><mark style=\"background-color:rgba(0, 0, 0, 0)\" class=\"has-inline-color has-vivid-cyan-blue-color\">se connecter<\/mark><\/a><\/em><\/strong><\/p>\n\n\n\n\n\n<div style=\"height:100px\" aria-hidden=\"true\" class=\"wp-block-spacer\"><\/div>\n\n\n\n<div class=\"wp-block-buttons is-content-justification-center is-layout-flex wp-container-core-buttons-is-layout-a89b3969 wp-block-buttons-is-layout-flex\">\n<div class=\"wp-block-button has-custom-font-size has-small-font-size\"><a class=\"wp-block-button__link has-vivid-red-background-color has-background wp-element-button\" href=\"\/index.php\/2025\/01\/21\/mythes\/\">&lt;&#8211; retour<\/a><\/div>\n<\/div>\n<\/div>\n\n\n\n<div class=\"wp-block-column is-layout-flow wp-block-column-is-layout-flow\" style=\"flex-basis:33.33%\">\n<figure class=\"wp-block-table\"><table class=\"has-background\" style=\"background-color:#f8f2f2\"><thead><tr><th><mark class=\"has-inline-color has-vivid-red-color\" style=\"background-color: rgba(0, 0, 0, 0);\"><strong>Auteur<\/strong><\/mark><\/th><\/tr><\/thead><tbody><tr><td><strong><strong><strong>Pascal Pierlot<\/strong><\/strong><\/strong><\/td><\/tr><\/tbody><\/table><\/figure>\n\n\n\n<figure class=\"wp-block-table\"><table><thead><tr><th><mark class=\"has-inline-color has-vivid-red-color\" style=\"background-color: rgba(0, 0, 0, 0);\"><strong>R\u00e9f\u00e9rence<\/strong><\/mark><\/th><\/tr><\/thead><tbody><tr><td><strong>RA007-08<\/strong><br><strong>Mythes<\/strong><br>Journ\u00e9es d&rsquo;Hiver 2016<\/td><\/tr><\/tbody><\/table><\/figure>\n\n\n\n<figure class=\"wp-block-table\"><table><thead><tr><th><mark class=\"has-inline-color has-vivid-red-color\" style=\"background-color: rgba(0, 0, 0, 0);\"><strong>Cat\u00e9gories<\/strong><\/mark><\/th><\/tr><\/thead><tbody><tr><td>Psychanalyse<\/td><\/tr><\/tbody><\/table><\/figure>\n<\/div>\n<\/div>\n","protected":false},"excerpt":{"rendered":"<p>Personnage historique dont l&rsquo;existence a \u00e9t\u00e9 t\u00e9moign\u00e9e en Allemagne entre 1480 et 1540, le premier texte, ouvrant la l\u00e9gende, est celui d\u2019un r\u00e9cit populaire \u00e0 interpr\u00e9tation th\u00e9ologique ou Volksbuch, le Faustbuch de Spiess \u00e0 Frankfurt en 1587 sous le titre Histoire du Dr Johann Faust, c\u00e9l\u00e8bre magicien et enchanteur\u2026Puis vient&hellip;<\/p>\n","protected":false},"author":2,"featured_media":0,"comment_status":"closed","ping_status":"open","sticky":false,"template":"","format":"standard","meta":{"pmpro_default_level":"","ngg_post_thumbnail":0,"footnotes":""},"categories":[71],"tags":[737,494,752],"class_list":["post-3515","post","type-post","status-publish","format-standard","hentry","category-pierlot-pascal","tag-mythes","tag-psychanalyse","tag-ra007-08","pmpro-has-access"],"_links":{"self":[{"href":"https:\/\/bibliotheque-sfpe-at.com\/index.php\/wp-json\/wp\/v2\/posts\/3515","targetHints":{"allow":["GET"]}}],"collection":[{"href":"https:\/\/bibliotheque-sfpe-at.com\/index.php\/wp-json\/wp\/v2\/posts"}],"about":[{"href":"https:\/\/bibliotheque-sfpe-at.com\/index.php\/wp-json\/wp\/v2\/types\/post"}],"author":[{"embeddable":true,"href":"https:\/\/bibliotheque-sfpe-at.com\/index.php\/wp-json\/wp\/v2\/users\/2"}],"replies":[{"embeddable":true,"href":"https:\/\/bibliotheque-sfpe-at.com\/index.php\/wp-json\/wp\/v2\/comments?post=3515"}],"version-history":[{"count":2,"href":"https:\/\/bibliotheque-sfpe-at.com\/index.php\/wp-json\/wp\/v2\/posts\/3515\/revisions"}],"predecessor-version":[{"id":4469,"href":"https:\/\/bibliotheque-sfpe-at.com\/index.php\/wp-json\/wp\/v2\/posts\/3515\/revisions\/4469"}],"wp:attachment":[{"href":"https:\/\/bibliotheque-sfpe-at.com\/index.php\/wp-json\/wp\/v2\/media?parent=3515"}],"wp:term":[{"taxonomy":"category","embeddable":true,"href":"https:\/\/bibliotheque-sfpe-at.com\/index.php\/wp-json\/wp\/v2\/categories?post=3515"},{"taxonomy":"post_tag","embeddable":true,"href":"https:\/\/bibliotheque-sfpe-at.com\/index.php\/wp-json\/wp\/v2\/tags?post=3515"}],"curies":[{"name":"wp","href":"https:\/\/api.w.org\/{rel}","templated":true}]}}