{"id":3527,"date":"2025-01-21T21:03:36","date_gmt":"2025-01-21T20:03:36","guid":{"rendered":"https:\/\/sfpe-at.com\/?p=3527"},"modified":"2025-03-22T12:02:34","modified_gmt":"2025-03-22T11:02:34","slug":"quand-le-mythe-revisite-la-realite","status":"publish","type":"post","link":"https:\/\/bibliotheque-sfpe-at.com\/index.php\/2025\/01\/21\/quand-le-mythe-revisite-la-realite\/","title":{"rendered":"Quand le mythe revisite la r\u00e9alit\u00e9"},"content":{"rendered":"\n<p><\/p>\n\n\n\n<div class=\"wp-block-columns is-layout-flex wp-container-core-columns-is-layout-28f84493 wp-block-columns-is-layout-flex\">\n<div class=\"wp-block-column is-layout-flow wp-block-column-is-layout-flow\" style=\"flex-basis:66.66%\">\n<p>Mai 1998. Lors de travaux de r\u00e9fection du manoir de l&rsquo;\u00e9crivain Patrick<br>Cauvin, dans le Maine-et-Loire, sont retrouv\u00e9s les fragments d&rsquo;un journal ancien r\u00e9dig\u00e9 en espagnol. Mais, plus encore, sont mis au jour quelques tableaux, croquis, partitions musicales.<br>La traduction du journal r\u00e9v\u00e8le un personnage fabuleux : Francisco Torrentera (1630-1662), peintre, musicien, humaniste et provocateur de g\u00e9nie, aux nombreuses conqu\u00eates f\u00e9minines. \u00c0 32 ans, il sera assassin\u00e9 \u00e0 Madrid, le plus vraisemblablement en raison de ses th\u00e9ories religieuses. \u00c0 17 ans, en effet, il avait \u00e9t\u00e9 chass\u00e9, pour propos blasph\u00e9matoires, de l\u2019abbaye de Montserrat o\u00f9 des moines l&rsquo;avaient recueilli quand il avait 6 ans.<br>L&rsquo;\u0153uvre de Torrentera est multiple et fascinante : peintre, il est aussi inventeur ; musicien, il est aussi philosophe. Il \u00e9crit aphorismes et po\u00e9sies ; il s&rsquo;essaie aussi au th\u00e9\u00e2tre. Ses carnets personnels laissent de nombreux t\u00e9moignages de ses aventures et de sa vie. Il est g\u00e9nial et il est beau \u2014 son autoportrait en t\u00e9moigne \u2014, aussi s\u00e9duisant dans ses exploits qu\u2019il est inventif dans son art.<br>En 1999, une exposition, un spectacle, concert et d\u00e9bat seront consacr\u00e9s \u00e0 cet homme hors du commun dont Patrick Cauvin, par ailleurs, \u00e9crira la biographie. L&rsquo;impact m\u00e9diatique des manifestations sera remarquable.<br>Devant ce ph\u00e9nom\u00e8ne se posent de nombreuses questions.<br>\u2014 Que se passe-t-il quand une figure mythique revisite la r\u00e9alit\u00e9 ?<br>\u2014 Quelles relations peut-on \u00e9tablir entre l&rsquo;Histoire, le mythe, ses myst\u00e8res et les \u0153uvres c\u00e9l\u00e8bres? O\u00f9 se trouve donc alors la V\u00e9rit\u00e9 ?<br>Nous d\u00e9couvrirons l&rsquo;\u0153uvre de Torrentera, nous \u00e9couterons quelques pages du journal et extraits des sept pi\u00e8ces pour clavecin, son extraordinaire Miserere ex\u00e9cut\u00e9 par soixante choristes accompagn\u00e9s d&rsquo;un orchestre I<br>de chambre.<br>En 1999, lors du spectacle consacr\u00e9 \u00e0 Torrentera, de quel mythe fut-il <br>question au sein du d\u00e9bat qui opposa Patrick Cauvin et le professeur Juan Alvarez de l\u2019universit\u00e9 de Caceres ?<br>Et surtout, quels sont les effets d&rsquo;un mythe dans la r\u00e9alit\u00e9 de notre soci\u00e9t\u00e9 o\u00f9 le virtuel pr\u00e9vaut sur toute forme d\u2019imaginaire ?<\/p>\n\n\n\n<p class=\"has-text-color has-link-color wp-elements-0c5dd61414d2cb4c88e3596780dedeb0\" style=\"color:#2753a5\"><strong><em>Pour lire le texte complet <a href=\"\/index.php\/options-dinscription\/\"><mark style=\"background-color:rgba(0, 0, 0, 0)\" class=\"has-inline-color has-vivid-cyan-blue-color\">s&rsquo;inscrire<\/mark><\/a> ou <a href=\"\/index.php\/my-account\/edit-account\/\"><mark style=\"background-color:rgba(0, 0, 0, 0)\" class=\"has-inline-color has-vivid-cyan-blue-color\">se connecter<\/mark><\/a><\/em><\/strong><\/p>\n\n\n\n\n\n<div style=\"height:100px\" aria-hidden=\"true\" class=\"wp-block-spacer\"><\/div>\n\n\n\n<div class=\"wp-block-buttons is-content-justification-center is-layout-flex wp-container-core-buttons-is-layout-a89b3969 wp-block-buttons-is-layout-flex\">\n<div class=\"wp-block-button has-custom-font-size has-small-font-size\"><a class=\"wp-block-button__link has-vivid-red-background-color has-background wp-element-button\" href=\"\/index.php\/2025\/01\/21\/mythes\/\">&lt;&#8211; retour<\/a><\/div>\n<\/div>\n<\/div>\n\n\n\n<div class=\"wp-block-column is-layout-flow wp-block-column-is-layout-flow\" style=\"flex-basis:33.33%\">\n<figure class=\"wp-block-table\"><table class=\"has-background\" style=\"background-color:#f8f2f2\"><thead><tr><th><mark class=\"has-inline-color has-vivid-red-color\" style=\"background-color: rgba(0, 0, 0, 0);\"><strong>Auteur<\/strong><\/mark><\/th><\/tr><\/thead><tbody><tr><td><strong><strong><strong>G\u00e9rard Bout\u00e9<\/strong><\/strong><\/strong><\/td><\/tr><\/tbody><\/table><\/figure>\n\n\n\n<figure class=\"wp-block-table\"><table><thead><tr><th><mark class=\"has-inline-color has-vivid-red-color\" style=\"background-color: rgba(0, 0, 0, 0);\"><strong>R\u00e9f\u00e9rence<\/strong><\/mark><\/th><\/tr><\/thead><tbody><tr><td><strong>RA007-14<\/strong><br><strong>Mythes<\/strong><br>Journ\u00e9es d&rsquo;Hiver 2016<\/td><\/tr><\/tbody><\/table><\/figure>\n\n\n\n<figure class=\"wp-block-table\"><table><thead><tr><th><mark class=\"has-inline-color has-vivid-red-color\" style=\"background-color: rgba(0, 0, 0, 0);\"><strong>Cat\u00e9gories<\/strong><\/mark><\/th><\/tr><\/thead><tbody><tr><td>Litt\u00e9rature<br>Musique<\/td><\/tr><\/tbody><\/table><\/figure>\n<\/div>\n<\/div>\n","protected":false},"excerpt":{"rendered":"<p>Mai 1998. Lors de travaux de r\u00e9fection du manoir de l&rsquo;\u00e9crivain PatrickCauvin, dans le Maine-et-Loire, sont retrouv\u00e9s les fragments d&rsquo;un journal ancien r\u00e9dig\u00e9 en espagnol. Mais, plus encore, sont mis au jour quelques tableaux, croquis, partitions musicales.La traduction du journal r\u00e9v\u00e8le un personnage fabuleux : Francisco Torrentera (1630-1662), peintre, musicien,&hellip;<\/p>\n","protected":false},"author":2,"featured_media":0,"comment_status":"closed","ping_status":"open","sticky":false,"template":"","format":"standard","meta":{"pmpro_default_level":"","ngg_post_thumbnail":0,"footnotes":""},"categories":[68],"tags":[509,538,737,758],"class_list":["post-3527","post","type-post","status-publish","format-standard","hentry","category-boute-gerard","tag-litterature","tag-musique","tag-mythes","tag-ra007-14","pmpro-has-access"],"_links":{"self":[{"href":"https:\/\/bibliotheque-sfpe-at.com\/index.php\/wp-json\/wp\/v2\/posts\/3527","targetHints":{"allow":["GET"]}}],"collection":[{"href":"https:\/\/bibliotheque-sfpe-at.com\/index.php\/wp-json\/wp\/v2\/posts"}],"about":[{"href":"https:\/\/bibliotheque-sfpe-at.com\/index.php\/wp-json\/wp\/v2\/types\/post"}],"author":[{"embeddable":true,"href":"https:\/\/bibliotheque-sfpe-at.com\/index.php\/wp-json\/wp\/v2\/users\/2"}],"replies":[{"embeddable":true,"href":"https:\/\/bibliotheque-sfpe-at.com\/index.php\/wp-json\/wp\/v2\/comments?post=3527"}],"version-history":[{"count":2,"href":"https:\/\/bibliotheque-sfpe-at.com\/index.php\/wp-json\/wp\/v2\/posts\/3527\/revisions"}],"predecessor-version":[{"id":4475,"href":"https:\/\/bibliotheque-sfpe-at.com\/index.php\/wp-json\/wp\/v2\/posts\/3527\/revisions\/4475"}],"wp:attachment":[{"href":"https:\/\/bibliotheque-sfpe-at.com\/index.php\/wp-json\/wp\/v2\/media?parent=3527"}],"wp:term":[{"taxonomy":"category","embeddable":true,"href":"https:\/\/bibliotheque-sfpe-at.com\/index.php\/wp-json\/wp\/v2\/categories?post=3527"},{"taxonomy":"post_tag","embeddable":true,"href":"https:\/\/bibliotheque-sfpe-at.com\/index.php\/wp-json\/wp\/v2\/tags?post=3527"}],"curies":[{"name":"wp","href":"https:\/\/api.w.org\/{rel}","templated":true}]}}