{"id":3529,"date":"2025-01-21T21:07:22","date_gmt":"2025-01-21T20:07:22","guid":{"rendered":"https:\/\/sfpe-at.com\/?p=3529"},"modified":"2025-03-22T12:03:00","modified_gmt":"2025-03-22T11:03:00","slug":"otto-rank-serrurier-de-lame","status":"publish","type":"post","link":"https:\/\/bibliotheque-sfpe-at.com\/index.php\/2025\/01\/21\/otto-rank-serrurier-de-lame\/","title":{"rendered":"Otto Rank, serrurier de l\u2019\u00e2me"},"content":{"rendered":"\n<p><\/p>\n\n\n\n<div class=\"wp-block-columns is-layout-flex wp-container-core-columns-is-layout-28f84493 wp-block-columns-is-layout-flex\">\n<div class=\"wp-block-column is-layout-flow wp-block-column-is-layout-flow\" style=\"flex-basis:66.66%\">\n<p>Dans ma communication, je propose de revisiter les apports d&rsquo;Otto Rank (1884-1939) qui, tant par son \u0153uvre que par sa trajectoire nous permettra d\u2019interroger la notion de mythe. L\u2019histoire de sa vie se lit comme un conte de f\u00e9es \u00e0 la fin tragique. D\u00e8s son texte initial et initiateur sur \u00ab l\u2019artiste \u00bb qui l&rsquo;a fait rencontrer Freud en 1907, Rank a constitu\u00e9 le champ, inlassablement explor\u00e9 jusqu\u2019\u00e0 nos jours, des liens entre art et psychanalyse. On sait sa f\u00e9condit\u00e9 pour la pens\u00e9e de Freud qui consid\u00e9rait son texte Un souvenir d\u2019enfance de L\u00e9onard de Vinci (1910) comme \u00ab la chose la plus jolie qu'[il] avait jamais \u00e9crite \u00bb. Ainsi Rank a \u00e9labor\u00e9 une v\u00e9ritable m\u00e9tapsychologie du fait cr\u00e9ateur, en \u00e9tudiant pendant trente ans des mythes aussi divers que Le mythe de la naissance du h\u00e9ros, suivi de Lohengrin (1909) ou encore Don Juan et le double (1914).<br>Collaborateur intime, premier secr\u00e9taire de la Soci\u00e9t\u00e9 psychanalytique de Vienne, v\u00e9ritable dauphin si ce n&rsquo;est fils adoptif de Freud, Rank a \u00e9galement codirig\u00e9 avec Hanns Sachs la revue Imago. \u00c9dit\u00e9e en 2014 par E. James Liebermann et Robert Kramer, la correspondance entre Freud et Rank documente la complexit\u00e9 et la profondeur de leur lien. Rank faisait partie, avec Jung, Adler, Abraham, Ferenczi, Stekel, du cercle des 7 dont la loyaut\u00e9 \u00e9tait scell\u00e9e par une bague offerte par Freud. Le mythe fondateur de la psychanalyse se m\u00eale alors \u00e0 la trame du mythe du meurtre du p\u00e8re, chaque membre du groupe \u00e9tant accus\u00e9 de trahison tour \u00e0 tour. Chacun conna\u00eetra, \u00e0 des moments diff\u00e9rents, la musique\u2026 l&rsquo;air poignant, \u00e0 la fois triste et violent, d&rsquo;un leitmotiv ancestral : le fils rejet\u00e9 par le p\u00e8re sur fond de trahison mi-imaginaire, mi-r\u00e9elle, la rupture, la dissension, la scission venant comme mode r\u00e9solutif du conflit, ou plut\u00f4t comme marque de son impossible r\u00e9solution.<br>C&rsquo;est la trajectoire d&rsquo;Otto Rank \u2014 exclu de la Soci\u00e9t\u00e9 internationale de psychanalyse apr\u00e8s la parution de son livre sur le Traumatisme de la naissance en 1924, puis d\u00e9c\u00e9d\u00e9 pr\u00e9matur\u00e9ment \u00e0 New York en 1939 \u2014 que nous mettrons en lumi\u00e8re pour interroger la part d&rsquo;ombre, la violence inou\u00efe qui colore tout mythe.<\/p>\n\n\n\n<p class=\"has-text-color has-link-color wp-elements-0c5dd61414d2cb4c88e3596780dedeb0\" style=\"color:#2753a5\"><strong><em>Pour lire le texte complet <a href=\"\/index.php\/options-dinscription\/\"><mark style=\"background-color:rgba(0, 0, 0, 0)\" class=\"has-inline-color has-vivid-cyan-blue-color\">s&rsquo;inscrire<\/mark><\/a> ou <a href=\"\/index.php\/my-account\/edit-account\/\"><mark style=\"background-color:rgba(0, 0, 0, 0)\" class=\"has-inline-color has-vivid-cyan-blue-color\">se connecter<\/mark><\/a><\/em><\/strong><\/p>\n\n\n\n\n\n<div style=\"height:100px\" aria-hidden=\"true\" class=\"wp-block-spacer\"><\/div>\n\n\n\n<div class=\"wp-block-buttons is-content-justification-center is-layout-flex wp-container-core-buttons-is-layout-a89b3969 wp-block-buttons-is-layout-flex\">\n<div class=\"wp-block-button has-custom-font-size has-small-font-size\"><a class=\"wp-block-button__link has-vivid-red-background-color has-background wp-element-button\" href=\"\/index.php\/2025\/01\/21\/mythes\/\">&lt;&#8211; retour<\/a><\/div>\n<\/div>\n<\/div>\n\n\n\n<div class=\"wp-block-column is-layout-flow wp-block-column-is-layout-flow\" style=\"flex-basis:33.33%\">\n<figure class=\"wp-block-table\"><table class=\"has-background\" style=\"background-color:#f8f2f2\"><thead><tr><th><mark class=\"has-inline-color has-vivid-red-color\" style=\"background-color: rgba(0, 0, 0, 0);\"><strong>Auteur<\/strong><\/mark><\/th><\/tr><\/thead><tbody><tr><td><strong><strong><strong>Silke Schauder<\/strong><\/strong><\/strong><\/td><\/tr><\/tbody><\/table><\/figure>\n\n\n\n<figure class=\"wp-block-table\"><table><thead><tr><th><mark class=\"has-inline-color has-vivid-red-color\" style=\"background-color: rgba(0, 0, 0, 0);\"><strong>R\u00e9f\u00e9rence<\/strong><\/mark><\/th><\/tr><\/thead><tbody><tr><td><strong>RA007-15<\/strong><br><strong>Mythes<\/strong><br>Journ\u00e9es d&rsquo;Hiver 2016<\/td><\/tr><\/tbody><\/table><\/figure>\n\n\n\n<figure class=\"wp-block-table\"><table><thead><tr><th><mark class=\"has-inline-color has-vivid-red-color\" style=\"background-color: rgba(0, 0, 0, 0);\"><strong>Cat\u00e9gories<\/strong><\/mark><\/th><\/tr><\/thead><tbody><tr><td>Psychanalyse<\/td><\/tr><\/tbody><\/table><\/figure>\n<\/div>\n<\/div>\n","protected":false},"excerpt":{"rendered":"<p>Dans ma communication, je propose de revisiter les apports d&rsquo;Otto Rank (1884-1939) qui, tant par son \u0153uvre que par sa trajectoire nous permettra d\u2019interroger la notion de mythe. L\u2019histoire de sa vie se lit comme un conte de f\u00e9es \u00e0 la fin tragique. D\u00e8s son texte initial et initiateur sur&hellip;<\/p>\n","protected":false},"author":2,"featured_media":0,"comment_status":"closed","ping_status":"open","sticky":false,"template":"","format":"standard","meta":{"pmpro_default_level":"","ngg_post_thumbnail":0,"footnotes":""},"categories":[73],"tags":[737,494,759],"class_list":["post-3529","post","type-post","status-publish","format-standard","hentry","category-schauder-silke","tag-mythes","tag-psychanalyse","tag-ra007-15","pmpro-has-access"],"_links":{"self":[{"href":"https:\/\/bibliotheque-sfpe-at.com\/index.php\/wp-json\/wp\/v2\/posts\/3529","targetHints":{"allow":["GET"]}}],"collection":[{"href":"https:\/\/bibliotheque-sfpe-at.com\/index.php\/wp-json\/wp\/v2\/posts"}],"about":[{"href":"https:\/\/bibliotheque-sfpe-at.com\/index.php\/wp-json\/wp\/v2\/types\/post"}],"author":[{"embeddable":true,"href":"https:\/\/bibliotheque-sfpe-at.com\/index.php\/wp-json\/wp\/v2\/users\/2"}],"replies":[{"embeddable":true,"href":"https:\/\/bibliotheque-sfpe-at.com\/index.php\/wp-json\/wp\/v2\/comments?post=3529"}],"version-history":[{"count":2,"href":"https:\/\/bibliotheque-sfpe-at.com\/index.php\/wp-json\/wp\/v2\/posts\/3529\/revisions"}],"predecessor-version":[{"id":4476,"href":"https:\/\/bibliotheque-sfpe-at.com\/index.php\/wp-json\/wp\/v2\/posts\/3529\/revisions\/4476"}],"wp:attachment":[{"href":"https:\/\/bibliotheque-sfpe-at.com\/index.php\/wp-json\/wp\/v2\/media?parent=3529"}],"wp:term":[{"taxonomy":"category","embeddable":true,"href":"https:\/\/bibliotheque-sfpe-at.com\/index.php\/wp-json\/wp\/v2\/categories?post=3529"},{"taxonomy":"post_tag","embeddable":true,"href":"https:\/\/bibliotheque-sfpe-at.com\/index.php\/wp-json\/wp\/v2\/tags?post=3529"}],"curies":[{"name":"wp","href":"https:\/\/api.w.org\/{rel}","templated":true}]}}