{"id":3531,"date":"2025-01-21T21:10:54","date_gmt":"2025-01-21T20:10:54","guid":{"rendered":"https:\/\/sfpe-at.com\/?p=3531"},"modified":"2025-03-22T12:03:32","modified_gmt":"2025-03-22T11:03:32","slug":"la-construction-dun-mythe-alimente-par-la-haine","status":"publish","type":"post","link":"https:\/\/bibliotheque-sfpe-at.com\/index.php\/2025\/01\/21\/la-construction-dun-mythe-alimente-par-la-haine\/","title":{"rendered":"La construction d\u2019un mythe aliment\u00e9 par la haine"},"content":{"rendered":"\n<p><\/p>\n\n\n\n<div class=\"wp-block-columns is-layout-flex wp-container-core-columns-is-layout-28f84493 wp-block-columns-is-layout-flex\">\n<div class=\"wp-block-column is-layout-flow wp-block-column-is-layout-flow\" style=\"flex-basis:66.66%\">\n<p>Depuis plusieurs mill\u00e9naires, l&rsquo;antis\u00e9mitisme persiste avec force dans des syst\u00e8mes sociaux tr\u00e8s diff\u00e9rents (esclavagiste, f\u00e9odal, r\u00e9volutionnaire, d\u00e9mocratique, totalitaire), dans des cultures religieuses, ath\u00e9es ou la\u00efques, dans des milieux socioculturels ais\u00e9s ou modestes ainsi que dans des groupes sociaux puissants ou exploit\u00e9s. Une telle \u00ab r\u00e9ussite\u00bb ne peut s&rsquo;expliquer sans prendre en compte le mythe qui, par des repr\u00e9sentations, des constructions fantasmatiques et des forces irrationnelles tr\u00e8s puissantes, peut combler certains besoins profonds.<br>Parmi ceux-ci, la construction identitaire qui repose souvent sur des oppositions syst\u00e9matiques o\u00f9 les mythes fond\u00e9s sur la personne du Juif jouent le r\u00f4le de repoussoir, en caricaturant ses aspects religieux, \u00e9thiques, \u00e9conomiques, politiques, physiques ou sexuels.<br>Un autre besoin, qui consiste en la recherche des causes du malheur du monde, repose sur des mythes devenus populaires, d&rsquo;une image du Juif conspirationniste qui b\u00e2tit sa r\u00e9ussite et sa fortune sur l&rsquo;esclavage, la guerre ainsi que la domination masqu\u00e9e des pouvoirs : politique, \u00e9conomique, m\u00e9diatique et culturel.<br>Ces mythes, par leur puissance d\u00e9vastatrice, posent au chercheur des d\u00e9fis d&rsquo;ordre psychologique, mais aussi \u00e9ducatif, \u00e9pist\u00e9mologique, rh\u00e9torique, politique et sociologique. Notre contribution portera sur l&rsquo;analyse de ces mythes conspirationnistes dans les r\u00e9seaux sociaux notamment (par exemple le mythe des \u00ab Protocoles des Sages de Sion \u00bb) et surtout parmi les jeunes, adolescents et jeunes adultes. En articulant l\u2019analyse de discours et la clinique de l&rsquo;adolescent, nous montrerons comment les sujets s&rsquo;inventent un mythe de ce type pour annuler leur propre histoire et s\u2019inscrire dans un collectif tout-puissant qui assure le sujet d&rsquo;exister par un \u00ab Nom du pire \u00bb : la haine du Juif.<\/p>\n\n\n\n<p class=\"has-text-color has-link-color wp-elements-0c5dd61414d2cb4c88e3596780dedeb0\" style=\"color:#2753a5\"><strong><em>Pour lire le texte complet <a href=\"\/index.php\/options-dinscription\/\"><mark style=\"background-color:rgba(0, 0, 0, 0)\" class=\"has-inline-color has-vivid-cyan-blue-color\">s&rsquo;inscrire<\/mark><\/a> ou <a href=\"\/index.php\/my-account\/edit-account\/\"><mark style=\"background-color:rgba(0, 0, 0, 0)\" class=\"has-inline-color has-vivid-cyan-blue-color\">se connecter<\/mark><\/a><\/em><\/strong><\/p>\n\n\n\n\n\n<div style=\"height:100px\" aria-hidden=\"true\" class=\"wp-block-spacer\"><\/div>\n\n\n\n<div class=\"wp-block-buttons is-content-justification-center is-layout-flex wp-container-core-buttons-is-layout-a89b3969 wp-block-buttons-is-layout-flex\">\n<div class=\"wp-block-button has-custom-font-size has-small-font-size\"><a class=\"wp-block-button__link has-vivid-red-background-color has-background wp-element-button\" href=\"\/index.php\/2025\/01\/21\/mythes\/\">&lt;&#8211; retour<\/a><\/div>\n<\/div>\n<\/div>\n\n\n\n<div class=\"wp-block-column is-layout-flow wp-block-column-is-layout-flow\" style=\"flex-basis:33.33%\">\n<figure class=\"wp-block-table\"><table class=\"has-background\" style=\"background-color:#f8f2f2\"><thead><tr><th><mark class=\"has-inline-color has-vivid-red-color\" style=\"background-color: rgba(0, 0, 0, 0);\"><strong>Auteur<\/strong><\/mark><\/th><\/tr><\/thead><tbody><tr><td><strong><strong><strong>Michel Goldberg<br>C\u00e9line Masson<\/strong><\/strong><\/strong><\/td><\/tr><\/tbody><\/table><\/figure>\n\n\n\n<figure class=\"wp-block-table\"><table><thead><tr><th><mark class=\"has-inline-color has-vivid-red-color\" style=\"background-color: rgba(0, 0, 0, 0);\"><strong>R\u00e9f\u00e9rence<\/strong><\/mark><\/th><\/tr><\/thead><tbody><tr><td><strong>RA007-16<\/strong><br><strong>Mythes<\/strong><br>Journ\u00e9es d&rsquo;Hiver 2016<\/td><\/tr><\/tbody><\/table><\/figure>\n\n\n\n<figure class=\"wp-block-table\"><table><thead><tr><th><mark class=\"has-inline-color has-vivid-red-color\" style=\"background-color: rgba(0, 0, 0, 0);\"><strong>Cat\u00e9gories<\/strong><\/mark><\/th><\/tr><\/thead><tbody><tr><td>Th\u00e9\u00e2tre<br>Litt\u00e9rature<\/td><\/tr><\/tbody><\/table><\/figure>\n<\/div>\n<\/div>\n","protected":false},"excerpt":{"rendered":"<p>Depuis plusieurs mill\u00e9naires, l&rsquo;antis\u00e9mitisme persiste avec force dans des syst\u00e8mes sociaux tr\u00e8s diff\u00e9rents (esclavagiste, f\u00e9odal, r\u00e9volutionnaire, d\u00e9mocratique, totalitaire), dans des cultures religieuses, ath\u00e9es ou la\u00efques, dans des milieux socioculturels ais\u00e9s ou modestes ainsi que dans des groupes sociaux puissants ou exploit\u00e9s. Une telle \u00ab r\u00e9ussite\u00bb ne peut s&rsquo;expliquer sans prendre&hellip;<\/p>\n","protected":false},"author":2,"featured_media":0,"comment_status":"closed","ping_status":"open","sticky":false,"template":"","format":"standard","meta":{"pmpro_default_level":"","ngg_post_thumbnail":0,"footnotes":""},"categories":[739,740],"tags":[509,737,760,504],"class_list":["post-3531","post","type-post","status-publish","format-standard","hentry","category-goldberg-michel","category-masson-celine","tag-litterature","tag-mythes","tag-ra007-16","tag-theatre","pmpro-has-access"],"_links":{"self":[{"href":"https:\/\/bibliotheque-sfpe-at.com\/index.php\/wp-json\/wp\/v2\/posts\/3531","targetHints":{"allow":["GET"]}}],"collection":[{"href":"https:\/\/bibliotheque-sfpe-at.com\/index.php\/wp-json\/wp\/v2\/posts"}],"about":[{"href":"https:\/\/bibliotheque-sfpe-at.com\/index.php\/wp-json\/wp\/v2\/types\/post"}],"author":[{"embeddable":true,"href":"https:\/\/bibliotheque-sfpe-at.com\/index.php\/wp-json\/wp\/v2\/users\/2"}],"replies":[{"embeddable":true,"href":"https:\/\/bibliotheque-sfpe-at.com\/index.php\/wp-json\/wp\/v2\/comments?post=3531"}],"version-history":[{"count":2,"href":"https:\/\/bibliotheque-sfpe-at.com\/index.php\/wp-json\/wp\/v2\/posts\/3531\/revisions"}],"predecessor-version":[{"id":4477,"href":"https:\/\/bibliotheque-sfpe-at.com\/index.php\/wp-json\/wp\/v2\/posts\/3531\/revisions\/4477"}],"wp:attachment":[{"href":"https:\/\/bibliotheque-sfpe-at.com\/index.php\/wp-json\/wp\/v2\/media?parent=3531"}],"wp:term":[{"taxonomy":"category","embeddable":true,"href":"https:\/\/bibliotheque-sfpe-at.com\/index.php\/wp-json\/wp\/v2\/categories?post=3531"},{"taxonomy":"post_tag","embeddable":true,"href":"https:\/\/bibliotheque-sfpe-at.com\/index.php\/wp-json\/wp\/v2\/tags?post=3531"}],"curies":[{"name":"wp","href":"https:\/\/api.w.org\/{rel}","templated":true}]}}