{"id":3537,"date":"2025-01-21T21:17:48","date_gmt":"2025-01-21T20:17:48","guid":{"rendered":"https:\/\/sfpe-at.com\/?p=3537"},"modified":"2025-03-22T12:05:09","modified_gmt":"2025-03-22T11:05:09","slug":"orphee-et-la-voie-interieure-de-lincontournable-transgression-de-lartiste-face-a-sa-liberte","status":"publish","type":"post","link":"https:\/\/bibliotheque-sfpe-at.com\/index.php\/2025\/01\/21\/orphee-et-la-voie-interieure-de-lincontournable-transgression-de-lartiste-face-a-sa-liberte\/","title":{"rendered":"Orph\u00e9e et la Voie-int\u00e9rieure, de l\u2019incontournable transgression de l\u2019artiste face \u00e0 sa libert\u00e9"},"content":{"rendered":"\n<p><\/p>\n\n\n\n<div class=\"wp-block-columns is-layout-flex wp-container-core-columns-is-layout-28f84493 wp-block-columns-is-layout-flex\">\n<div class=\"wp-block-column is-layout-flow wp-block-column-is-layout-flow\" style=\"flex-basis:66.66%\">\n<p>Le mythe n&rsquo;est pas r\u00e9alit\u00e9 mais son image fondatrice nous incite \u00e0 une d\u00e9marche personnelle tendant \u00e0 lib\u00e9rer la ligne-force inconnue de nous-m\u00eame.<br>Une proth\u00e8se du fantastique en qu\u00eate de la m\u00e9tamorphose du Je en Soi, un espace psychologique o\u00f9 l&rsquo;art serait le truchement par lequel, ici, la voix donnerait le chemin int\u00e9rieur \u00e0 l&rsquo;\u00eatre pour atteindre la vision d\u2019une r\u00e9alit\u00e9 autre cach\u00e9e \u00e0 la raison.<br>Le mythe se positionne alors comme \u00ab un passeur \u00bb entre l\u2019id\u00e9al et la r\u00e9alit\u00e9 o\u00f9 l&rsquo;art, son instrument privil\u00e9gi\u00e9, autorise les aspirations profondes \u00e0 s\u2019\u00e9lever jusqu&rsquo;\u00e0 la conscience pour les reconna\u00eetre et jusqu&rsquo;\u00e0 la gorge pour les dire, f\u00fbt-ce au d\u00e9triment de l&rsquo;Autre, quelque objet d&rsquo;amour soit-il.<br>Ici, la lecture du mythe exige un discernement aigu de l\u2019\u00eatre \u00e0 la pointe de l&rsquo;\u00e2me et se pose en postulat du sublime au secours de l&rsquo;irr\u00e9parable pour, a contrario, nous conduire \u00e0 notre seule raison d&rsquo;\u00eatre, inavouable peut-\u00eatre, inconnue souvent, notre amour de la libert\u00e9 !<br>Ainsi, dans la confrontation avec la r\u00e9alit\u00e9, le mythe fondateur de personnages \u00ab mod\u00e8les \u00bb, fascinants par excellence, ne serait-il pas en fait \u00ab un d\u00e9tecteur de mensonge du Soi \u00bb et par l\u00e0 m\u00eame aussi \u00ab un outil \u00bb fondateur de notre r\u00e9alit\u00e9, dans notre juste mesure, \u00e0 notre juste place ? Un \u00ab ajusteur \u00bb du Soi, en quelque sorte, sinon un symbole lib\u00e9rateur de l&rsquo;artiste !<\/p>\n\n\n\n<p class=\"has-text-color has-link-color wp-elements-0c5dd61414d2cb4c88e3596780dedeb0\" style=\"color:#2753a5\"><strong><em>Pour lire le texte complet <a href=\"\/index.php\/options-dinscription\/\"><mark style=\"background-color:rgba(0, 0, 0, 0)\" class=\"has-inline-color has-vivid-cyan-blue-color\">s&rsquo;inscrire<\/mark><\/a> ou <a href=\"\/index.php\/my-account\/edit-account\/\"><mark style=\"background-color:rgba(0, 0, 0, 0)\" class=\"has-inline-color has-vivid-cyan-blue-color\">se connecter<\/mark><\/a><\/em><\/strong><\/p>\n\n\n\n\n\n<div style=\"height:100px\" aria-hidden=\"true\" class=\"wp-block-spacer\"><\/div>\n\n\n\n<div class=\"wp-block-buttons is-content-justification-center is-layout-flex wp-container-core-buttons-is-layout-a89b3969 wp-block-buttons-is-layout-flex\">\n<div class=\"wp-block-button has-custom-font-size has-small-font-size\"><a class=\"wp-block-button__link has-vivid-red-background-color has-background wp-element-button\" href=\"\/index.php\/2025\/01\/21\/mythes\/\">&lt;&#8211; retour<\/a><\/div>\n<\/div>\n<\/div>\n\n\n\n<div class=\"wp-block-column is-layout-flow wp-block-column-is-layout-flow\" style=\"flex-basis:33.33%\">\n<figure class=\"wp-block-table\"><table class=\"has-background\" style=\"background-color:#f8f2f2\"><thead><tr><th><mark class=\"has-inline-color has-vivid-red-color\" style=\"background-color: rgba(0, 0, 0, 0);\"><strong>Auteur<\/strong><\/mark><\/th><\/tr><\/thead><tbody><tr><td><strong><strong><strong>Mich\u00e8le Laz\u00e8s-Dekramer<\/strong><\/strong><\/strong><\/td><\/tr><\/tbody><\/table><\/figure>\n\n\n\n<figure class=\"wp-block-table\"><table><thead><tr><th><mark class=\"has-inline-color has-vivid-red-color\" style=\"background-color: rgba(0, 0, 0, 0);\"><strong>R\u00e9f\u00e9rence<\/strong><\/mark><\/th><\/tr><\/thead><tbody><tr><td><strong>RA007-19<\/strong><br><strong>Mythes<\/strong><br>Journ\u00e9es d&rsquo;Hiver 2016<\/td><\/tr><\/tbody><\/table><\/figure>\n\n\n\n<figure class=\"wp-block-table\"><table><thead><tr><th><mark class=\"has-inline-color has-vivid-red-color\" style=\"background-color: rgba(0, 0, 0, 0);\"><strong>Cat\u00e9gories<\/strong><\/mark><\/th><\/tr><\/thead><tbody><tr><td>Litt\u00e9rature<br>Art-th\u00e9rapie<\/td><\/tr><\/tbody><\/table><\/figure>\n<\/div>\n<\/div>\n","protected":false},"excerpt":{"rendered":"<p>Le mythe n&rsquo;est pas r\u00e9alit\u00e9 mais son image fondatrice nous incite \u00e0 une d\u00e9marche personnelle tendant \u00e0 lib\u00e9rer la ligne-force inconnue de nous-m\u00eame.Une proth\u00e8se du fantastique en qu\u00eate de la m\u00e9tamorphose du Je en Soi, un espace psychologique o\u00f9 l&rsquo;art serait le truchement par lequel, ici, la voix donnerait le&hellip;<\/p>\n","protected":false},"author":2,"featured_media":0,"comment_status":"closed","ping_status":"open","sticky":false,"template":"","format":"standard","meta":{"pmpro_default_level":"","ngg_post_thumbnail":0,"footnotes":""},"categories":[170],"tags":[492,509,737,763],"class_list":["post-3537","post","type-post","status-publish","format-standard","hentry","category-lazes-dekramer-michele","tag-art-therapie","tag-litterature","tag-mythes","tag-ra007-19","pmpro-has-access"],"_links":{"self":[{"href":"https:\/\/bibliotheque-sfpe-at.com\/index.php\/wp-json\/wp\/v2\/posts\/3537","targetHints":{"allow":["GET"]}}],"collection":[{"href":"https:\/\/bibliotheque-sfpe-at.com\/index.php\/wp-json\/wp\/v2\/posts"}],"about":[{"href":"https:\/\/bibliotheque-sfpe-at.com\/index.php\/wp-json\/wp\/v2\/types\/post"}],"author":[{"embeddable":true,"href":"https:\/\/bibliotheque-sfpe-at.com\/index.php\/wp-json\/wp\/v2\/users\/2"}],"replies":[{"embeddable":true,"href":"https:\/\/bibliotheque-sfpe-at.com\/index.php\/wp-json\/wp\/v2\/comments?post=3537"}],"version-history":[{"count":2,"href":"https:\/\/bibliotheque-sfpe-at.com\/index.php\/wp-json\/wp\/v2\/posts\/3537\/revisions"}],"predecessor-version":[{"id":4480,"href":"https:\/\/bibliotheque-sfpe-at.com\/index.php\/wp-json\/wp\/v2\/posts\/3537\/revisions\/4480"}],"wp:attachment":[{"href":"https:\/\/bibliotheque-sfpe-at.com\/index.php\/wp-json\/wp\/v2\/media?parent=3537"}],"wp:term":[{"taxonomy":"category","embeddable":true,"href":"https:\/\/bibliotheque-sfpe-at.com\/index.php\/wp-json\/wp\/v2\/categories?post=3537"},{"taxonomy":"post_tag","embeddable":true,"href":"https:\/\/bibliotheque-sfpe-at.com\/index.php\/wp-json\/wp\/v2\/tags?post=3537"}],"curies":[{"name":"wp","href":"https:\/\/api.w.org\/{rel}","templated":true}]}}