{"id":3539,"date":"2025-01-21T21:20:28","date_gmt":"2025-01-21T20:20:28","guid":{"rendered":"https:\/\/sfpe-at.com\/?p=3539"},"modified":"2025-03-22T12:05:56","modified_gmt":"2025-03-22T11:05:56","slug":"orphee-les-yeux-dans-les-yeux-regards-croises-de-clermont-de-loise-a-livry-gargan-ecriture-et-image","status":"publish","type":"post","link":"https:\/\/bibliotheque-sfpe-at.com\/index.php\/2025\/01\/21\/orphee-les-yeux-dans-les-yeux-regards-croises-de-clermont-de-loise-a-livry-gargan-ecriture-et-image\/","title":{"rendered":"\u00ab\u00a0Orph\u00e9e les yeux dans les yeux, regards crois\u00e9s de Clermont-de-l\u2019Oise \u00e0 Livry-Gargan\u00a0\u00bb \u00c9criture et image"},"content":{"rendered":"\n<p><\/p>\n\n\n\n<div class=\"wp-block-columns is-layout-flex wp-container-core-columns-is-layout-28f84493 wp-block-columns-is-layout-flex\">\n<div class=\"wp-block-column is-layout-flow wp-block-column-is-layout-flow\" style=\"flex-basis:66.66%\">\n<p>Je souhaiterais pr\u00e9senter un travail men\u00e9 en ateliers d&rsquo;\u00e9criture et de photographie, qui utilise la m\u00e9diation du mythe d\u2019Orph\u00e9e.<br>L\u2019exp\u00e9rience a \u00e9t\u00e9 r\u00e9alis\u00e9e en partenariat avec le coll\u00e8ge \u00c9douard Herriot de Livry-Gargan (une classe de 4e de fran\u00e7ais\/photographie\/vid\u00e9o) et l&rsquo;Art et Th\u00e9rapie &#8211; CHI de Clermont (les stagiaires de mon atelier d\u2019\u00e9criture). Au coll\u00e8ge, mes partenaires furent Nadia El Ghozi, professeur de fran\u00e7ais, de photographie, de vid\u00e9o et \u00c9lodie Gosme, professeur de musique.<br>Il s\u2019agissait, pour les deux parties, de produire des textes po\u00e9tiques, des photographies et de r\u00e9aliser un film sur une th\u00e9matique commune.<br>Pour confronter les probl\u00e9matiques de coll\u00e9giens d&rsquo;une banlieue sensible et d&rsquo;adultes en difficult\u00e9 psychique s&rsquo;est impos\u00e9 le choix du mythe d&rsquo;Orph\u00e9e. Une histoire d&rsquo;amour et de mort, de deuil impossible et de perte. Un voyage aux Enfers.<br>Tout est d\u00e9j\u00e0 l\u00e0. Les contes avec des h\u00e9ros en chemin pour un grand voyage, celui vers la mort et la n\u00e9cessaire initiation qu&rsquo;il suppose. Dante et le face-\u00e0-face avec la peur et l&rsquo;inconnu. Rom\u00e9o et Juliette, tout le monde conna\u00eet.<br>Orph\u00e9e donc, \u00e0 cause de ses r\u00e9sonances famili\u00e8res. Orph\u00e9e comme \u00e9cran de projection o\u00f9 s\u2019\u00e9laborent des identifications, o\u00f9 r\u00e9sonnent les situations personnelles dans la lointaine l\u00e9gende. Le tr\u00e8s loin devient tout d&rsquo;un coup tr\u00e8s proche, identification oblige.<br>Magie d&rsquo;un imaginaire lib\u00e9r\u00e9, d&rsquo;une parole qu&rsquo;on s&rsquo;approprie gr\u00e2ce au d\u00e9tour par le mythe. Adolescent contraint par tant de limites et d&rsquo;obstacles, adulte enferm\u00e9 dans la souffrance, je suis Orph\u00e9e, je deviens Orph\u00e9e et par mon chant, un talent qui n&rsquo;appartient qu&rsquo;\u00e0 moi, j&rsquo;obtiens la permission de braver l&rsquo;interdit, d&rsquo;apprivoiser peurs, angoisses et autres d\u00e9mons, de passer de l&rsquo;autre c\u00f4t\u00e9 et d&rsquo;inventer une issue.<\/p>\n\n\n\n<p class=\"has-text-color has-link-color wp-elements-0c5dd61414d2cb4c88e3596780dedeb0\" style=\"color:#2753a5\"><strong><em>Pour lire le texte complet <a href=\"\/index.php\/options-dinscription\/\"><mark style=\"background-color:rgba(0, 0, 0, 0)\" class=\"has-inline-color has-vivid-cyan-blue-color\">s&rsquo;inscrire<\/mark><\/a> ou <a href=\"\/index.php\/my-account\/edit-account\/\"><mark style=\"background-color:rgba(0, 0, 0, 0)\" class=\"has-inline-color has-vivid-cyan-blue-color\">se connecter<\/mark><\/a><\/em><\/strong><\/p>\n\n\n\n\n\n<div style=\"height:100px\" aria-hidden=\"true\" class=\"wp-block-spacer\"><\/div>\n\n\n\n<div class=\"wp-block-buttons is-content-justification-center is-layout-flex wp-container-core-buttons-is-layout-a89b3969 wp-block-buttons-is-layout-flex\">\n<div class=\"wp-block-button has-custom-font-size has-small-font-size\"><a class=\"wp-block-button__link has-vivid-red-background-color has-background wp-element-button\" href=\"\/index.php\/2025\/01\/21\/mythes\/\">&lt;&#8211; retour<\/a><\/div>\n<\/div>\n<\/div>\n\n\n\n<div class=\"wp-block-column is-layout-flow wp-block-column-is-layout-flow\" style=\"flex-basis:33.33%\">\n<figure class=\"wp-block-table\"><table class=\"has-background\" style=\"background-color:#f8f2f2\"><thead><tr><th><mark class=\"has-inline-color has-vivid-red-color\" style=\"background-color: rgba(0, 0, 0, 0);\"><strong>Auteur<\/strong><\/mark><\/th><\/tr><\/thead><tbody><tr><td><strong><strong><strong>Marie Sicard<\/strong><\/strong><\/strong><\/td><\/tr><\/tbody><\/table><\/figure>\n\n\n\n<figure class=\"wp-block-table\"><table><thead><tr><th><mark class=\"has-inline-color has-vivid-red-color\" style=\"background-color: rgba(0, 0, 0, 0);\"><strong>R\u00e9f\u00e9rence<\/strong><\/mark><\/th><\/tr><\/thead><tbody><tr><td><strong>RA007-20<\/strong><br><strong>Mythes<\/strong><br>Journ\u00e9es d&rsquo;Hiver 2016<\/td><\/tr><\/tbody><\/table><\/figure>\n\n\n\n<figure class=\"wp-block-table\"><table><thead><tr><th><mark class=\"has-inline-color has-vivid-red-color\" style=\"background-color: rgba(0, 0, 0, 0);\"><strong>Cat\u00e9gories<\/strong><\/mark><\/th><\/tr><\/thead><tbody><tr><td>\u00c9criture<br>Art-th\u00e9rapie<\/td><\/tr><\/tbody><\/table><\/figure>\n<\/div>\n<\/div>\n","protected":false},"excerpt":{"rendered":"<p>Je souhaiterais pr\u00e9senter un travail men\u00e9 en ateliers d&rsquo;\u00e9criture et de photographie, qui utilise la m\u00e9diation du mythe d\u2019Orph\u00e9e.L\u2019exp\u00e9rience a \u00e9t\u00e9 r\u00e9alis\u00e9e en partenariat avec le coll\u00e8ge \u00c9douard Herriot de Livry-Gargan (une classe de 4e de fran\u00e7ais\/photographie\/vid\u00e9o) et l&rsquo;Art et Th\u00e9rapie &#8211; CHI de Clermont (les stagiaires de mon atelier&hellip;<\/p>\n","protected":false},"author":2,"featured_media":0,"comment_status":"closed","ping_status":"open","sticky":false,"template":"","format":"standard","meta":{"pmpro_default_level":"","ngg_post_thumbnail":0,"footnotes":""},"categories":[260],"tags":[492,497,737,764],"class_list":["post-3539","post","type-post","status-publish","format-standard","hentry","category-sicard-marie","tag-art-therapie","tag-ecriture","tag-mythes","tag-ra007-20","pmpro-has-access"],"_links":{"self":[{"href":"https:\/\/bibliotheque-sfpe-at.com\/index.php\/wp-json\/wp\/v2\/posts\/3539","targetHints":{"allow":["GET"]}}],"collection":[{"href":"https:\/\/bibliotheque-sfpe-at.com\/index.php\/wp-json\/wp\/v2\/posts"}],"about":[{"href":"https:\/\/bibliotheque-sfpe-at.com\/index.php\/wp-json\/wp\/v2\/types\/post"}],"author":[{"embeddable":true,"href":"https:\/\/bibliotheque-sfpe-at.com\/index.php\/wp-json\/wp\/v2\/users\/2"}],"replies":[{"embeddable":true,"href":"https:\/\/bibliotheque-sfpe-at.com\/index.php\/wp-json\/wp\/v2\/comments?post=3539"}],"version-history":[{"count":2,"href":"https:\/\/bibliotheque-sfpe-at.com\/index.php\/wp-json\/wp\/v2\/posts\/3539\/revisions"}],"predecessor-version":[{"id":4481,"href":"https:\/\/bibliotheque-sfpe-at.com\/index.php\/wp-json\/wp\/v2\/posts\/3539\/revisions\/4481"}],"wp:attachment":[{"href":"https:\/\/bibliotheque-sfpe-at.com\/index.php\/wp-json\/wp\/v2\/media?parent=3539"}],"wp:term":[{"taxonomy":"category","embeddable":true,"href":"https:\/\/bibliotheque-sfpe-at.com\/index.php\/wp-json\/wp\/v2\/categories?post=3539"},{"taxonomy":"post_tag","embeddable":true,"href":"https:\/\/bibliotheque-sfpe-at.com\/index.php\/wp-json\/wp\/v2\/tags?post=3539"}],"curies":[{"name":"wp","href":"https:\/\/api.w.org\/{rel}","templated":true}]}}