{"id":3543,"date":"2025-01-21T21:27:21","date_gmt":"2025-01-21T20:27:21","guid":{"rendered":"https:\/\/sfpe-at.com\/?p=3543"},"modified":"2025-03-22T12:06:57","modified_gmt":"2025-03-22T11:06:57","slug":"quete-didentite-et-construction-de-mythes-personnels-a-ladolescence","status":"publish","type":"post","link":"https:\/\/bibliotheque-sfpe-at.com\/index.php\/2025\/01\/21\/quete-didentite-et-construction-de-mythes-personnels-a-ladolescence\/","title":{"rendered":"Qu\u00eate d\u2019identit\u00e9 et construction de mythes personnels \u00e0 l\u2019adolescence"},"content":{"rendered":"\n<p><\/p>\n\n\n\n<div class=\"wp-block-columns is-layout-flex wp-container-core-columns-is-layout-28f84493 wp-block-columns-is-layout-flex\">\n<div class=\"wp-block-column is-layout-flow wp-block-column-is-layout-flow\" style=\"flex-basis:66.66%\">\n<p>Au cours de la qu\u00eate d&rsquo;identit\u00e9 de l\u2019adolescence, la construction d&rsquo;une repr\u00e9sentation coh\u00e9rente de soi-m\u00eame et d\u2019autrui peut passer par la construction de mythes personnels. Ces mythes sont \u00e0 l\u2019origine des figures arch\u00e9typales apparaissant dans les histoires \u00e9crites par les jeunes.<br>Nous allons illustrer nos r\u00e9flexions th\u00e9oriques par des vignettes cliniques d&rsquo;adolescents pr\u00e9sentant une qu\u00eate d&rsquo;identit\u00e9 particuli\u00e8rement difficile.<br>Une \u00e9tude comparative montre l&rsquo;\u00e9volution des figures arch\u00e9typales entre l\u2019adolescence d\u00e9butante et l\u2019adolescence moyenne.<\/p>\n\n\n\n<p class=\"has-text-color has-link-color wp-elements-0c5dd61414d2cb4c88e3596780dedeb0\" style=\"color:#2753a5\"><strong><em>Pour lire le texte complet <a href=\"\/index.php\/options-dinscription\/\"><mark style=\"background-color:rgba(0, 0, 0, 0)\" class=\"has-inline-color has-vivid-cyan-blue-color\">s&rsquo;inscrire<\/mark><\/a> ou <a href=\"\/index.php\/my-account\/edit-account\/\"><mark style=\"background-color:rgba(0, 0, 0, 0)\" class=\"has-inline-color has-vivid-cyan-blue-color\">se connecter<\/mark><\/a><\/em><\/strong><\/p>\n\n\n\n\n\n<div style=\"height:100px\" aria-hidden=\"true\" class=\"wp-block-spacer\"><\/div>\n\n\n\n<div class=\"wp-block-buttons is-content-justification-center is-layout-flex wp-container-core-buttons-is-layout-a89b3969 wp-block-buttons-is-layout-flex\">\n<div class=\"wp-block-button has-custom-font-size has-small-font-size\"><a class=\"wp-block-button__link has-vivid-red-background-color has-background wp-element-button\" href=\"\/index.php\/2025\/01\/21\/mythes\/\">&lt;&#8211; retour<\/a><\/div>\n<\/div>\n<\/div>\n\n\n\n<div class=\"wp-block-column is-layout-flow wp-block-column-is-layout-flow\" style=\"flex-basis:33.33%\">\n<figure class=\"wp-block-table\"><table class=\"has-background\" style=\"background-color:#f8f2f2\"><thead><tr><th><mark class=\"has-inline-color has-vivid-red-color\" style=\"background-color: rgba(0, 0, 0, 0);\"><strong>Auteur<\/strong><\/mark><\/th><\/tr><\/thead><tbody><tr><td><strong><strong><strong>Lony Schiltz<\/strong><\/strong><\/strong><\/td><\/tr><\/tbody><\/table><\/figure>\n\n\n\n<figure class=\"wp-block-table\"><table><thead><tr><th><mark class=\"has-inline-color has-vivid-red-color\" style=\"background-color: rgba(0, 0, 0, 0);\"><strong>R\u00e9f\u00e9rence<\/strong><\/mark><\/th><\/tr><\/thead><tbody><tr><td><strong>RA007-23<\/strong><br><strong>Mythes<\/strong><br>Journ\u00e9es d&rsquo;Hiver 2016<\/td><\/tr><\/tbody><\/table><\/figure>\n\n\n\n<figure class=\"wp-block-table\"><table><thead><tr><th><mark class=\"has-inline-color has-vivid-red-color\" style=\"background-color: rgba(0, 0, 0, 0);\"><strong>Cat\u00e9gories<\/strong><\/mark><\/th><\/tr><\/thead><tbody><tr><td>Musicoth\u00e9rapie<\/td><\/tr><\/tbody><\/table><\/figure>\n<\/div>\n<\/div>\n","protected":false},"excerpt":{"rendered":"<p>Au cours de la qu\u00eate d&rsquo;identit\u00e9 de l\u2019adolescence, la construction d&rsquo;une repr\u00e9sentation coh\u00e9rente de soi-m\u00eame et d\u2019autrui peut passer par la construction de mythes personnels. Ces mythes sont \u00e0 l\u2019origine des figures arch\u00e9typales apparaissant dans les histoires \u00e9crites par les jeunes.Nous allons illustrer nos r\u00e9flexions th\u00e9oriques par des vignettes cliniques&hellip;<\/p>\n","protected":false},"author":2,"featured_media":0,"comment_status":"closed","ping_status":"open","sticky":false,"template":"","format":"standard","meta":{"pmpro_default_level":"","ngg_post_thumbnail":0,"footnotes":""},"categories":[98],"tags":[673,737,767],"class_list":["post-3543","post","type-post","status-publish","format-standard","hentry","category-schiltz-lony","tag-musicotherapie","tag-mythes","tag-ra007-23","pmpro-has-access"],"_links":{"self":[{"href":"https:\/\/bibliotheque-sfpe-at.com\/index.php\/wp-json\/wp\/v2\/posts\/3543","targetHints":{"allow":["GET"]}}],"collection":[{"href":"https:\/\/bibliotheque-sfpe-at.com\/index.php\/wp-json\/wp\/v2\/posts"}],"about":[{"href":"https:\/\/bibliotheque-sfpe-at.com\/index.php\/wp-json\/wp\/v2\/types\/post"}],"author":[{"embeddable":true,"href":"https:\/\/bibliotheque-sfpe-at.com\/index.php\/wp-json\/wp\/v2\/users\/2"}],"replies":[{"embeddable":true,"href":"https:\/\/bibliotheque-sfpe-at.com\/index.php\/wp-json\/wp\/v2\/comments?post=3543"}],"version-history":[{"count":2,"href":"https:\/\/bibliotheque-sfpe-at.com\/index.php\/wp-json\/wp\/v2\/posts\/3543\/revisions"}],"predecessor-version":[{"id":4483,"href":"https:\/\/bibliotheque-sfpe-at.com\/index.php\/wp-json\/wp\/v2\/posts\/3543\/revisions\/4483"}],"wp:attachment":[{"href":"https:\/\/bibliotheque-sfpe-at.com\/index.php\/wp-json\/wp\/v2\/media?parent=3543"}],"wp:term":[{"taxonomy":"category","embeddable":true,"href":"https:\/\/bibliotheque-sfpe-at.com\/index.php\/wp-json\/wp\/v2\/categories?post=3543"},{"taxonomy":"post_tag","embeddable":true,"href":"https:\/\/bibliotheque-sfpe-at.com\/index.php\/wp-json\/wp\/v2\/tags?post=3543"}],"curies":[{"name":"wp","href":"https:\/\/api.w.org\/{rel}","templated":true}]}}