{"id":3545,"date":"2025-01-21T21:31:33","date_gmt":"2025-01-21T20:31:33","guid":{"rendered":"https:\/\/sfpe-at.com\/?p=3545"},"modified":"2025-03-22T12:07:35","modified_gmt":"2025-03-22T11:07:35","slug":"mythologie-et-art-therapie-une-experience-plastique-aupres-dun-public-dadultes-en-situation-de-precarite-sociale","status":"publish","type":"post","link":"https:\/\/bibliotheque-sfpe-at.com\/index.php\/2025\/01\/21\/mythologie-et-art-therapie-une-experience-plastique-aupres-dun-public-dadultes-en-situation-de-precarite-sociale\/","title":{"rendered":"Mythologie et art-th\u00e9rapie : une exp\u00e9rience plastique aupr\u00e8s d\u2019un public d\u2019adultes en situation de pr\u00e9carit\u00e9 sociale"},"content":{"rendered":"\n<p><\/p>\n\n\n\n<div class=\"wp-block-columns is-layout-flex wp-container-core-columns-is-layout-28f84493 wp-block-columns-is-layout-flex\">\n<div class=\"wp-block-column is-layout-flow wp-block-column-is-layout-flow\" style=\"flex-basis:66.66%\">\n<p>Au regard des r\u00e9cits mythologiques empreints d\u2019autant d&rsquo;id\u00e9als de beaut\u00e9, de justice, de d\u00e9passement et d\u2019aventure, il semble bien que les Grecs ont invent\u00e9 leurs dieux \u00e0 leur mesure, celle d\u2019\u00eatres parlants et d\u00e9sirants. En humanisant les dieux, ils s&rsquo;en lib\u00e8rent au profit d\u2019un apaisement de leurs peurs ancestrales et, de plus, d\u2019une familiarit\u00e9 leur permettant de se reconna\u00eetre \u00e0 travers eux.<br>D\u00e8s lors, il semble l\u00e9gitime de s&rsquo;appuyer sur la mythologie pour porter un regard sur le monde, questionner la complexit\u00e9 de la nature humaine, mieux se positionner en tant que sujet et aider \u00e0 penser le pr\u00e9sent. Aussi, extrapoler cette mati\u00e8re premi\u00e8re \u2014 ce savoir singulier par le travail de l&rsquo;imaginaire et de la mati\u00e8re plastique \u00e0 travers une d\u00e9marche de cr\u00e9ation personnelle \u2014 prend tout son sens. La mythologie peut alors devenir un support de travail dans une pratique art-th\u00e9rapeutique. Entrevoir le mythe comme lieu possible d\u2019identification donnera l&rsquo;occasion, par exemple, de se nourrir des qualit\u00e9s et des exploits des h\u00e9ros, comme des dieux, en se les appropriant, question de rassasier, un tant soit peu, un ego souvent fragilis\u00e9 par l\u2019exclusion sociale. S\u2019inscrire dans le r\u00e9cit mythologique signifie aussi s\u2019inscrire dans une lin\u00e9arit\u00e9 temporelle, une histoire. Il invite \u00e0 un questionnement sur les liens humains et l&rsquo;organisation sociale. Il invite aussi \u00e0 composer avec la trag\u00e9die humaine sous toutes ses formes, \u00e0 donner sens aux \u00e9v\u00e9nements que l&rsquo;on vit.<br>Pratiquement, nous nous proposons de retracer la gen\u00e8se et les modalit\u00e9s du projet \u00e9labor\u00e9 au sein du Service d&rsquo;accompagnement \u00e0 la vie sociale (SAVS) de la fondation Maison des champs (Paris 19e) dans le cadre des ateliers d&rsquo;expression plastique hebdomadaires.<br>Seront pr\u00e9sent\u00e9s : un aper\u00e7u visuel des productions d\u2019atelier et autres documents de r\u00e9f\u00e9rence, des extraits de commentaires, r\u00e9flexions et notes issues des cahiers de recherche, une r\u00e9flexion globale sur l\u2019int\u00e9r\u00eat de la th\u00e9matique en lien avec la m\u00e9diation et la sp\u00e9cificit\u00e9 du public, des \u00e9l\u00e9ments cliniques plus sp\u00e9cifiques observ\u00e9s au cours des s\u00e9ances et leur articulation dans le champ de l&rsquo;art-th\u00e9rapie.<\/p>\n\n\n\n<p class=\"has-text-color has-link-color wp-elements-0c5dd61414d2cb4c88e3596780dedeb0\" style=\"color:#2753a5\"><strong><em>Pour lire le texte complet <a href=\"\/index.php\/options-dinscription\/\"><mark style=\"background-color:rgba(0, 0, 0, 0)\" class=\"has-inline-color has-vivid-cyan-blue-color\">s&rsquo;inscrire<\/mark><\/a> ou <a href=\"\/index.php\/my-account\/edit-account\/\"><mark style=\"background-color:rgba(0, 0, 0, 0)\" class=\"has-inline-color has-vivid-cyan-blue-color\">se connecter<\/mark><\/a><\/em><\/strong><\/p>\n\n\n\n\n\n<div style=\"height:100px\" aria-hidden=\"true\" class=\"wp-block-spacer\"><\/div>\n\n\n\n<div class=\"wp-block-buttons is-content-justification-center is-layout-flex wp-container-core-buttons-is-layout-a89b3969 wp-block-buttons-is-layout-flex\">\n<div class=\"wp-block-button has-custom-font-size has-small-font-size\"><a class=\"wp-block-button__link has-vivid-red-background-color has-background wp-element-button\" href=\"\/index.php\/2025\/01\/21\/mythes\/\">&lt;&#8211; retour<\/a><\/div>\n<\/div>\n<\/div>\n\n\n\n<div class=\"wp-block-column is-layout-flow wp-block-column-is-layout-flow\" style=\"flex-basis:33.33%\">\n<figure class=\"wp-block-table\"><table class=\"has-background\" style=\"background-color:#f8f2f2\"><thead><tr><th><mark class=\"has-inline-color has-vivid-red-color\" style=\"background-color: rgba(0, 0, 0, 0);\"><strong>Auteur<\/strong><\/mark><\/th><\/tr><\/thead><tbody><tr><td><strong><strong><strong>Tanja Verlinden<\/strong><\/strong><\/strong><\/td><\/tr><\/tbody><\/table><\/figure>\n\n\n\n<figure class=\"wp-block-table\"><table><thead><tr><th><mark class=\"has-inline-color has-vivid-red-color\" style=\"background-color: rgba(0, 0, 0, 0);\"><strong>R\u00e9f\u00e9rence<\/strong><\/mark><\/th><\/tr><\/thead><tbody><tr><td><strong>RA007-24<\/strong><br><strong>Mythes<\/strong><br>Journ\u00e9es d&rsquo;Hiver 2016<\/td><\/tr><\/tbody><\/table><\/figure>\n\n\n\n<figure class=\"wp-block-table\"><table><thead><tr><th><mark class=\"has-inline-color has-vivid-red-color\" style=\"background-color: rgba(0, 0, 0, 0);\"><strong>Cat\u00e9gories<\/strong><\/mark><\/th><\/tr><\/thead><tbody><tr><td>Art-th\u00e9rapie<br>Arts plastiques<\/td><\/tr><\/tbody><\/table><\/figure>\n<\/div>\n<\/div>\n","protected":false},"excerpt":{"rendered":"<p>Au regard des r\u00e9cits mythologiques empreints d\u2019autant d&rsquo;id\u00e9als de beaut\u00e9, de justice, de d\u00e9passement et d\u2019aventure, il semble bien que les Grecs ont invent\u00e9 leurs dieux \u00e0 leur mesure, celle d\u2019\u00eatres parlants et d\u00e9sirants. En humanisant les dieux, ils s&rsquo;en lib\u00e8rent au profit d\u2019un apaisement de leurs peurs ancestrales et,&hellip;<\/p>\n","protected":false},"author":2,"featured_media":0,"comment_status":"closed","ping_status":"open","sticky":false,"template":"","format":"standard","meta":{"pmpro_default_level":"","ngg_post_thumbnail":0,"footnotes":""},"categories":[100],"tags":[492,503,737,768],"class_list":["post-3545","post","type-post","status-publish","format-standard","hentry","category-verlinden-tanja","tag-art-therapie","tag-arts-plastiques","tag-mythes","tag-ra007-24","pmpro-has-access"],"_links":{"self":[{"href":"https:\/\/bibliotheque-sfpe-at.com\/index.php\/wp-json\/wp\/v2\/posts\/3545","targetHints":{"allow":["GET"]}}],"collection":[{"href":"https:\/\/bibliotheque-sfpe-at.com\/index.php\/wp-json\/wp\/v2\/posts"}],"about":[{"href":"https:\/\/bibliotheque-sfpe-at.com\/index.php\/wp-json\/wp\/v2\/types\/post"}],"author":[{"embeddable":true,"href":"https:\/\/bibliotheque-sfpe-at.com\/index.php\/wp-json\/wp\/v2\/users\/2"}],"replies":[{"embeddable":true,"href":"https:\/\/bibliotheque-sfpe-at.com\/index.php\/wp-json\/wp\/v2\/comments?post=3545"}],"version-history":[{"count":2,"href":"https:\/\/bibliotheque-sfpe-at.com\/index.php\/wp-json\/wp\/v2\/posts\/3545\/revisions"}],"predecessor-version":[{"id":4484,"href":"https:\/\/bibliotheque-sfpe-at.com\/index.php\/wp-json\/wp\/v2\/posts\/3545\/revisions\/4484"}],"wp:attachment":[{"href":"https:\/\/bibliotheque-sfpe-at.com\/index.php\/wp-json\/wp\/v2\/media?parent=3545"}],"wp:term":[{"taxonomy":"category","embeddable":true,"href":"https:\/\/bibliotheque-sfpe-at.com\/index.php\/wp-json\/wp\/v2\/categories?post=3545"},{"taxonomy":"post_tag","embeddable":true,"href":"https:\/\/bibliotheque-sfpe-at.com\/index.php\/wp-json\/wp\/v2\/tags?post=3545"}],"curies":[{"name":"wp","href":"https:\/\/api.w.org\/{rel}","templated":true}]}}